{"id":25030,"date":"2025-03-18T12:11:46","date_gmt":"2025-03-18T11:11:46","guid":{"rendered":"https:\/\/agora.xtec.cat\/iesmallafre\/?p=25030"},"modified":"2025-03-19T12:55:25","modified_gmt":"2025-03-19T11:55:25","slug":"podcast-sobre-la-zona-e","status":"publish","type":"post","link":"https:\/\/agora.xtec.cat\/iesmallafre\/batxillerat\/podcast-sobre-la-zona-e\/","title":{"rendered":"P\u00f2dcast sobre la Zona E"},"content":{"rendered":"<p>Fa uns dies, a petici\u00f3 de Canal Blau, vam enregistrar un programa de p\u00f2dcast especial sobre la Zona E. En aquest espai, el director, professorat i alumnes de Batxillerat han participat explicant el projecte educatiu i compartint la seva experi\u00e8ncia.<\/p>\n<p>Podeu escoltar el podcast <a href=\"https:\/\/www.spreaker.com\/episode\/zona-e-mallafre--64952737\" target=\"_blank\" rel=\"noopener\">aqu\u00ed:<\/a><\/p>\n<!--[if lt IE 9]><script>document.createElement('audio');<\/script><![endif]-->\n<audio class=\"wp-audio-shortcode\" id=\"audio-25030-1\" preload=\"none\" style=\"width: 100%;\" controls=\"controls\"><source type=\"audio\/mpeg\" src=\"https:\/\/api.spreaker.com\/v2\/episodes\/64952737\/download.mp3?_=1\" \/><a href=\"https:\/\/api.spreaker.com\/v2\/episodes\/64952737\/download.mp3\">https:\/\/api.spreaker.com\/v2\/episodes\/64952737\/download.mp3<\/a><\/audio>\n","protected":false},"excerpt":{"rendered":"<p>Fa uns dies, a petici\u00f3 de Canal Blau, vam enregistrar un programa de p\u00f2dcast especial sobre la Zona E. En aquest espai, el director, professorat i alumnes de Batxillerat han participat explicant el projecte educatiu i compartint la seva experi\u00e8ncia.<br \/>\nPodeu escoltar el podcast <a href=\"https:\/\/www.spreaker.com\/episode\/zona-e-mallafre--64952737\"&hellip;  <a href=\"https:\/\/agora.xtec.cat\/iesmallafre\/batxillerat\/podcast-sobre-la-zona-e\/\" title=\"Read P\u00f2dcast sobre la Zona E\">Llegeix m\u00e9s\u00bb<\/a><\/p>\n","protected":false},"author":16,"featured_media":25031,"comment_status":"closed","ping_status":"closed","sticky":false,"template":"","format":"standard","meta":{"_bbp_topic_count":0,"_bbp_reply_count":0,"_bbp_total_topic_count":0,"_bbp_total_reply_count":0,"_bbp_voice_count":0,"_bbp_anonymous_reply_count":0,"_bbp_topic_count_hidden":0,"_bbp_reply_count_hidden":0,"_bbp_forum_subforum_count":0,"footnotes":""},"categories":[8,29],"tags":[],"class_list":["post-25030","post","type-post","status-publish","format-standard","has-post-thumbnail","hentry","category-batxillerat","category-portada"],"post_mailing_queue_ids":[],"_links":{"self":[{"href":"https:\/\/agora.xtec.cat\/iesmallafre\/wp-json\/wp\/v2\/posts\/25030","targetHints":{"allow":["GET"]}}],"collection":[{"href":"https:\/\/agora.xtec.cat\/iesmallafre\/wp-json\/wp\/v2\/posts"}],"about":[{"href":"https:\/\/agora.xtec.cat\/iesmallafre\/wp-json\/wp\/v2\/types\/post"}],"author":[{"embeddable":true,"href":"https:\/\/agora.xtec.cat\/iesmallafre\/wp-json\/wp\/v2\/users\/16"}],"replies":[{"embeddable":true,"href":"https:\/\/agora.xtec.cat\/iesmallafre\/wp-json\/wp\/v2\/comments?post=25030"}],"version-history":[{"count":6,"href":"https:\/\/agora.xtec.cat\/iesmallafre\/wp-json\/wp\/v2\/posts\/25030\/revisions"}],"predecessor-version":[{"id":25043,"href":"https:\/\/agora.xtec.cat\/iesmallafre\/wp-json\/wp\/v2\/posts\/25030\/revisions\/25043"}],"wp:featuredmedia":[{"embeddable":true,"href":"https:\/\/agora.xtec.cat\/iesmallafre\/wp-json\/wp\/v2\/media\/25031"}],"wp:attachment":[{"href":"https:\/\/agora.xtec.cat\/iesmallafre\/wp-json\/wp\/v2\/media?parent=25030"}],"wp:term":[{"taxonomy":"category","embeddable":true,"href":"https:\/\/agora.xtec.cat\/iesmallafre\/wp-json\/wp\/v2\/categories?post=25030"},{"taxonomy":"post_tag","embeddable":true,"href":"https:\/\/agora.xtec.cat\/iesmallafre\/wp-json\/wp\/v2\/tags?post=25030"}],"curies":[{"name":"wp","href":"https:\/\/api.w.org\/{rel}","templated":true}]}}