{"id":25017,"date":"2025-03-13T14:07:15","date_gmt":"2025-03-13T13:07:15","guid":{"rendered":"https:\/\/agora.xtec.cat\/iesmallafre\/?p=25017"},"modified":"2025-03-13T14:07:15","modified_gmt":"2025-03-13T13:07:15","slug":"vi-torneig-descacs-del-mallafre","status":"publish","type":"post","link":"https:\/\/agora.xtec.cat\/iesmallafre\/general\/vi-torneig-descacs-del-mallafre\/","title":{"rendered":"VI Torneig d\u2019Escacs del Mallafr\u00e8"},"content":{"rendered":"<p>El passat dimecres 12 de mar\u00e7 vam celebrar el VI Torneig d\u2019Escacs del Mallafr\u00e8.<\/p>\n<p>La competici\u00f3 va comen\u00e7ar a les 8 del mat\u00ed i es va desenvolupar al llarg de tota la jornada, amb una nombrosa participaci\u00f3 de l\u2019alumnat d\u2019ESO.<\/p>\n<p>Volem felicitar tots els participants per la seva implicaci\u00f3 i, en especial, a Bernat Pau de 4t d\u2019ESO, guanyador d\u2019aquesta edici\u00f3.<\/p>\n<p>Gr\u00e0cies a l&#8217;organitzaci\u00f3 i als participants per fer d\u2019aquest torneig un \u00e8xit!<\/p>\n<p><a href=\"https:\/\/agora.xtec.cat\/iesmallafre\/wp-content\/uploads\/usu105\/2025\/03\/WhatsApp-Image-2025-03-12-at-18.42.31-2.jpeg\"><img loading=\"lazy\" decoding=\"async\" class=\"wp-image-25025 aligncenter\" src=\"https:\/\/agora.xtec.cat\/iesmallafre\/wp-content\/uploads\/usu105\/2025\/03\/WhatsApp-Image-2025-03-12-at-18.42.31-2.jpeg\" alt=\"\" width=\"553\" height=\"415\" srcset=\"https:\/\/agora.xtec.cat\/iesmallafre\/wp-content\/uploads\/usu105\/2025\/03\/WhatsApp-Image-2025-03-12-at-18.42.31-2.jpeg 1599w, https:\/\/agora.xtec.cat\/iesmallafre\/wp-content\/uploads\/usu105\/2025\/03\/WhatsApp-Image-2025-03-12-at-18.42.31-2-300x225.jpeg 300w, https:\/\/agora.xtec.cat\/iesmallafre\/wp-content\/uploads\/usu105\/2025\/03\/WhatsApp-Image-2025-03-12-at-18.42.31-2-1024x768.jpeg 1024w, https:\/\/agora.xtec.cat\/iesmallafre\/wp-content\/uploads\/usu105\/2025\/03\/WhatsApp-Image-2025-03-12-at-18.42.31-2-768x576.jpeg 768w, https:\/\/agora.xtec.cat\/iesmallafre\/wp-content\/uploads\/usu105\/2025\/03\/WhatsApp-Image-2025-03-12-at-18.42.31-2-1536x1153.jpeg 1536w, https:\/\/agora.xtec.cat\/iesmallafre\/wp-content\/uploads\/usu105\/2025\/03\/WhatsApp-Image-2025-03-12-at-18.42.31-2-200x150.jpeg 200w\" sizes=\"auto, (max-width: 553px) 100vw, 553px\" \/><\/a><\/p>\n<p><a href=\"https:\/\/agora.xtec.cat\/iesmallafre\/wp-content\/uploads\/usu105\/2025\/03\/WhatsApp-Image-2025-03-12-at-18.42.31-1.jpeg\"><img loading=\"lazy\" decoding=\"async\" class=\"wp-image-25024 aligncenter\" src=\"https:\/\/agora.xtec.cat\/iesmallafre\/wp-content\/uploads\/usu105\/2025\/03\/WhatsApp-Image-2025-03-12-at-18.42.31-1.jpeg\" alt=\"\" width=\"557\" height=\"418\" srcset=\"https:\/\/agora.xtec.cat\/iesmallafre\/wp-content\/uploads\/usu105\/2025\/03\/WhatsApp-Image-2025-03-12-at-18.42.31-1.jpeg 1599w, https:\/\/agora.xtec.cat\/iesmallafre\/wp-content\/uploads\/usu105\/2025\/03\/WhatsApp-Image-2025-03-12-at-18.42.31-1-300x225.jpeg 300w, https:\/\/agora.xtec.cat\/iesmallafre\/wp-content\/uploads\/usu105\/2025\/03\/WhatsApp-Image-2025-03-12-at-18.42.31-1-1024x768.jpeg 1024w, https:\/\/agora.xtec.cat\/iesmallafre\/wp-content\/uploads\/usu105\/2025\/03\/WhatsApp-Image-2025-03-12-at-18.42.31-1-768x576.jpeg 768w, https:\/\/agora.xtec.cat\/iesmallafre\/wp-content\/uploads\/usu105\/2025\/03\/WhatsApp-Image-2025-03-12-at-18.42.31-1-1536x1153.jpeg 1536w, https:\/\/agora.xtec.cat\/iesmallafre\/wp-content\/uploads\/usu105\/2025\/03\/WhatsApp-Image-2025-03-12-at-18.42.31-1-200x150.jpeg 200w\" sizes=\"auto, (max-width: 557px) 100vw, 557px\" \/><\/a><br \/>\n<a href=\"https:\/\/agora.xtec.cat\/iesmallafre\/wp-content\/uploads\/usu105\/2025\/03\/WhatsApp-Image-2025-03-12-at-18.42.30.jpeg\"><img loading=\"lazy\" decoding=\"async\" class=\"wp-image-25023 aligncenter\" src=\"https:\/\/agora.xtec.cat\/iesmallafre\/wp-content\/uploads\/usu105\/2025\/03\/WhatsApp-Image-2025-03-12-at-18.42.30.jpeg\" alt=\"\" width=\"546\" height=\"410\" srcset=\"https:\/\/agora.xtec.cat\/iesmallafre\/wp-content\/uploads\/usu105\/2025\/03\/WhatsApp-Image-2025-03-12-at-18.42.30.jpeg 1599w, https:\/\/agora.xtec.cat\/iesmallafre\/wp-content\/uploads\/usu105\/2025\/03\/WhatsApp-Image-2025-03-12-at-18.42.30-300x225.jpeg 300w, https:\/\/agora.xtec.cat\/iesmallafre\/wp-content\/uploads\/usu105\/2025\/03\/WhatsApp-Image-2025-03-12-at-18.42.30-1024x768.jpeg 1024w, https:\/\/agora.xtec.cat\/iesmallafre\/wp-content\/uploads\/usu105\/2025\/03\/WhatsApp-Image-2025-03-12-at-18.42.30-768x576.jpeg 768w, https:\/\/agora.xtec.cat\/iesmallafre\/wp-content\/uploads\/usu105\/2025\/03\/WhatsApp-Image-2025-03-12-at-18.42.30-1536x1153.jpeg 1536w, https:\/\/agora.xtec.cat\/iesmallafre\/wp-content\/uploads\/usu105\/2025\/03\/WhatsApp-Image-2025-03-12-at-18.42.30-200x150.jpeg 200w\" sizes=\"auto, (max-width: 546px) 100vw, 546px\" \/><\/a><\/p>\n<p><a href=\"https:\/\/agora.xtec.cat\/iesmallafre\/wp-content\/uploads\/usu105\/2025\/03\/WhatsApp-Image-2025-03-12-at-18.42.30-3.jpeg\"><img loading=\"lazy\" decoding=\"async\" class=\"wp-image-25021 aligncenter\" src=\"https:\/\/agora.xtec.cat\/iesmallafre\/wp-content\/uploads\/usu105\/2025\/03\/WhatsApp-Image-2025-03-12-at-18.42.30-3.jpeg\" alt=\"\" width=\"510\" height=\"383\" srcset=\"https:\/\/agora.xtec.cat\/iesmallafre\/wp-content\/uploads\/usu105\/2025\/03\/WhatsApp-Image-2025-03-12-at-18.42.30-3.jpeg 1599w, https:\/\/agora.xtec.cat\/iesmallafre\/wp-content\/uploads\/usu105\/2025\/03\/WhatsApp-Image-2025-03-12-at-18.42.30-3-300x225.jpeg 300w, https:\/\/agora.xtec.cat\/iesmallafre\/wp-content\/uploads\/usu105\/2025\/03\/WhatsApp-Image-2025-03-12-at-18.42.30-3-1024x768.jpeg 1024w, https:\/\/agora.xtec.cat\/iesmallafre\/wp-content\/uploads\/usu105\/2025\/03\/WhatsApp-Image-2025-03-12-at-18.42.30-3-768x576.jpeg 768w, https:\/\/agora.xtec.cat\/iesmallafre\/wp-content\/uploads\/usu105\/2025\/03\/WhatsApp-Image-2025-03-12-at-18.42.30-3-1536x1153.jpeg 1536w, https:\/\/agora.xtec.cat\/iesmallafre\/wp-content\/uploads\/usu105\/2025\/03\/WhatsApp-Image-2025-03-12-at-18.42.30-3-200x150.jpeg 200w\" sizes=\"auto, (max-width: 510px) 100vw, 510px\" \/><\/a><\/p>\n<p><a href=\"https:\/\/agora.xtec.cat\/iesmallafre\/wp-content\/uploads\/usu105\/2025\/03\/WhatsApp-Image-2025-03-12-at-18.42.30-2.jpeg\"><img loading=\"lazy\" decoding=\"async\" class=\"wp-image-25020 aligncenter\" src=\"https:\/\/agora.xtec.cat\/iesmallafre\/wp-content\/uploads\/usu105\/2025\/03\/WhatsApp-Image-2025-03-12-at-18.42.30-2.jpeg\" alt=\"\" width=\"542\" height=\"407\" srcset=\"https:\/\/agora.xtec.cat\/iesmallafre\/wp-content\/uploads\/usu105\/2025\/03\/WhatsApp-Image-2025-03-12-at-18.42.30-2.jpeg 1599w, https:\/\/agora.xtec.cat\/iesmallafre\/wp-content\/uploads\/usu105\/2025\/03\/WhatsApp-Image-2025-03-12-at-18.42.30-2-300x225.jpeg 300w, https:\/\/agora.xtec.cat\/iesmallafre\/wp-content\/uploads\/usu105\/2025\/03\/WhatsApp-Image-2025-03-12-at-18.42.30-2-1024x768.jpeg 1024w, https:\/\/agora.xtec.cat\/iesmallafre\/wp-content\/uploads\/usu105\/2025\/03\/WhatsApp-Image-2025-03-12-at-18.42.30-2-768x576.jpeg 768w, https:\/\/agora.xtec.cat\/iesmallafre\/wp-content\/uploads\/usu105\/2025\/03\/WhatsApp-Image-2025-03-12-at-18.42.30-2-1536x1153.jpeg 1536w, https:\/\/agora.xtec.cat\/iesmallafre\/wp-content\/uploads\/usu105\/2025\/03\/WhatsApp-Image-2025-03-12-at-18.42.30-2-200x150.jpeg 200w\" sizes=\"auto, (max-width: 542px) 100vw, 542px\" \/><\/a><\/p>\n<p><a href=\"https:\/\/agora.xtec.cat\/iesmallafre\/wp-content\/uploads\/usu105\/2025\/03\/WhatsApp-Image-2025-03-12-at-18.42.30-1.jpeg\"><img loading=\"lazy\" decoding=\"async\" class=\"wp-image-25019 aligncenter\" src=\"https:\/\/agora.xtec.cat\/iesmallafre\/wp-content\/uploads\/usu105\/2025\/03\/WhatsApp-Image-2025-03-12-at-18.42.30-1.jpeg\" alt=\"\" width=\"506\" height=\"380\" srcset=\"https:\/\/agora.xtec.cat\/iesmallafre\/wp-content\/uploads\/usu105\/2025\/03\/WhatsApp-Image-2025-03-12-at-18.42.30-1.jpeg 1599w, https:\/\/agora.xtec.cat\/iesmallafre\/wp-content\/uploads\/usu105\/2025\/03\/WhatsApp-Image-2025-03-12-at-18.42.30-1-300x225.jpeg 300w, https:\/\/agora.xtec.cat\/iesmallafre\/wp-content\/uploads\/usu105\/2025\/03\/WhatsApp-Image-2025-03-12-at-18.42.30-1-1024x768.jpeg 1024w, https:\/\/agora.xtec.cat\/iesmallafre\/wp-content\/uploads\/usu105\/2025\/03\/WhatsApp-Image-2025-03-12-at-18.42.30-1-768x576.jpeg 768w, https:\/\/agora.xtec.cat\/iesmallafre\/wp-content\/uploads\/usu105\/2025\/03\/WhatsApp-Image-2025-03-12-at-18.42.30-1-1536x1153.jpeg 1536w, https:\/\/agora.xtec.cat\/iesmallafre\/wp-content\/uploads\/usu105\/2025\/03\/WhatsApp-Image-2025-03-12-at-18.42.30-1-200x150.jpeg 200w\" sizes=\"auto, (max-width: 506px) 100vw, 506px\" \/><\/a><\/p>\n<p><a href=\"https:\/\/agora.xtec.cat\/iesmallafre\/wp-content\/uploads\/usu105\/2025\/03\/WhatsApp-Image-2025-03-12-at-18.42.29.jpeg\"><img loading=\"lazy\" decoding=\"async\" class=\"wp-image-25018 aligncenter\" src=\"https:\/\/agora.xtec.cat\/iesmallafre\/wp-content\/uploads\/usu105\/2025\/03\/WhatsApp-Image-2025-03-12-at-18.42.29.jpeg\" alt=\"\" width=\"530\" height=\"398\" srcset=\"https:\/\/agora.xtec.cat\/iesmallafre\/wp-content\/uploads\/usu105\/2025\/03\/WhatsApp-Image-2025-03-12-at-18.42.29.jpeg 1599w, https:\/\/agora.xtec.cat\/iesmallafre\/wp-content\/uploads\/usu105\/2025\/03\/WhatsApp-Image-2025-03-12-at-18.42.29-300x225.jpeg 300w, https:\/\/agora.xtec.cat\/iesmallafre\/wp-content\/uploads\/usu105\/2025\/03\/WhatsApp-Image-2025-03-12-at-18.42.29-1024x768.jpeg 1024w, https:\/\/agora.xtec.cat\/iesmallafre\/wp-content\/uploads\/usu105\/2025\/03\/WhatsApp-Image-2025-03-12-at-18.42.29-768x576.jpeg 768w, https:\/\/agora.xtec.cat\/iesmallafre\/wp-content\/uploads\/usu105\/2025\/03\/WhatsApp-Image-2025-03-12-at-18.42.29-1536x1153.jpeg 1536w, https:\/\/agora.xtec.cat\/iesmallafre\/wp-content\/uploads\/usu105\/2025\/03\/WhatsApp-Image-2025-03-12-at-18.42.29-200x150.jpeg 200w\" sizes=\"auto, (max-width: 530px) 100vw, 530px\" \/><\/a><\/p>\n","protected":false},"excerpt":{"rendered":"<p>El passat dimecres 12 de mar\u00e7 vam celebrar el VI Torneig d\u2019Escacs del Mallafr\u00e8.<br \/>\nLa competici\u00f3 va comen\u00e7ar a les 8 del mat\u00ed i es va desenvolupar al llarg de tota la jornada, amb una nombrosa participaci\u00f3 de l\u2019alumnat d\u2019ESO.<br \/>\nVolem felicitar tots els participants per la&hellip;  <a href=\"https:\/\/agora.xtec.cat\/iesmallafre\/general\/vi-torneig-descacs-del-mallafre\/\" title=\"Read VI Torneig d\u2019Escacs del Mallafr\u00e8\">Llegeix m\u00e9s\u00bb<\/a><\/p>\n","protected":false},"author":16,"featured_media":25022,"comment_status":"closed","ping_status":"closed","sticky":false,"template":"","format":"standard","meta":{"_bbp_topic_count":0,"_bbp_reply_count":0,"_bbp_total_topic_count":0,"_bbp_total_reply_count":0,"_bbp_voice_count":0,"_bbp_anonymous_reply_count":0,"_bbp_topic_count_hidden":0,"_bbp_reply_count_hidden":0,"_bbp_forum_subforum_count":0,"footnotes":""},"categories":[3,1,29],"tags":[],"class_list":["post-25017","post","type-post","status-publish","format-standard","has-post-thumbnail","hentry","category-eso","category-general","category-portada"],"post_mailing_queue_ids":[],"_links":{"self":[{"href":"https:\/\/agora.xtec.cat\/iesmallafre\/wp-json\/wp\/v2\/posts\/25017","targetHints":{"allow":["GET"]}}],"collection":[{"href":"https:\/\/agora.xtec.cat\/iesmallafre\/wp-json\/wp\/v2\/posts"}],"about":[{"href":"https:\/\/agora.xtec.cat\/iesmallafre\/wp-json\/wp\/v2\/types\/post"}],"author":[{"embeddable":true,"href":"https:\/\/agora.xtec.cat\/iesmallafre\/wp-json\/wp\/v2\/users\/16"}],"replies":[{"embeddable":true,"href":"https:\/\/agora.xtec.cat\/iesmallafre\/wp-json\/wp\/v2\/comments?post=25017"}],"version-history":[{"count":1,"href":"https:\/\/agora.xtec.cat\/iesmallafre\/wp-json\/wp\/v2\/posts\/25017\/revisions"}],"predecessor-version":[{"id":25026,"href":"https:\/\/agora.xtec.cat\/iesmallafre\/wp-json\/wp\/v2\/posts\/25017\/revisions\/25026"}],"wp:featuredmedia":[{"embeddable":true,"href":"https:\/\/agora.xtec.cat\/iesmallafre\/wp-json\/wp\/v2\/media\/25022"}],"wp:attachment":[{"href":"https:\/\/agora.xtec.cat\/iesmallafre\/wp-json\/wp\/v2\/media?parent=25017"}],"wp:term":[{"taxonomy":"category","embeddable":true,"href":"https:\/\/agora.xtec.cat\/iesmallafre\/wp-json\/wp\/v2\/categories?post=25017"},{"taxonomy":"post_tag","embeddable":true,"href":"https:\/\/agora.xtec.cat\/iesmallafre\/wp-json\/wp\/v2\/tags?post=25017"}],"curies":[{"name":"wp","href":"https:\/\/api.w.org\/{rel}","templated":true}]}}