{"id":24922,"date":"2025-03-06T09:39:49","date_gmt":"2025-03-06T08:39:49","guid":{"rendered":"https:\/\/agora.xtec.cat\/iesmallafre\/?p=24922"},"modified":"2025-03-06T11:07:39","modified_gmt":"2025-03-06T10:07:39","slug":"8m-dia-internacional-de-la-dona","status":"publish","type":"post","link":"https:\/\/agora.xtec.cat\/iesmallafre\/portada\/8m-dia-internacional-de-la-dona\/","title":{"rendered":"8M Dia Internacional de la Dona"},"content":{"rendered":"<p data-start=\"0\" data-end=\"340\">El 8 de mar\u00e7 se celebra el Dia Internacional de la Dona, una jornada dedicada a reivindicar els drets i la igualtat de les dones arreu del m\u00f3n. Aquesta data tamb\u00e9 ens recorda figures destacades com Maria Aur\u00e8lia Capmany, escriptora i activista feminista, que va lluitar incansablement pels drets de les dones i per la igualtat social.<\/p>\n<p data-start=\"0\" data-end=\"340\"><i><b>El fet \u00e9s que durant segles i segles la dona ha treballat en el camp, s\u2019ha esdernegat rentant i traginant coves de roba, ha portat tota mena de pesos, ha filat, ha teixit, ha fet cer\u00e0mica, ha anat a vendre als mercats&#8230;, ha dormit poc, ha menjat poc, ha vetllat. Naturalment sense contracte de treball. Ning\u00fa no s&#8217;havia adonat\u00a0que treballava.<\/b><\/i><\/p>\n<p data-start=\"0\" data-end=\"340\"><b>\u00a0MARIA AUR\u00c8LIA CAPMANY.\u00a0 La dona a Catalunya, 1966\u00a0\u00a0<\/b><\/p>\n<p data-start=\"0\" data-end=\"340\">A Vilanova i la Geltr\u00fa, aquesta data es commemora amb diverses activitats organitzades per entitats locals i per l&#8217;Ajuntament.<\/p>\n<p><a href=\"https:\/\/agora.xtec.cat\/iesmallafre\/wp-content\/uploads\/usu105\/2025\/03\/Cartell-activitats-8M-Ajuntament.jpg\"><img loading=\"lazy\" decoding=\"async\" class=\"wp-image-24923 aligncenter\" src=\"https:\/\/agora.xtec.cat\/iesmallafre\/wp-content\/uploads\/usu105\/2025\/03\/Cartell-activitats-8M-Ajuntament.jpg\" alt=\"\" width=\"487\" height=\"689\" srcset=\"https:\/\/agora.xtec.cat\/iesmallafre\/wp-content\/uploads\/usu105\/2025\/03\/Cartell-activitats-8M-Ajuntament.jpg 1653w, https:\/\/agora.xtec.cat\/iesmallafre\/wp-content\/uploads\/usu105\/2025\/03\/Cartell-activitats-8M-Ajuntament-212x300.jpg 212w, https:\/\/agora.xtec.cat\/iesmallafre\/wp-content\/uploads\/usu105\/2025\/03\/Cartell-activitats-8M-Ajuntament-724x1024.jpg 724w, https:\/\/agora.xtec.cat\/iesmallafre\/wp-content\/uploads\/usu105\/2025\/03\/Cartell-activitats-8M-Ajuntament-768x1086.jpg 768w, https:\/\/agora.xtec.cat\/iesmallafre\/wp-content\/uploads\/usu105\/2025\/03\/Cartell-activitats-8M-Ajuntament-1086x1536.jpg 1086w, https:\/\/agora.xtec.cat\/iesmallafre\/wp-content\/uploads\/usu105\/2025\/03\/Cartell-activitats-8M-Ajuntament-1448x2048.jpg 1448w\" sizes=\"auto, (max-width: 487px) 100vw, 487px\" \/><\/a><\/p>\n<p><a href=\"https:\/\/agora.xtec.cat\/iesmallafre\/wp-content\/uploads\/usu105\/2025\/03\/Frontissa.jpg\"><img loading=\"lazy\" decoding=\"async\" class=\"wp-image-24924 aligncenter\" src=\"https:\/\/agora.xtec.cat\/iesmallafre\/wp-content\/uploads\/usu105\/2025\/03\/Frontissa.jpg\" alt=\"\" width=\"455\" height=\"644\" srcset=\"https:\/\/agora.xtec.cat\/iesmallafre\/wp-content\/uploads\/usu105\/2025\/03\/Frontissa.jpg 1131w, https:\/\/agora.xtec.cat\/iesmallafre\/wp-content\/uploads\/usu105\/2025\/03\/Frontissa-212x300.jpg 212w, https:\/\/agora.xtec.cat\/iesmallafre\/wp-content\/uploads\/usu105\/2025\/03\/Frontissa-724x1024.jpg 724w, https:\/\/agora.xtec.cat\/iesmallafre\/wp-content\/uploads\/usu105\/2025\/03\/Frontissa-768x1086.jpg 768w, https:\/\/agora.xtec.cat\/iesmallafre\/wp-content\/uploads\/usu105\/2025\/03\/Frontissa-1086x1536.jpg 1086w\" sizes=\"auto, (max-width: 455px) 100vw, 455px\" \/><\/a><\/p>\n<p>&nbsp;<\/p>\n<p><a href=\"https:\/\/agora.xtec.cat\/iesmallafre\/wp-content\/uploads\/usu105\/2025\/03\/Mani-Vilanova.jpg\"><img loading=\"lazy\" decoding=\"async\" class=\"wp-image-24925 aligncenter\" src=\"https:\/\/agora.xtec.cat\/iesmallafre\/wp-content\/uploads\/usu105\/2025\/03\/Mani-Vilanova.jpg\" alt=\"\" width=\"420\" height=\"594\" srcset=\"https:\/\/agora.xtec.cat\/iesmallafre\/wp-content\/uploads\/usu105\/2025\/03\/Mani-Vilanova.jpg 1131w, https:\/\/agora.xtec.cat\/iesmallafre\/wp-content\/uploads\/usu105\/2025\/03\/Mani-Vilanova-212x300.jpg 212w, https:\/\/agora.xtec.cat\/iesmallafre\/wp-content\/uploads\/usu105\/2025\/03\/Mani-Vilanova-724x1024.jpg 724w, https:\/\/agora.xtec.cat\/iesmallafre\/wp-content\/uploads\/usu105\/2025\/03\/Mani-Vilanova-768x1086.jpg 768w, https:\/\/agora.xtec.cat\/iesmallafre\/wp-content\/uploads\/usu105\/2025\/03\/Mani-Vilanova-1086x1536.jpg 1086w\" sizes=\"auto, (max-width: 420px) 100vw, 420px\" \/><\/a><\/p>\n<p><a href=\"https:\/\/agora.xtec.cat\/iesmallafre\/wp-content\/uploads\/usu105\/2025\/03\/Maria-Aurelia-Capmany1.png\"><img loading=\"lazy\" decoding=\"async\" class=\"alignnone size-full wp-image-24926\" src=\"https:\/\/agora.xtec.cat\/iesmallafre\/wp-content\/uploads\/usu105\/2025\/03\/Maria-Aurelia-Capmany1.png\" alt=\"\" width=\"191\" height=\"264\" \/><\/a> <a href=\"https:\/\/agora.xtec.cat\/iesmallafre\/wp-content\/uploads\/usu105\/2025\/03\/Maria-Aurelia-Capmany2.png\"><img loading=\"lazy\" decoding=\"async\" class=\"alignnone size-full wp-image-24927\" src=\"https:\/\/agora.xtec.cat\/iesmallafre\/wp-content\/uploads\/usu105\/2025\/03\/Maria-Aurelia-Capmany2.png\" alt=\"\" width=\"183\" height=\"276\" \/><\/a><\/p>\n<p><a href=\"https:\/\/agora.xtec.cat\/iesmallafre\/wp-content\/uploads\/usu105\/2025\/03\/Mani-Barcelona.jpg\"><img loading=\"lazy\" decoding=\"async\" class=\"wp-image-24928 aligncenter\" src=\"https:\/\/agora.xtec.cat\/iesmallafre\/wp-content\/uploads\/usu105\/2025\/03\/Mani-Barcelona.jpg\" alt=\"\" width=\"489\" height=\"611\" srcset=\"https:\/\/agora.xtec.cat\/iesmallafre\/wp-content\/uploads\/usu105\/2025\/03\/Mani-Barcelona.jpg 1024w, https:\/\/agora.xtec.cat\/iesmallafre\/wp-content\/uploads\/usu105\/2025\/03\/Mani-Barcelona-240x300.jpg 240w, https:\/\/agora.xtec.cat\/iesmallafre\/wp-content\/uploads\/usu105\/2025\/03\/Mani-Barcelona-819x1024.jpg 819w, https:\/\/agora.xtec.cat\/iesmallafre\/wp-content\/uploads\/usu105\/2025\/03\/Mani-Barcelona-768x960.jpg 768w\" sizes=\"auto, (max-width: 489px) 100vw, 489px\" \/><\/a><\/p>\n<p>&nbsp;<\/p>\n","protected":false},"excerpt":{"rendered":"<p>El 8 de mar\u00e7 se celebra el Dia Internacional de la Dona, una jornada dedicada a reivindicar els drets i la igualtat de les dones arreu del m\u00f3n. Aquesta data tamb\u00e9 ens recorda figures destacades com Maria Aur\u00e8lia Capmany, escriptora i activista feminista, que va&hellip;  <a href=\"https:\/\/agora.xtec.cat\/iesmallafre\/portada\/8m-dia-internacional-de-la-dona\/\" title=\"Read 8M Dia Internacional de la Dona\">Llegeix m\u00e9s\u00bb<\/a><\/p>\n","protected":false},"author":16,"featured_media":24927,"comment_status":"closed","ping_status":"closed","sticky":false,"template":"","format":"standard","meta":{"_bbp_topic_count":0,"_bbp_reply_count":0,"_bbp_total_topic_count":0,"_bbp_total_reply_count":0,"_bbp_voice_count":0,"_bbp_anonymous_reply_count":0,"_bbp_topic_count_hidden":0,"_bbp_reply_count_hidden":0,"_bbp_forum_subforum_count":0,"footnotes":""},"categories":[29],"tags":[],"class_list":["post-24922","post","type-post","status-publish","format-standard","has-post-thumbnail","hentry","category-portada"],"post_mailing_queue_ids":[],"_links":{"self":[{"href":"https:\/\/agora.xtec.cat\/iesmallafre\/wp-json\/wp\/v2\/posts\/24922","targetHints":{"allow":["GET"]}}],"collection":[{"href":"https:\/\/agora.xtec.cat\/iesmallafre\/wp-json\/wp\/v2\/posts"}],"about":[{"href":"https:\/\/agora.xtec.cat\/iesmallafre\/wp-json\/wp\/v2\/types\/post"}],"author":[{"embeddable":true,"href":"https:\/\/agora.xtec.cat\/iesmallafre\/wp-json\/wp\/v2\/users\/16"}],"replies":[{"embeddable":true,"href":"https:\/\/agora.xtec.cat\/iesmallafre\/wp-json\/wp\/v2\/comments?post=24922"}],"version-history":[{"count":5,"href":"https:\/\/agora.xtec.cat\/iesmallafre\/wp-json\/wp\/v2\/posts\/24922\/revisions"}],"predecessor-version":[{"id":24938,"href":"https:\/\/agora.xtec.cat\/iesmallafre\/wp-json\/wp\/v2\/posts\/24922\/revisions\/24938"}],"wp:featuredmedia":[{"embeddable":true,"href":"https:\/\/agora.xtec.cat\/iesmallafre\/wp-json\/wp\/v2\/media\/24927"}],"wp:attachment":[{"href":"https:\/\/agora.xtec.cat\/iesmallafre\/wp-json\/wp\/v2\/media?parent=24922"}],"wp:term":[{"taxonomy":"category","embeddable":true,"href":"https:\/\/agora.xtec.cat\/iesmallafre\/wp-json\/wp\/v2\/categories?post=24922"},{"taxonomy":"post_tag","embeddable":true,"href":"https:\/\/agora.xtec.cat\/iesmallafre\/wp-json\/wp\/v2\/tags?post=24922"}],"curies":[{"name":"wp","href":"https:\/\/api.w.org\/{rel}","templated":true}]}}