{"id":24906,"date":"2025-02-27T09:13:04","date_gmt":"2025-02-27T08:13:04","guid":{"rendered":"https:\/\/agora.xtec.cat\/iesmallafre\/?p=24906"},"modified":"2025-02-27T09:13:04","modified_gmt":"2025-02-27T08:13:04","slug":"%f0%9f%8c%8a-exploradors-del-mar-en-accio","status":"publish","type":"post","link":"https:\/\/agora.xtec.cat\/iesmallafre\/portada\/%f0%9f%8c%8a-exploradors-del-mar-en-accio\/","title":{"rendered":"\ud83c\udf0a Exploradors del Mar en acci\u00f3!"},"content":{"rendered":"<p>Dimarts passat, l\u2019alumnat de <strong>1r d\u2019ESO<\/strong> que cursa l\u2019optativa <strong>Exploradors del Mar<\/strong> va participar en una activitat del projecte <strong>&#8220;Posid\u00f2nia Activa&#8221;<\/strong>, impartida per l\u2019Associaci\u00f3 <a href=\"https:\/\/anellides.com\/blog\/portfolio-items\/posidonia-activa\/\" target=\"_blank\" rel=\"noopener\" data-saferedirecturl=\"https:\/\/www.google.com\/url?q=https:\/\/anellides.com\/blog\/portfolio-items\/posidonia-activa\/&amp;source=gmail&amp;ust=1740729483510000&amp;usg=AOvVaw1sOXTP1V9fSrXuvYjOiBSj\">An\u00e8l\u00b7lides<\/a>.<\/p>\n<p>&#8211; Primer, vam gaudir d\u2019una <strong>xerrada interactiva<\/strong> per con\u00e8ixer millor el <strong>fons mar\u00ed de la costa del Garraf<\/strong>, amb especial atenci\u00f3 a la <strong>posid\u00f2nia<\/strong>, una esp\u00e8cie clau per a l\u2019ecosistema.<\/p>\n<p>&#8211; Despr\u00e9s, vam fer un <strong>taller pr\u00e0ctic<\/strong> per descobrir com la posid\u00f2nia ajuda a <strong>retirar micropl\u00e0stics del mar<\/strong>.<\/p>\n<p>Una experi\u00e8ncia incre\u00efble! Gr\u00e0cies a<strong> An\u00e8l\u00b7lides <\/strong>per compartir el seu coneixement amb nosaltres!<\/p>\n<p><a href=\"https:\/\/agora.xtec.cat\/iesmallafre\/wp-content\/uploads\/usu105\/2025\/02\/9.png\"><img loading=\"lazy\" decoding=\"async\" class=\"wp-image-24907 aligncenter\" src=\"https:\/\/agora.xtec.cat\/iesmallafre\/wp-content\/uploads\/usu105\/2025\/02\/9.png\" alt=\"\" width=\"518\" height=\"518\" srcset=\"https:\/\/agora.xtec.cat\/iesmallafre\/wp-content\/uploads\/usu105\/2025\/02\/9.png 1080w, https:\/\/agora.xtec.cat\/iesmallafre\/wp-content\/uploads\/usu105\/2025\/02\/9-300x300.png 300w, https:\/\/agora.xtec.cat\/iesmallafre\/wp-content\/uploads\/usu105\/2025\/02\/9-1024x1024.png 1024w, https:\/\/agora.xtec.cat\/iesmallafre\/wp-content\/uploads\/usu105\/2025\/02\/9-150x150.png 150w, https:\/\/agora.xtec.cat\/iesmallafre\/wp-content\/uploads\/usu105\/2025\/02\/9-768x768.png 768w\" sizes=\"auto, (max-width: 518px) 100vw, 518px\" \/><\/a><\/p>\n<p><a href=\"https:\/\/agora.xtec.cat\/iesmallafre\/wp-content\/uploads\/usu105\/2025\/02\/71.png\"><img loading=\"lazy\" decoding=\"async\" class=\"wp-image-24908 aligncenter\" src=\"https:\/\/agora.xtec.cat\/iesmallafre\/wp-content\/uploads\/usu105\/2025\/02\/71.png\" alt=\"\" width=\"507\" height=\"507\" srcset=\"https:\/\/agora.xtec.cat\/iesmallafre\/wp-content\/uploads\/usu105\/2025\/02\/71.png 1080w, https:\/\/agora.xtec.cat\/iesmallafre\/wp-content\/uploads\/usu105\/2025\/02\/71-300x300.png 300w, https:\/\/agora.xtec.cat\/iesmallafre\/wp-content\/uploads\/usu105\/2025\/02\/71-1024x1024.png 1024w, https:\/\/agora.xtec.cat\/iesmallafre\/wp-content\/uploads\/usu105\/2025\/02\/71-150x150.png 150w, https:\/\/agora.xtec.cat\/iesmallafre\/wp-content\/uploads\/usu105\/2025\/02\/71-768x768.png 768w\" sizes=\"auto, (max-width: 507px) 100vw, 507px\" \/><\/a><\/p>\n<p><a href=\"https:\/\/agora.xtec.cat\/iesmallafre\/wp-content\/uploads\/usu105\/2025\/02\/51.png\"><img loading=\"lazy\" decoding=\"async\" class=\"wp-image-24909 aligncenter\" src=\"https:\/\/agora.xtec.cat\/iesmallafre\/wp-content\/uploads\/usu105\/2025\/02\/51.png\" alt=\"\" width=\"525\" height=\"525\" srcset=\"https:\/\/agora.xtec.cat\/iesmallafre\/wp-content\/uploads\/usu105\/2025\/02\/51.png 1080w, https:\/\/agora.xtec.cat\/iesmallafre\/wp-content\/uploads\/usu105\/2025\/02\/51-300x300.png 300w, https:\/\/agora.xtec.cat\/iesmallafre\/wp-content\/uploads\/usu105\/2025\/02\/51-1024x1024.png 1024w, https:\/\/agora.xtec.cat\/iesmallafre\/wp-content\/uploads\/usu105\/2025\/02\/51-150x150.png 150w, https:\/\/agora.xtec.cat\/iesmallafre\/wp-content\/uploads\/usu105\/2025\/02\/51-768x768.png 768w\" sizes=\"auto, (max-width: 525px) 100vw, 525px\" \/><\/a><\/p>\n<p><a href=\"https:\/\/agora.xtec.cat\/iesmallafre\/wp-content\/uploads\/usu105\/2025\/02\/41.png\"><img loading=\"lazy\" decoding=\"async\" class=\"wp-image-24910 aligncenter\" src=\"https:\/\/agora.xtec.cat\/iesmallafre\/wp-content\/uploads\/usu105\/2025\/02\/41.png\" alt=\"\" width=\"547\" height=\"547\" srcset=\"https:\/\/agora.xtec.cat\/iesmallafre\/wp-content\/uploads\/usu105\/2025\/02\/41.png 1080w, https:\/\/agora.xtec.cat\/iesmallafre\/wp-content\/uploads\/usu105\/2025\/02\/41-300x300.png 300w, https:\/\/agora.xtec.cat\/iesmallafre\/wp-content\/uploads\/usu105\/2025\/02\/41-1024x1024.png 1024w, https:\/\/agora.xtec.cat\/iesmallafre\/wp-content\/uploads\/usu105\/2025\/02\/41-150x150.png 150w, https:\/\/agora.xtec.cat\/iesmallafre\/wp-content\/uploads\/usu105\/2025\/02\/41-768x768.png 768w\" sizes=\"auto, (max-width: 547px) 100vw, 547px\" \/><\/a><\/p>\n","protected":false},"excerpt":{"rendered":"<p>Dimarts passat, l\u2019alumnat de 1r d\u2019ESO que cursa l\u2019optativa Exploradors del Mar va participar en una activitat del projecte &#8220;Posid\u00f2nia Activa&#8221;, impartida per l\u2019Associaci\u00f3 <a href=\"https:\/\/anellides.com\/blog\/portfolio-items\/posidonia-activa\/\" target=\"_blank\" rel=\"noopener\" data-saferedirecturl=\"https:\/\/www.google.com\/url?q=https:\/\/anellides.com\/blog\/portfolio-items\/posidonia-activa\/&amp;source=gmail&amp;ust=1740729483510000&amp;usg=AOvVaw1sOXTP1V9fSrXuvYjOiBSj\">An\u00e8l\u00b7lides<\/a>.<br \/>\n&#8211; Primer, vam gaudir d\u2019una xerrada interactiva per con\u00e8ixer millor el fons mar\u00ed de la costa del&hellip;  <a href=\"https:\/\/agora.xtec.cat\/iesmallafre\/portada\/%f0%9f%8c%8a-exploradors-del-mar-en-accio\/\" title=\"Read \ud83c\udf0a Exploradors del Mar en acci\u00f3!\">Llegeix m\u00e9s\u00bb<\/a><\/p>\n","protected":false},"author":16,"featured_media":24910,"comment_status":"closed","ping_status":"closed","sticky":false,"template":"","format":"standard","meta":{"_bbp_topic_count":0,"_bbp_reply_count":0,"_bbp_total_topic_count":0,"_bbp_total_reply_count":0,"_bbp_voice_count":0,"_bbp_anonymous_reply_count":0,"_bbp_topic_count_hidden":0,"_bbp_reply_count_hidden":0,"_bbp_forum_subforum_count":0,"footnotes":""},"categories":[306,29],"tags":[],"class_list":["post-24906","post","type-post","status-publish","format-standard","has-post-thumbnail","hentry","category-escola-verda","category-portada"],"post_mailing_queue_ids":[],"_links":{"self":[{"href":"https:\/\/agora.xtec.cat\/iesmallafre\/wp-json\/wp\/v2\/posts\/24906","targetHints":{"allow":["GET"]}}],"collection":[{"href":"https:\/\/agora.xtec.cat\/iesmallafre\/wp-json\/wp\/v2\/posts"}],"about":[{"href":"https:\/\/agora.xtec.cat\/iesmallafre\/wp-json\/wp\/v2\/types\/post"}],"author":[{"embeddable":true,"href":"https:\/\/agora.xtec.cat\/iesmallafre\/wp-json\/wp\/v2\/users\/16"}],"replies":[{"embeddable":true,"href":"https:\/\/agora.xtec.cat\/iesmallafre\/wp-json\/wp\/v2\/comments?post=24906"}],"version-history":[{"count":1,"href":"https:\/\/agora.xtec.cat\/iesmallafre\/wp-json\/wp\/v2\/posts\/24906\/revisions"}],"predecessor-version":[{"id":24911,"href":"https:\/\/agora.xtec.cat\/iesmallafre\/wp-json\/wp\/v2\/posts\/24906\/revisions\/24911"}],"wp:featuredmedia":[{"embeddable":true,"href":"https:\/\/agora.xtec.cat\/iesmallafre\/wp-json\/wp\/v2\/media\/24910"}],"wp:attachment":[{"href":"https:\/\/agora.xtec.cat\/iesmallafre\/wp-json\/wp\/v2\/media?parent=24906"}],"wp:term":[{"taxonomy":"category","embeddable":true,"href":"https:\/\/agora.xtec.cat\/iesmallafre\/wp-json\/wp\/v2\/categories?post=24906"},{"taxonomy":"post_tag","embeddable":true,"href":"https:\/\/agora.xtec.cat\/iesmallafre\/wp-json\/wp\/v2\/tags?post=24906"}],"curies":[{"name":"wp","href":"https:\/\/api.w.org\/{rel}","templated":true}]}}