{"id":24871,"date":"2025-02-20T11:19:57","date_gmt":"2025-02-20T10:19:57","guid":{"rendered":"https:\/\/agora.xtec.cat\/iesmallafre\/?p=24871"},"modified":"2025-02-20T11:19:57","modified_gmt":"2025-02-20T10:19:57","slug":"jornada-de-portes-obertes-deso","status":"publish","type":"post","link":"https:\/\/agora.xtec.cat\/iesmallafre\/portada\/jornada-de-portes-obertes-deso\/","title":{"rendered":"Jornada de Portes Obertes d\u2019ESO"},"content":{"rendered":"<p>El proper divendres 7 de mar\u00e7, de 17 h a 19 h, tindr\u00e0 lloc la jornada de portes obertes d\u2019ESO. Aquesta \u00e9s una oportunitat per con\u00e8ixer el nostre centre, el projecte educatiu i els espais on l\u2019alumnat desenvolupa el seu aprenentatge.<\/p>\n<p>Per assistir-hi, cal fer la reserva a trav\u00e9s d\u2019aquest <a href=\"https:\/\/docs.google.com\/forms\/d\/1tpUyuNRwijvDAy-QNqm5Kovd8HTrtGQNJ7ayGJOypsk\/viewform?edit_requested=true\" target=\"_blank\" rel=\"noopener\">formulari<\/a>.<\/p>\n<p>El per\u00edode de preinscripci\u00f3 ser\u00e0 del 14 al 26 de mar\u00e7. Per a m\u00e9s informaci\u00f3 sobre el proc\u00e9s de preinscripci\u00f3 i matr\u00edcula, podeu consultar-ho <a href=\"https:\/\/agora.xtec.cat\/iesmallafre\/secretaria\/tramits-i-models\/preinscripcio-i-matricula\/\" target=\"_blank\" rel=\"noopener\">AQU\u00cd<\/a>.<\/p>\n<p><a href=\"https:\/\/agora.xtec.cat\/iesmallafre\/wp-content\/uploads\/usu105\/2025\/02\/portes-obertes-2025-1.jpg\"><img loading=\"lazy\" decoding=\"async\" class=\"wp-image-24867 aligncenter\" src=\"https:\/\/agora.xtec.cat\/iesmallafre\/wp-content\/uploads\/usu105\/2025\/02\/portes-obertes-2025-1.jpg\" alt=\"\" width=\"312\" height=\"441\" srcset=\"https:\/\/agora.xtec.cat\/iesmallafre\/wp-content\/uploads\/usu105\/2025\/02\/portes-obertes-2025-1.jpg 1414w, https:\/\/agora.xtec.cat\/iesmallafre\/wp-content\/uploads\/usu105\/2025\/02\/portes-obertes-2025-1-212x300.jpg 212w, https:\/\/agora.xtec.cat\/iesmallafre\/wp-content\/uploads\/usu105\/2025\/02\/portes-obertes-2025-1-724x1024.jpg 724w, https:\/\/agora.xtec.cat\/iesmallafre\/wp-content\/uploads\/usu105\/2025\/02\/portes-obertes-2025-1-768x1086.jpg 768w, https:\/\/agora.xtec.cat\/iesmallafre\/wp-content\/uploads\/usu105\/2025\/02\/portes-obertes-2025-1-1086x1536.jpg 1086w\" sizes=\"auto, (max-width: 312px) 100vw, 312px\" \/><\/a><\/p>\n","protected":false},"excerpt":{"rendered":"<p>El proper divendres 7 de mar\u00e7, de 17 h a 19 h, tindr\u00e0 lloc la jornada de portes obertes d\u2019ESO. Aquesta \u00e9s una oportunitat per con\u00e8ixer el nostre centre, el projecte educatiu i els espais on l\u2019alumnat desenvolupa el seu aprenentatge.<br \/>\nPer assistir-hi, cal fer la&hellip;  <a href=\"https:\/\/agora.xtec.cat\/iesmallafre\/portada\/jornada-de-portes-obertes-deso\/\" title=\"Read Jornada de Portes Obertes d\u2019ESO\">Llegeix m\u00e9s\u00bb<\/a><\/p>\n","protected":false},"author":16,"featured_media":24867,"comment_status":"closed","ping_status":"closed","sticky":false,"template":"","format":"standard","meta":{"_bbp_topic_count":0,"_bbp_reply_count":0,"_bbp_total_topic_count":0,"_bbp_total_reply_count":0,"_bbp_voice_count":0,"_bbp_anonymous_reply_count":0,"_bbp_topic_count_hidden":0,"_bbp_reply_count_hidden":0,"_bbp_forum_subforum_count":0,"footnotes":""},"categories":[29,293],"tags":[],"class_list":["post-24871","post","type-post","status-publish","format-standard","has-post-thumbnail","hentry","category-portada","category-portes-obertes-eso"],"post_mailing_queue_ids":[],"_links":{"self":[{"href":"https:\/\/agora.xtec.cat\/iesmallafre\/wp-json\/wp\/v2\/posts\/24871","targetHints":{"allow":["GET"]}}],"collection":[{"href":"https:\/\/agora.xtec.cat\/iesmallafre\/wp-json\/wp\/v2\/posts"}],"about":[{"href":"https:\/\/agora.xtec.cat\/iesmallafre\/wp-json\/wp\/v2\/types\/post"}],"author":[{"embeddable":true,"href":"https:\/\/agora.xtec.cat\/iesmallafre\/wp-json\/wp\/v2\/users\/16"}],"replies":[{"embeddable":true,"href":"https:\/\/agora.xtec.cat\/iesmallafre\/wp-json\/wp\/v2\/comments?post=24871"}],"version-history":[{"count":1,"href":"https:\/\/agora.xtec.cat\/iesmallafre\/wp-json\/wp\/v2\/posts\/24871\/revisions"}],"predecessor-version":[{"id":24872,"href":"https:\/\/agora.xtec.cat\/iesmallafre\/wp-json\/wp\/v2\/posts\/24871\/revisions\/24872"}],"wp:featuredmedia":[{"embeddable":true,"href":"https:\/\/agora.xtec.cat\/iesmallafre\/wp-json\/wp\/v2\/media\/24867"}],"wp:attachment":[{"href":"https:\/\/agora.xtec.cat\/iesmallafre\/wp-json\/wp\/v2\/media?parent=24871"}],"wp:term":[{"taxonomy":"category","embeddable":true,"href":"https:\/\/agora.xtec.cat\/iesmallafre\/wp-json\/wp\/v2\/categories?post=24871"},{"taxonomy":"post_tag","embeddable":true,"href":"https:\/\/agora.xtec.cat\/iesmallafre\/wp-json\/wp\/v2\/tags?post=24871"}],"curies":[{"name":"wp","href":"https:\/\/api.w.org\/{rel}","templated":true}]}}