{"id":24821,"date":"2025-02-18T11:51:08","date_gmt":"2025-02-18T10:51:08","guid":{"rendered":"https:\/\/agora.xtec.cat\/iesmallafre\/?p=24821"},"modified":"2025-02-20T11:20:35","modified_gmt":"2025-02-20T10:20:35","slug":"xerrada-sobre-el-reciclatge-de-piles-amb-el-projecte-apilo-xxi","status":"publish","type":"post","link":"https:\/\/agora.xtec.cat\/iesmallafre\/eso\/xerrada-sobre-el-reciclatge-de-piles-amb-el-projecte-apilo-xxi\/","title":{"rendered":"Xerrada sobre el reciclatge de piles amb el projecte Apilo XXI"},"content":{"rendered":"<p>&nbsp;<\/p>\n<div class=\"flex max-w-full flex-col flex-grow\">\n<div class=\"min-h-8 text-message flex w-full flex-col items-end gap-2 whitespace-normal break-words text-start [.text-message+&amp;]:mt-5\" dir=\"auto\" data-message-author-role=\"assistant\" data-message-id=\"9e8320d5-f143-4291-9188-cd959841bcf2\" data-message-model-slug=\"gpt-4o\">\n<div class=\"flex w-full flex-col gap-1 empty:hidden first:pt-[3px]\">\n<div class=\"markdown prose w-full break-words dark:prose-invert light\">\n<p data-start=\"74\" data-end=\"280\">Divendres passat, l\u2019alumnat de 1r d\u2019ESO va participar en una xerrada-taller del projecte Apilo XXI, una iniciativa destinada a conscienciar sobre la import\u00e0ncia del reciclatge de piles usades.<\/p>\n<p data-start=\"282\" data-end=\"697\">Durant la sessi\u00f3, vam aprendre com les piles poden afectar el medi ambient si no es reciclen correctament i vam descobrir com es poden reutilitzar els seus components. A m\u00e9s, vam gaudir d\u2019una part pr\u00e0ctica molt sorprenent: crear una pila utilitzant una llimona, cargols i monedes de coure! Aquesta experi\u00e8ncia va permetre entendre millor el funcionament b\u00e0sic de les piles i l\u2019electricitat.<\/p>\n<p data-start=\"699\" data-end=\"901\" data-is-last-node=\"\">\ud83d\udce2 <strong data-start=\"702\" data-end=\"894\">Recordeu que al vest\u00edbul de l\u2019institut hi ha un contenidor de recollida de piles usades del projecte Apilo XXI. Porteu-hi les vostres piles gastades i contribu\u00efm junts a cuidar el planeta!<\/strong> \ud83c\udf0d\ud83d\udd0b\u267b\ufe0f<\/p>\n<\/div>\n<\/div>\n<\/div>\n<\/div>\n<div class=\"mb-2 flex gap-3 empty:hidden -ml-2\">\n<div class=\"items-center justify-start rounded-xl p-1 flex\">\n<div class=\"flex items-center\"><\/div>\n<\/div>\n<\/div>\n<p><a href=\"https:\/\/agora.xtec.cat\/iesmallafre\/wp-content\/uploads\/usu105\/2025\/02\/1739868827946.jpg\"><img loading=\"lazy\" decoding=\"async\" class=\"wp-image-24824 aligncenter\" src=\"https:\/\/agora.xtec.cat\/iesmallafre\/wp-content\/uploads\/usu105\/2025\/02\/1739868827946.jpg\" alt=\"\" width=\"479\" height=\"638\" srcset=\"https:\/\/agora.xtec.cat\/iesmallafre\/wp-content\/uploads\/usu105\/2025\/02\/1739868827946.jpg 1502w, https:\/\/agora.xtec.cat\/iesmallafre\/wp-content\/uploads\/usu105\/2025\/02\/1739868827946-225x300.jpg 225w, https:\/\/agora.xtec.cat\/iesmallafre\/wp-content\/uploads\/usu105\/2025\/02\/1739868827946-769x1024.jpg 769w, https:\/\/agora.xtec.cat\/iesmallafre\/wp-content\/uploads\/usu105\/2025\/02\/1739868827946-768x1023.jpg 768w, https:\/\/agora.xtec.cat\/iesmallafre\/wp-content\/uploads\/usu105\/2025\/02\/1739868827946-1154x1536.jpg 1154w\" sizes=\"auto, (max-width: 479px) 100vw, 479px\" \/><\/a><\/p>\n<p>&nbsp;<\/p>\n<p><a href=\"https:\/\/agora.xtec.cat\/iesmallafre\/wp-content\/uploads\/usu105\/2025\/02\/Captura1.png\"><img loading=\"lazy\" decoding=\"async\" class=\"wp-image-24822 aligncenter\" src=\"https:\/\/agora.xtec.cat\/iesmallafre\/wp-content\/uploads\/usu105\/2025\/02\/Captura1.png\" alt=\"\" width=\"501\" height=\"265\" srcset=\"https:\/\/agora.xtec.cat\/iesmallafre\/wp-content\/uploads\/usu105\/2025\/02\/Captura1.png 966w, https:\/\/agora.xtec.cat\/iesmallafre\/wp-content\/uploads\/usu105\/2025\/02\/Captura1-300x159.png 300w, https:\/\/agora.xtec.cat\/iesmallafre\/wp-content\/uploads\/usu105\/2025\/02\/Captura1-768x406.png 768w\" sizes=\"auto, (max-width: 501px) 100vw, 501px\" \/><\/a><\/p>\n","protected":false},"excerpt":{"rendered":"<p>&nbsp;<\/p>\n<p>Divendres passat, l\u2019alumnat de 1r d\u2019ESO va participar en una xerrada-taller del projecte Apilo XXI, una iniciativa destinada a conscienciar sobre la import\u00e0ncia del reciclatge de piles usades.<br \/>\nDurant la sessi\u00f3, vam aprendre com les piles poden afectar el medi ambient si no es reciclen correctament&hellip;  <a href=\"https:\/\/agora.xtec.cat\/iesmallafre\/eso\/xerrada-sobre-el-reciclatge-de-piles-amb-el-projecte-apilo-xxi\/\" title=\"Read Xerrada sobre el reciclatge de piles amb el projecte Apilo XXI\">Llegeix m\u00e9s\u00bb<\/a><\/p>\n","protected":false},"author":16,"featured_media":24823,"comment_status":"closed","ping_status":"closed","sticky":false,"template":"","format":"standard","meta":{"_bbp_topic_count":0,"_bbp_reply_count":0,"_bbp_total_topic_count":0,"_bbp_total_reply_count":0,"_bbp_voice_count":0,"_bbp_anonymous_reply_count":0,"_bbp_topic_count_hidden":0,"_bbp_reply_count_hidden":0,"_bbp_forum_subforum_count":0,"footnotes":""},"categories":[3,306,29],"tags":[],"class_list":["post-24821","post","type-post","status-publish","format-standard","has-post-thumbnail","hentry","category-eso","category-escola-verda","category-portada"],"post_mailing_queue_ids":[],"_links":{"self":[{"href":"https:\/\/agora.xtec.cat\/iesmallafre\/wp-json\/wp\/v2\/posts\/24821","targetHints":{"allow":["GET"]}}],"collection":[{"href":"https:\/\/agora.xtec.cat\/iesmallafre\/wp-json\/wp\/v2\/posts"}],"about":[{"href":"https:\/\/agora.xtec.cat\/iesmallafre\/wp-json\/wp\/v2\/types\/post"}],"author":[{"embeddable":true,"href":"https:\/\/agora.xtec.cat\/iesmallafre\/wp-json\/wp\/v2\/users\/16"}],"replies":[{"embeddable":true,"href":"https:\/\/agora.xtec.cat\/iesmallafre\/wp-json\/wp\/v2\/comments?post=24821"}],"version-history":[{"count":2,"href":"https:\/\/agora.xtec.cat\/iesmallafre\/wp-json\/wp\/v2\/posts\/24821\/revisions"}],"predecessor-version":[{"id":24827,"href":"https:\/\/agora.xtec.cat\/iesmallafre\/wp-json\/wp\/v2\/posts\/24821\/revisions\/24827"}],"wp:featuredmedia":[{"embeddable":true,"href":"https:\/\/agora.xtec.cat\/iesmallafre\/wp-json\/wp\/v2\/media\/24823"}],"wp:attachment":[{"href":"https:\/\/agora.xtec.cat\/iesmallafre\/wp-json\/wp\/v2\/media?parent=24821"}],"wp:term":[{"taxonomy":"category","embeddable":true,"href":"https:\/\/agora.xtec.cat\/iesmallafre\/wp-json\/wp\/v2\/categories?post=24821"},{"taxonomy":"post_tag","embeddable":true,"href":"https:\/\/agora.xtec.cat\/iesmallafre\/wp-json\/wp\/v2\/tags?post=24821"}],"curies":[{"name":"wp","href":"https:\/\/api.w.org\/{rel}","templated":true}]}}