{"id":24812,"date":"2025-02-17T14:19:34","date_gmt":"2025-02-17T13:19:34","guid":{"rendered":"https:\/\/agora.xtec.cat\/iesmallafre\/?p=24812"},"modified":"2025-02-17T14:20:30","modified_gmt":"2025-02-17T13:20:30","slug":"lalumnat-del-menjallibres-2025-coneixen-a-lescriptor-ivan-ledesma","status":"publish","type":"post","link":"https:\/\/agora.xtec.cat\/iesmallafre\/eso\/lalumnat-del-menjallibres-2025-coneixen-a-lescriptor-ivan-ledesma\/","title":{"rendered":"L&#8217;alumnat del Menjallibres 2025 coneix a l&#8217;escriptor Iv\u00e1n Ledesma"},"content":{"rendered":"<p>L&#8217;alumnat de 1r i 2n d\u2019ESO que participa en el projecte Menjallibres 2025 ha tingut l\u2019oportunitat d\u2019assistir a una trobada liter\u00e0ria molt especial. L\u2019acte ha tingut lloc a l\u2019Auditori Eduard Toldr\u00e0, on han pogut con\u00e8ixer Iv\u00e1n Ledesma, autor del llibre <em>Alexa King i el m\u00f3n sota el llit<\/em>.<\/p>\n<p>Durant la trobada, els alumnes han compartit preguntes i impressions amb l\u2019autor, aprofitant per con\u00e8ixer m\u00e9s detalls sobre la seva obra i el proc\u00e9s de creaci\u00f3 liter\u00e0ria. A m\u00e9s, han compartit aquest mat\u00ed literari amb altres instituts del municipi.<\/p>\n<p><a href=\"https:\/\/agora.xtec.cat\/iesmallafre\/wp-content\/uploads\/usu105\/2025\/02\/1739537286606.jpg\"><img loading=\"lazy\" decoding=\"async\" class=\"wp-image-24814 aligncenter\" src=\"https:\/\/agora.xtec.cat\/iesmallafre\/wp-content\/uploads\/usu105\/2025\/02\/1739537286606.jpg\" alt=\"\" width=\"470\" height=\"353\" srcset=\"https:\/\/agora.xtec.cat\/iesmallafre\/wp-content\/uploads\/usu105\/2025\/02\/1739537286606.jpg 2048w, https:\/\/agora.xtec.cat\/iesmallafre\/wp-content\/uploads\/usu105\/2025\/02\/1739537286606-300x225.jpg 300w, https:\/\/agora.xtec.cat\/iesmallafre\/wp-content\/uploads\/usu105\/2025\/02\/1739537286606-1024x768.jpg 1024w, https:\/\/agora.xtec.cat\/iesmallafre\/wp-content\/uploads\/usu105\/2025\/02\/1739537286606-768x576.jpg 768w, https:\/\/agora.xtec.cat\/iesmallafre\/wp-content\/uploads\/usu105\/2025\/02\/1739537286606-1536x1152.jpg 1536w, https:\/\/agora.xtec.cat\/iesmallafre\/wp-content\/uploads\/usu105\/2025\/02\/1739537286606-200x150.jpg 200w\" sizes=\"auto, (max-width: 470px) 100vw, 470px\" \/><\/a><\/p>\n<p><a href=\"https:\/\/agora.xtec.cat\/iesmallafre\/wp-content\/uploads\/usu105\/2025\/02\/1739537286616.jpg\"><img loading=\"lazy\" decoding=\"async\" class=\"wp-image-24815 aligncenter\" src=\"https:\/\/agora.xtec.cat\/iesmallafre\/wp-content\/uploads\/usu105\/2025\/02\/1739537286616.jpg\" alt=\"\" width=\"482\" height=\"362\" srcset=\"https:\/\/agora.xtec.cat\/iesmallafre\/wp-content\/uploads\/usu105\/2025\/02\/1739537286616.jpg 1600w, https:\/\/agora.xtec.cat\/iesmallafre\/wp-content\/uploads\/usu105\/2025\/02\/1739537286616-300x225.jpg 300w, https:\/\/agora.xtec.cat\/iesmallafre\/wp-content\/uploads\/usu105\/2025\/02\/1739537286616-1024x768.jpg 1024w, https:\/\/agora.xtec.cat\/iesmallafre\/wp-content\/uploads\/usu105\/2025\/02\/1739537286616-768x576.jpg 768w, https:\/\/agora.xtec.cat\/iesmallafre\/wp-content\/uploads\/usu105\/2025\/02\/1739537286616-1536x1152.jpg 1536w, https:\/\/agora.xtec.cat\/iesmallafre\/wp-content\/uploads\/usu105\/2025\/02\/1739537286616-200x150.jpg 200w\" sizes=\"auto, (max-width: 482px) 100vw, 482px\" \/><\/a><\/p>\n<p><a href=\"https:\/\/agora.xtec.cat\/iesmallafre\/wp-content\/uploads\/usu105\/2025\/02\/1739537286624.jpg\"><img loading=\"lazy\" decoding=\"async\" class=\"wp-image-24816 aligncenter\" src=\"https:\/\/agora.xtec.cat\/iesmallafre\/wp-content\/uploads\/usu105\/2025\/02\/1739537286624.jpg\" alt=\"\" width=\"526\" height=\"701\" srcset=\"https:\/\/agora.xtec.cat\/iesmallafre\/wp-content\/uploads\/usu105\/2025\/02\/1739537286624.jpg 1200w, https:\/\/agora.xtec.cat\/iesmallafre\/wp-content\/uploads\/usu105\/2025\/02\/1739537286624-225x300.jpg 225w, https:\/\/agora.xtec.cat\/iesmallafre\/wp-content\/uploads\/usu105\/2025\/02\/1739537286624-768x1024.jpg 768w, https:\/\/agora.xtec.cat\/iesmallafre\/wp-content\/uploads\/usu105\/2025\/02\/1739537286624-1152x1536.jpg 1152w\" sizes=\"auto, (max-width: 526px) 100vw, 526px\" \/><\/a><\/p>\n","protected":false},"excerpt":{"rendered":"<p>L&#8217;alumnat de 1r i 2n d\u2019ESO que participa en el projecte Menjallibres 2025 ha tingut l\u2019oportunitat d\u2019assistir a una trobada liter\u00e0ria molt especial. L\u2019acte ha tingut lloc a l\u2019Auditori Eduard Toldr\u00e0, on han pogut con\u00e8ixer Iv\u00e1n Ledesma, autor del llibre Alexa King i el m\u00f3n&hellip;  <a href=\"https:\/\/agora.xtec.cat\/iesmallafre\/eso\/lalumnat-del-menjallibres-2025-coneixen-a-lescriptor-ivan-ledesma\/\" title=\"Read L&#8217;alumnat del Menjallibres 2025 coneix a l&#8217;escriptor Iv\u00e1n Ledesma\">Llegeix m\u00e9s\u00bb<\/a><\/p>\n","protected":false},"author":16,"featured_media":24813,"comment_status":"closed","ping_status":"closed","sticky":false,"template":"","format":"standard","meta":{"_bbp_topic_count":0,"_bbp_reply_count":0,"_bbp_total_topic_count":0,"_bbp_total_reply_count":0,"_bbp_voice_count":0,"_bbp_anonymous_reply_count":0,"_bbp_topic_count_hidden":0,"_bbp_reply_count_hidden":0,"_bbp_forum_subforum_count":0,"footnotes":""},"categories":[3,29],"tags":[],"class_list":["post-24812","post","type-post","status-publish","format-standard","has-post-thumbnail","hentry","category-eso","category-portada"],"post_mailing_queue_ids":[],"_links":{"self":[{"href":"https:\/\/agora.xtec.cat\/iesmallafre\/wp-json\/wp\/v2\/posts\/24812","targetHints":{"allow":["GET"]}}],"collection":[{"href":"https:\/\/agora.xtec.cat\/iesmallafre\/wp-json\/wp\/v2\/posts"}],"about":[{"href":"https:\/\/agora.xtec.cat\/iesmallafre\/wp-json\/wp\/v2\/types\/post"}],"author":[{"embeddable":true,"href":"https:\/\/agora.xtec.cat\/iesmallafre\/wp-json\/wp\/v2\/users\/16"}],"replies":[{"embeddable":true,"href":"https:\/\/agora.xtec.cat\/iesmallafre\/wp-json\/wp\/v2\/comments?post=24812"}],"version-history":[{"count":4,"href":"https:\/\/agora.xtec.cat\/iesmallafre\/wp-json\/wp\/v2\/posts\/24812\/revisions"}],"predecessor-version":[{"id":24818,"href":"https:\/\/agora.xtec.cat\/iesmallafre\/wp-json\/wp\/v2\/posts\/24812\/revisions\/24818"}],"wp:featuredmedia":[{"embeddable":true,"href":"https:\/\/agora.xtec.cat\/iesmallafre\/wp-json\/wp\/v2\/media\/24813"}],"wp:attachment":[{"href":"https:\/\/agora.xtec.cat\/iesmallafre\/wp-json\/wp\/v2\/media?parent=24812"}],"wp:term":[{"taxonomy":"category","embeddable":true,"href":"https:\/\/agora.xtec.cat\/iesmallafre\/wp-json\/wp\/v2\/categories?post=24812"},{"taxonomy":"post_tag","embeddable":true,"href":"https:\/\/agora.xtec.cat\/iesmallafre\/wp-json\/wp\/v2\/tags?post=24812"}],"curies":[{"name":"wp","href":"https:\/\/api.w.org\/{rel}","templated":true}]}}