{"id":24783,"date":"2025-02-04T12:59:09","date_gmt":"2025-02-04T11:59:09","guid":{"rendered":"https:\/\/agora.xtec.cat\/iesmallafre\/?p=24783"},"modified":"2025-02-04T13:08:40","modified_gmt":"2025-02-04T12:08:40","slug":"en-marxa-les-propostes-de-millora-ambiental-dels-delegats-ambientals","status":"publish","type":"post","link":"https:\/\/agora.xtec.cat\/iesmallafre\/general\/en-marxa-les-propostes-de-millora-ambiental-dels-delegats-ambientals\/","title":{"rendered":"En marxa les propostes de millora ambiental dels delegats ambientals"},"content":{"rendered":"<p dir=\"ltr\">A la darrera reuni\u00f3 d\u2019ecodelegats\/des, per grups vam treballar diverses propostes per millorar l\u2019impacte ambiental del nostre institut. Despr\u00e9s de posar-les en com\u00fa, van sorgir les seg\u00fcents idees:<\/p>\n<h4 dir=\"ltr\">Resum de propostes:<\/h4>\n<ul>\n<li dir=\"ltr\">\n<p dir=\"ltr\" role=\"presentation\">Reciclatge:<\/p>\n<\/li>\n<\/ul>\n<p dir=\"ltr\">Recollida selectiva de pl\u00e0stic, brossa org\u00e0nica, piles i bateries, paper.<\/p>\n<p dir=\"ltr\">Col\u00b7locar cartells informatius al costat dels contenidors per conscienciar sobre la import\u00e0ncia del reciclatge.<\/p>\n<ul>\n<li dir=\"ltr\">\n<p dir=\"ltr\" role=\"presentation\">Conscienciaci\u00f3:<\/p>\n<\/li>\n<\/ul>\n<p dir=\"ltr\">Organitzar xerrades per fomentar h\u00e0bits sostenibles.<\/p>\n<ul>\n<li dir=\"ltr\">\n<p dir=\"ltr\" role=\"presentation\">Millores al pati:<\/p>\n<\/li>\n<\/ul>\n<p dir=\"ltr\">Suggerir millores per naturalitzar l\u2019espai.<\/p>\n<ul>\n<li dir=\"ltr\">\n<p dir=\"ltr\" role=\"presentation\">Estalvi d\u2019aigua:<\/p>\n<\/li>\n<\/ul>\n<p dir=\"ltr\">Proposar mesures\u00a0 per reduir el consum d\u2019aigua i evitar el malbaratament.<\/p>\n<p dir=\"ltr\">Amb aquestes iniciatives, volem treballar plegats per fer de l\u2019institut un espai m\u00e9s sostenible i respectu\u00f3s amb el medi ambient.<\/p>\n<p dir=\"ltr\">De fet, ja ens hem posat mans a l\u2019obra amb una de les nostres propostes: la recollida de piles! El nostre institut s\u2019ha inscrit en el <a href=\"https:\/\/www.apilo.cat\/concurs\/\" target=\"_blank\" rel=\"noopener\" data-saferedirecturl=\"https:\/\/www.google.com\/url?q=https:\/\/www.apilo.cat\/concurs\/&amp;source=gmail&amp;ust=1738756038746000&amp;usg=AOvVaw1IMAbvK9fXCZVca9Rw2XG8\">Concurs Apilo<\/a>, i per aix\u00f2 iniciarem una campanya informativa a tot el centre.<\/p>\n<p dir=\"ltr\">Volem conscienciar sobre la import\u00e0ncia de reciclar correctament les piles i els greus efectes que poden tenir sobre el medi ambient i la nostra salut si no es gestionen adequadament.<\/p>\n<p dir=\"ltr\"><img decoding=\"async\" class=\"an1\" draggable=\"false\" src=\"https:\/\/fonts.gstatic.com\/s\/e\/notoemoji\/16.0\/1f50b\/72.png\" alt=\"\ud83d\udd0b\" data-emoji=\"\ud83d\udd0b\" aria-label=\"\ud83d\udd0b\" \/><img decoding=\"async\" class=\"an1\" draggable=\"false\" src=\"https:\/\/fonts.gstatic.com\/s\/e\/notoemoji\/16.0\/267b_fe0f\/72.png\" alt=\"\u267b\ufe0f\" data-emoji=\"\u267b\ufe0f\" aria-label=\"\u267b\ufe0f\" \/> Us necessitem a tots! Esperem que la recollida sigui un \u00e8xit i que, entre tots, aconseguim guanyar el concurs!<\/p>\n<p><a href=\"https:\/\/agora.xtec.cat\/iesmallafre\/wp-content\/uploads\/usu105\/2025\/02\/IMG_0430.jpg\"><img loading=\"lazy\" decoding=\"async\" class=\"alignnone size-full wp-image-24784\" src=\"https:\/\/agora.xtec.cat\/iesmallafre\/wp-content\/uploads\/usu105\/2025\/02\/IMG_0430.jpg\" alt=\"\" width=\"1210\" height=\"1620\" srcset=\"https:\/\/agora.xtec.cat\/iesmallafre\/wp-content\/uploads\/usu105\/2025\/02\/IMG_0430.jpg 1210w, https:\/\/agora.xtec.cat\/iesmallafre\/wp-content\/uploads\/usu105\/2025\/02\/IMG_0430-224x300.jpg 224w, https:\/\/agora.xtec.cat\/iesmallafre\/wp-content\/uploads\/usu105\/2025\/02\/IMG_0430-765x1024.jpg 765w, https:\/\/agora.xtec.cat\/iesmallafre\/wp-content\/uploads\/usu105\/2025\/02\/IMG_0430-768x1028.jpg 768w, https:\/\/agora.xtec.cat\/iesmallafre\/wp-content\/uploads\/usu105\/2025\/02\/IMG_0430-1147x1536.jpg 1147w\" sizes=\"auto, (max-width: 1210px) 100vw, 1210px\" \/><\/a><\/p>\n","protected":false},"excerpt":{"rendered":"<p>A la darrera reuni\u00f3 d\u2019ecodelegats\/des, per grups vam treballar diverses propostes per millorar l\u2019impacte ambiental del nostre institut. Despr\u00e9s de posar-les en com\u00fa, van sorgir les seg\u00fcents idees:<br \/>\nResum de propostes:<\/p>\n<ul>\n<li dir=\"ltr\">\nReciclatge:\n<\/li>\n<\/ul>\n<p>Recollida selectiva de pl\u00e0stic, brossa org\u00e0nica, piles i bateries, paper.<br \/>\nCol\u00b7locar cartells informatius al costat dels&hellip;  <a href=\"https:\/\/agora.xtec.cat\/iesmallafre\/general\/en-marxa-les-propostes-de-millora-ambiental-dels-delegats-ambientals\/\" title=\"Read En marxa les propostes de millora ambiental dels delegats ambientals\">Llegeix m\u00e9s\u00bb<\/a><\/p>\n","protected":false},"author":16,"featured_media":24786,"comment_status":"closed","ping_status":"closed","sticky":false,"template":"","format":"standard","meta":{"_bbp_topic_count":0,"_bbp_reply_count":0,"_bbp_total_topic_count":0,"_bbp_total_reply_count":0,"_bbp_voice_count":0,"_bbp_anonymous_reply_count":0,"_bbp_topic_count_hidden":0,"_bbp_reply_count_hidden":0,"_bbp_forum_subforum_count":0,"footnotes":""},"categories":[3,306,1,29],"tags":[],"class_list":["post-24783","post","type-post","status-publish","format-standard","has-post-thumbnail","hentry","category-eso","category-escola-verda","category-general","category-portada"],"post_mailing_queue_ids":[],"_links":{"self":[{"href":"https:\/\/agora.xtec.cat\/iesmallafre\/wp-json\/wp\/v2\/posts\/24783","targetHints":{"allow":["GET"]}}],"collection":[{"href":"https:\/\/agora.xtec.cat\/iesmallafre\/wp-json\/wp\/v2\/posts"}],"about":[{"href":"https:\/\/agora.xtec.cat\/iesmallafre\/wp-json\/wp\/v2\/types\/post"}],"author":[{"embeddable":true,"href":"https:\/\/agora.xtec.cat\/iesmallafre\/wp-json\/wp\/v2\/users\/16"}],"replies":[{"embeddable":true,"href":"https:\/\/agora.xtec.cat\/iesmallafre\/wp-json\/wp\/v2\/comments?post=24783"}],"version-history":[{"count":1,"href":"https:\/\/agora.xtec.cat\/iesmallafre\/wp-json\/wp\/v2\/posts\/24783\/revisions"}],"predecessor-version":[{"id":24785,"href":"https:\/\/agora.xtec.cat\/iesmallafre\/wp-json\/wp\/v2\/posts\/24783\/revisions\/24785"}],"wp:featuredmedia":[{"embeddable":true,"href":"https:\/\/agora.xtec.cat\/iesmallafre\/wp-json\/wp\/v2\/media\/24786"}],"wp:attachment":[{"href":"https:\/\/agora.xtec.cat\/iesmallafre\/wp-json\/wp\/v2\/media?parent=24783"}],"wp:term":[{"taxonomy":"category","embeddable":true,"href":"https:\/\/agora.xtec.cat\/iesmallafre\/wp-json\/wp\/v2\/categories?post=24783"},{"taxonomy":"post_tag","embeddable":true,"href":"https:\/\/agora.xtec.cat\/iesmallafre\/wp-json\/wp\/v2\/tags?post=24783"}],"curies":[{"name":"wp","href":"https:\/\/api.w.org\/{rel}","templated":true}]}}