{"id":24765,"date":"2025-02-04T12:21:55","date_gmt":"2025-02-04T11:21:55","guid":{"rendered":"https:\/\/agora.xtec.cat\/iesmallafre\/?p=24765"},"modified":"2025-02-04T12:22:45","modified_gmt":"2025-02-04T11:22:45","slug":"alumnes-de-2n-c-graven-un-programa-de-radio","status":"publish","type":"post","link":"https:\/\/agora.xtec.cat\/iesmallafre\/general\/alumnes-de-2n-c-graven-un-programa-de-radio\/","title":{"rendered":"Alumnes de 2n C graven un programa de r\u00e0dio"},"content":{"rendered":"<p>L&#8217;alumnat de 2nC de l\u2019ESO de l\u2019Institut Dolors Mallafr\u00e8 ha gravat un programa de r\u00e0dio durant les classes de la mat\u00e8ria de Catal\u00e0. L\u2019enregistrament s\u2019ha fet a l\u2019aula amb els aparells de la Maleta Audiovisual proporcionada per la Generalitat de Catalunya.<\/p>\n<p>Amb aquesta activitat han experimentat com es fa un espai radiof\u00f2nic des de la planificaci\u00f3, la redacci\u00f3, la locuci\u00f3 i la captaci\u00f3 de l\u2019\u00e0udio amb l\u2019objectiu que tothom el pugui escoltar a trav\u00e9s de la p\u00e0gina web del centre.<\/p>\n<p>Amb aquesta primera activitat, s\u2019obre un gran ventall de possibilitats de creaci\u00f3 art\u00edstica audiovisual de tots els \u00e0mbits, en especial l&#8217;art\u00edstic i el ling\u00fc\u00edstic.<\/p>\n<p><a href=\"https:\/\/agora.xtec.cat\/iesmallafre\/wp-content\/uploads\/usu105\/2025\/01\/WhatsApp-Image-2025-01-23-at-14.10.33-1.jpeg\"><img loading=\"lazy\" decoding=\"async\" class=\"wp-image-24767 aligncenter\" src=\"https:\/\/agora.xtec.cat\/iesmallafre\/wp-content\/uploads\/usu105\/2025\/01\/WhatsApp-Image-2025-01-23-at-14.10.33-1.jpeg\" alt=\"\" width=\"477\" height=\"262\" srcset=\"https:\/\/agora.xtec.cat\/iesmallafre\/wp-content\/uploads\/usu105\/2025\/01\/WhatsApp-Image-2025-01-23-at-14.10.33-1.jpeg 1579w, https:\/\/agora.xtec.cat\/iesmallafre\/wp-content\/uploads\/usu105\/2025\/01\/WhatsApp-Image-2025-01-23-at-14.10.33-1-300x165.jpeg 300w, https:\/\/agora.xtec.cat\/iesmallafre\/wp-content\/uploads\/usu105\/2025\/01\/WhatsApp-Image-2025-01-23-at-14.10.33-1-1024x562.jpeg 1024w, https:\/\/agora.xtec.cat\/iesmallafre\/wp-content\/uploads\/usu105\/2025\/01\/WhatsApp-Image-2025-01-23-at-14.10.33-1-768x422.jpeg 768w, https:\/\/agora.xtec.cat\/iesmallafre\/wp-content\/uploads\/usu105\/2025\/01\/WhatsApp-Image-2025-01-23-at-14.10.33-1-1536x843.jpeg 1536w\" sizes=\"auto, (max-width: 477px) 100vw, 477px\" \/><\/a><\/p>\n<p>&nbsp;<\/p>\n<p><iframe loading=\"lazy\" class=\"wp-embedded-content\" sandbox=\"allow-scripts\" security=\"restricted\" title=\"R\u00e0dio Dolors Mallafr\u00e8\" src=\"https:\/\/widget.spreaker.com\/player?show_id=6510078&#038;theme=light&#038;cover_image_url=https%3A%2F%2Fd3wo5wojvuv7l.cloudfront.net%2Fimages.spreaker.com%2Foriginal%2Fc22698be64ae90bfb316e11227cc25a2.jpg&#038;playlist=true#?secret=Ol2994JjZU\" data-secret=\"Ol2994JjZU\" width=\"500\" height=\"750\" frameborder=\"0\"><\/iframe><\/p>\n<p>&nbsp;<\/p>\n","protected":false},"excerpt":{"rendered":"<p>L&#8217;alumnat de 2nC de l\u2019ESO de l\u2019Institut Dolors Mallafr\u00e8 ha gravat un programa de r\u00e0dio durant les classes de la mat\u00e8ria de Catal\u00e0. L\u2019enregistrament s\u2019ha fet a l\u2019aula amb els aparells de la Maleta Audiovisual proporcionada per la Generalitat de Catalunya.<br \/>\nAmb aquesta activitat han experimentat&hellip;  <a href=\"https:\/\/agora.xtec.cat\/iesmallafre\/general\/alumnes-de-2n-c-graven-un-programa-de-radio\/\" title=\"Read Alumnes de 2n C graven un programa de r\u00e0dio\">Llegeix m\u00e9s\u00bb<\/a><\/p>\n","protected":false},"author":16,"featured_media":24766,"comment_status":"closed","ping_status":"closed","sticky":false,"template":"","format":"standard","meta":{"_bbp_topic_count":0,"_bbp_reply_count":0,"_bbp_total_topic_count":0,"_bbp_total_reply_count":0,"_bbp_voice_count":0,"_bbp_anonymous_reply_count":0,"_bbp_topic_count_hidden":0,"_bbp_reply_count_hidden":0,"_bbp_forum_subforum_count":0,"footnotes":""},"categories":[3,5,1,29],"tags":[],"class_list":["post-24765","post","type-post","status-publish","format-standard","has-post-thumbnail","hentry","category-eso","category-eso-2","category-general","category-portada"],"post_mailing_queue_ids":[],"_links":{"self":[{"href":"https:\/\/agora.xtec.cat\/iesmallafre\/wp-json\/wp\/v2\/posts\/24765","targetHints":{"allow":["GET"]}}],"collection":[{"href":"https:\/\/agora.xtec.cat\/iesmallafre\/wp-json\/wp\/v2\/posts"}],"about":[{"href":"https:\/\/agora.xtec.cat\/iesmallafre\/wp-json\/wp\/v2\/types\/post"}],"author":[{"embeddable":true,"href":"https:\/\/agora.xtec.cat\/iesmallafre\/wp-json\/wp\/v2\/users\/16"}],"replies":[{"embeddable":true,"href":"https:\/\/agora.xtec.cat\/iesmallafre\/wp-json\/wp\/v2\/comments?post=24765"}],"version-history":[{"count":6,"href":"https:\/\/agora.xtec.cat\/iesmallafre\/wp-json\/wp\/v2\/posts\/24765\/revisions"}],"predecessor-version":[{"id":24782,"href":"https:\/\/agora.xtec.cat\/iesmallafre\/wp-json\/wp\/v2\/posts\/24765\/revisions\/24782"}],"wp:featuredmedia":[{"embeddable":true,"href":"https:\/\/agora.xtec.cat\/iesmallafre\/wp-json\/wp\/v2\/media\/24766"}],"wp:attachment":[{"href":"https:\/\/agora.xtec.cat\/iesmallafre\/wp-json\/wp\/v2\/media?parent=24765"}],"wp:term":[{"taxonomy":"category","embeddable":true,"href":"https:\/\/agora.xtec.cat\/iesmallafre\/wp-json\/wp\/v2\/categories?post=24765"},{"taxonomy":"post_tag","embeddable":true,"href":"https:\/\/agora.xtec.cat\/iesmallafre\/wp-json\/wp\/v2\/tags?post=24765"}],"curies":[{"name":"wp","href":"https:\/\/api.w.org\/{rel}","templated":true}]}}