{"id":24756,"date":"2025-01-31T12:30:35","date_gmt":"2025-01-31T11:30:35","guid":{"rendered":"https:\/\/agora.xtec.cat\/iesmallafre\/?p=24756"},"modified":"2025-01-31T12:30:35","modified_gmt":"2025-01-31T11:30:35","slug":"participacio-de-lalumnat-deso-a-la-copa-cangur-2025","status":"publish","type":"post","link":"https:\/\/agora.xtec.cat\/iesmallafre\/eso\/participacio-de-lalumnat-deso-a-la-copa-cangur-2025\/","title":{"rendered":"Participaci\u00f3 de l&#8217;alumnat d&#8217;ESO a la Copa Cangur 2025"},"content":{"rendered":"<p>El passat dimecres 29 de gener, l\u2019Institut Baix a mar de Vilanova i la Geltr\u00fa va acollir una nova edici\u00f3 de la Copa Cangur, un concurs de resoluci\u00f3 de problemes matem\u00e0tics per equips que reuneix estudiants de diferents centres per posar a prova les seves habilitats en aquesta disciplina.<\/p>\n<p>Aquest concurs presencial est\u00e0 organitzat per la Societat Catalana de Matem\u00e0tiques i consisteix en la resoluci\u00f3 de 12 problemes matem\u00e0tics en 60 minuts, amb una puntuaci\u00f3 variable que fa que l&#8217;estrat\u00e8gia de l\u2019equip sigui clau.<\/p>\n<p>El nostre institut hi va participar amb dos equips: un en la categoria cadet (1r i 2n d\u2019ESO) i un altre en la categoria j\u00fanior (3r i 4t d\u2019ESO). En cadascuna de les categories hi competien 16 equips. L\u2019equip j\u00fanior va aconseguir la 6a posici\u00f3 i l\u2019equip cadet va quedar en 15a posici\u00f3.<\/p>\n<p>Aquesta competici\u00f3 posa a prova el raonament matem\u00e0tic dels participants i fomenta el treball en equip, ja que els estudiants han de coordinar-se, prendre decisions conjuntes i repartir-se les estrat\u00e8gies per resoldre els problemes amb efic\u00e0cia. Ha estat una gran experi\u00e8ncia que ha perm\u00e8s als alumnes aprendre i gaudir de les matem\u00e0tiques d\u2019una manera diferent i motivadora.<\/p>\n<p><a href=\"https:\/\/agora.xtec.cat\/iesmallafre\/wp-content\/uploads\/usu105\/2025\/01\/IMG_2429.jpg\"><img loading=\"lazy\" decoding=\"async\" class=\"wp-image-24761 aligncenter\" src=\"https:\/\/agora.xtec.cat\/iesmallafre\/wp-content\/uploads\/usu105\/2025\/01\/IMG_2429.jpg\" alt=\"\" width=\"457\" height=\"343\" srcset=\"https:\/\/agora.xtec.cat\/iesmallafre\/wp-content\/uploads\/usu105\/2025\/01\/IMG_2429.jpg 2000w, https:\/\/agora.xtec.cat\/iesmallafre\/wp-content\/uploads\/usu105\/2025\/01\/IMG_2429-300x225.jpg 300w, https:\/\/agora.xtec.cat\/iesmallafre\/wp-content\/uploads\/usu105\/2025\/01\/IMG_2429-1024x768.jpg 1024w, https:\/\/agora.xtec.cat\/iesmallafre\/wp-content\/uploads\/usu105\/2025\/01\/IMG_2429-768x576.jpg 768w, https:\/\/agora.xtec.cat\/iesmallafre\/wp-content\/uploads\/usu105\/2025\/01\/IMG_2429-1536x1152.jpg 1536w, https:\/\/agora.xtec.cat\/iesmallafre\/wp-content\/uploads\/usu105\/2025\/01\/IMG_2429-200x150.jpg 200w\" sizes=\"auto, (max-width: 457px) 100vw, 457px\" \/><\/a><\/p>\n<p><a href=\"https:\/\/agora.xtec.cat\/iesmallafre\/wp-content\/uploads\/usu105\/2025\/01\/IMG_8799-e1738321531575.jpg\"><img loading=\"lazy\" decoding=\"async\" class=\"wp-image-24760 aligncenter\" src=\"https:\/\/agora.xtec.cat\/iesmallafre\/wp-content\/uploads\/usu105\/2025\/01\/IMG_8799-e1738321531575.jpg\" alt=\"\" width=\"487\" height=\"350\" srcset=\"https:\/\/agora.xtec.cat\/iesmallafre\/wp-content\/uploads\/usu105\/2025\/01\/IMG_8799-e1738321531575.jpg 1500w, https:\/\/agora.xtec.cat\/iesmallafre\/wp-content\/uploads\/usu105\/2025\/01\/IMG_8799-e1738321531575-300x216.jpg 300w, https:\/\/agora.xtec.cat\/iesmallafre\/wp-content\/uploads\/usu105\/2025\/01\/IMG_8799-e1738321531575-1024x737.jpg 1024w, https:\/\/agora.xtec.cat\/iesmallafre\/wp-content\/uploads\/usu105\/2025\/01\/IMG_8799-e1738321531575-768x553.jpg 768w\" sizes=\"auto, (max-width: 487px) 100vw, 487px\" \/><\/a><\/p>\n<p><a href=\"https:\/\/agora.xtec.cat\/iesmallafre\/wp-content\/uploads\/usu105\/2025\/01\/IMG_2430-scaled-e1738321713999.jpeg\"><img loading=\"lazy\" decoding=\"async\" class=\"wp-image-24759 aligncenter\" src=\"https:\/\/agora.xtec.cat\/iesmallafre\/wp-content\/uploads\/usu105\/2025\/01\/IMG_2430-scaled-e1738321713999.jpeg\" alt=\"\" width=\"560\" height=\"381\" srcset=\"https:\/\/agora.xtec.cat\/iesmallafre\/wp-content\/uploads\/usu105\/2025\/01\/IMG_2430-scaled-e1738321713999.jpeg 1958w, https:\/\/agora.xtec.cat\/iesmallafre\/wp-content\/uploads\/usu105\/2025\/01\/IMG_2430-scaled-e1738321713999-300x204.jpeg 300w, https:\/\/agora.xtec.cat\/iesmallafre\/wp-content\/uploads\/usu105\/2025\/01\/IMG_2430-scaled-e1738321713999-1024x696.jpeg 1024w, https:\/\/agora.xtec.cat\/iesmallafre\/wp-content\/uploads\/usu105\/2025\/01\/IMG_2430-scaled-e1738321713999-768x522.jpeg 768w, https:\/\/agora.xtec.cat\/iesmallafre\/wp-content\/uploads\/usu105\/2025\/01\/IMG_2430-scaled-e1738321713999-1536x1044.jpeg 1536w\" sizes=\"auto, (max-width: 560px) 100vw, 560px\" \/><\/a><\/p>\n<p><a href=\"https:\/\/agora.xtec.cat\/iesmallafre\/wp-content\/uploads\/usu105\/2025\/01\/IMG_8810-e1738321791391.jpg\"><img loading=\"lazy\" decoding=\"async\" class=\"wp-image-24758 aligncenter\" src=\"https:\/\/agora.xtec.cat\/iesmallafre\/wp-content\/uploads\/usu105\/2025\/01\/IMG_8810-e1738321791391.jpg\" alt=\"\" width=\"532\" height=\"361\" srcset=\"https:\/\/agora.xtec.cat\/iesmallafre\/wp-content\/uploads\/usu105\/2025\/01\/IMG_8810-e1738321791391.jpg 1730w, https:\/\/agora.xtec.cat\/iesmallafre\/wp-content\/uploads\/usu105\/2025\/01\/IMG_8810-e1738321791391-300x203.jpg 300w, https:\/\/agora.xtec.cat\/iesmallafre\/wp-content\/uploads\/usu105\/2025\/01\/IMG_8810-e1738321791391-1024x694.jpg 1024w, https:\/\/agora.xtec.cat\/iesmallafre\/wp-content\/uploads\/usu105\/2025\/01\/IMG_8810-e1738321791391-768x521.jpg 768w, https:\/\/agora.xtec.cat\/iesmallafre\/wp-content\/uploads\/usu105\/2025\/01\/IMG_8810-e1738321791391-1536x1041.jpg 1536w\" sizes=\"auto, (max-width: 532px) 100vw, 532px\" \/><\/a><\/p>\n<p>&nbsp;<\/p>\n<p>&nbsp;<\/p>\n","protected":false},"excerpt":{"rendered":"<p>El passat dimecres 29 de gener, l\u2019Institut Baix a mar de Vilanova i la Geltr\u00fa va acollir una nova edici\u00f3 de la Copa Cangur, un concurs de resoluci\u00f3 de problemes matem\u00e0tics per equips que reuneix estudiants de diferents centres per posar a prova les seves&hellip;  <a href=\"https:\/\/agora.xtec.cat\/iesmallafre\/eso\/participacio-de-lalumnat-deso-a-la-copa-cangur-2025\/\" title=\"Read Participaci\u00f3 de l&#8217;alumnat d&#8217;ESO a la Copa Cangur 2025\">Llegeix m\u00e9s\u00bb<\/a><\/p>\n","protected":false},"author":16,"featured_media":24761,"comment_status":"closed","ping_status":"closed","sticky":false,"template":"","format":"standard","meta":{"_bbp_topic_count":0,"_bbp_reply_count":0,"_bbp_total_topic_count":0,"_bbp_total_reply_count":0,"_bbp_voice_count":0,"_bbp_anonymous_reply_count":0,"_bbp_topic_count_hidden":0,"_bbp_reply_count_hidden":0,"_bbp_forum_subforum_count":0,"footnotes":""},"categories":[3,29],"tags":[],"class_list":["post-24756","post","type-post","status-publish","format-standard","has-post-thumbnail","hentry","category-eso","category-portada"],"post_mailing_queue_ids":[],"_links":{"self":[{"href":"https:\/\/agora.xtec.cat\/iesmallafre\/wp-json\/wp\/v2\/posts\/24756","targetHints":{"allow":["GET"]}}],"collection":[{"href":"https:\/\/agora.xtec.cat\/iesmallafre\/wp-json\/wp\/v2\/posts"}],"about":[{"href":"https:\/\/agora.xtec.cat\/iesmallafre\/wp-json\/wp\/v2\/types\/post"}],"author":[{"embeddable":true,"href":"https:\/\/agora.xtec.cat\/iesmallafre\/wp-json\/wp\/v2\/users\/16"}],"replies":[{"embeddable":true,"href":"https:\/\/agora.xtec.cat\/iesmallafre\/wp-json\/wp\/v2\/comments?post=24756"}],"version-history":[{"count":3,"href":"https:\/\/agora.xtec.cat\/iesmallafre\/wp-json\/wp\/v2\/posts\/24756\/revisions"}],"predecessor-version":[{"id":24764,"href":"https:\/\/agora.xtec.cat\/iesmallafre\/wp-json\/wp\/v2\/posts\/24756\/revisions\/24764"}],"wp:featuredmedia":[{"embeddable":true,"href":"https:\/\/agora.xtec.cat\/iesmallafre\/wp-json\/wp\/v2\/media\/24761"}],"wp:attachment":[{"href":"https:\/\/agora.xtec.cat\/iesmallafre\/wp-json\/wp\/v2\/media?parent=24756"}],"wp:term":[{"taxonomy":"category","embeddable":true,"href":"https:\/\/agora.xtec.cat\/iesmallafre\/wp-json\/wp\/v2\/categories?post=24756"},{"taxonomy":"post_tag","embeddable":true,"href":"https:\/\/agora.xtec.cat\/iesmallafre\/wp-json\/wp\/v2\/tags?post=24756"}],"curies":[{"name":"wp","href":"https:\/\/api.w.org\/{rel}","templated":true}]}}