{"id":24700,"date":"2025-01-21T11:44:50","date_gmt":"2025-01-21T10:44:50","guid":{"rendered":"https:\/\/agora.xtec.cat\/iesmallafre\/?p=24700"},"modified":"2025-01-21T11:46:37","modified_gmt":"2025-01-21T10:46:37","slug":"raquel-casas-guanyadora-dels-premis-de-la-comunicacio-local","status":"publish","type":"post","link":"https:\/\/agora.xtec.cat\/iesmallafre\/portada\/raquel-casas-guanyadora-dels-premis-de-la-comunicacio-local\/","title":{"rendered":"Raquel Casas guanyadora dels Premis de la Comunicaci\u00f3 Local"},"content":{"rendered":"<p>La nostra professora de llengua i literatura, la Raquel Casas, rep un nou guard\u00f3, el premi al millor projecte multim\u00e8dia en els Premis de la Comunicaci\u00f3 Local que convoca la Diputaci\u00f3 de Barcelona pel p\u00f2dcast geMMinades.<\/p>\n<p dir=\"auto\">Juntament amb L\u00eddia G\u00e0zquez i Adrian G\u00e1zquez, fa 2 anys que van crear aquest videop\u00f2dcast de literatura catalana de proximitat que podeu seguir a Youtube, Spotify, a la revista Tothosap! i ara tamb\u00e9 a Canal Blau.<\/p>\n<p dir=\"auto\">El jurat ha destacat el seu comprom\u00eds amb la cultura, la literatura de proximitat i la llengua, a m\u00e9s de l&#8217;acurada selecci\u00f3 dels protagonistes als quals donen veu, tot plegat macerat amb una calidesa que converteix geMMinades en un producte in\u00e8dit i original.<\/p>\n<p>Els Premis de Comunicaci\u00f3 Local van n\u00e9ixer per reivindicar la tasca de les publicacions, les r\u00e0dios, les televisions i els mitjans digitals municipals, locals i comarcals.<\/p>\n<p><a href=\"https:\/\/canalblau.tv\/2025\/01\/16\/premi-al-projecte-de-literatura-catalana-gemminades\/\">Enlla\u00e7 a la not\u00edcia<\/a><\/p>\n<div><a href=\"https:\/\/agora.xtec.cat\/iesmallafre\/wp-content\/uploads\/usu105\/2025\/01\/gemminades.jpg\"><img loading=\"lazy\" decoding=\"async\" class=\"wp-image-24701 aligncenter\" src=\"https:\/\/agora.xtec.cat\/iesmallafre\/wp-content\/uploads\/usu105\/2025\/01\/gemminades.jpg\" alt=\"\" width=\"557\" height=\"990\" srcset=\"https:\/\/agora.xtec.cat\/iesmallafre\/wp-content\/uploads\/usu105\/2025\/01\/gemminades.jpg 900w, https:\/\/agora.xtec.cat\/iesmallafre\/wp-content\/uploads\/usu105\/2025\/01\/gemminades-169x300.jpg 169w, https:\/\/agora.xtec.cat\/iesmallafre\/wp-content\/uploads\/usu105\/2025\/01\/gemminades-576x1024.jpg 576w, https:\/\/agora.xtec.cat\/iesmallafre\/wp-content\/uploads\/usu105\/2025\/01\/gemminades-768x1365.jpg 768w, https:\/\/agora.xtec.cat\/iesmallafre\/wp-content\/uploads\/usu105\/2025\/01\/gemminades-864x1536.jpg 864w\" sizes=\"auto, (max-width: 557px) 100vw, 557px\" \/><\/a><\/div>\n","protected":false},"excerpt":{"rendered":"<p>La nostra professora de llengua i literatura, la Raquel Casas, rep un nou guard\u00f3, el premi al millor projecte multim\u00e8dia en els Premis de la Comunicaci\u00f3 Local que convoca la Diputaci\u00f3 de Barcelona pel p\u00f2dcast geMMinades.<br \/>\nJuntament amb L\u00eddia G\u00e0zquez i Adrian G\u00e1zquez, fa 2 anys&hellip;  <a href=\"https:\/\/agora.xtec.cat\/iesmallafre\/portada\/raquel-casas-guanyadora-dels-premis-de-la-comunicacio-local\/\" title=\"Read Raquel Casas guanyadora dels Premis de la Comunicaci\u00f3 Local\">Llegeix m\u00e9s\u00bb<\/a><\/p>\n","protected":false},"author":16,"featured_media":24704,"comment_status":"closed","ping_status":"closed","sticky":false,"template":"","format":"standard","meta":{"_bbp_topic_count":0,"_bbp_reply_count":0,"_bbp_total_topic_count":0,"_bbp_total_reply_count":0,"_bbp_voice_count":0,"_bbp_anonymous_reply_count":0,"_bbp_topic_count_hidden":0,"_bbp_reply_count_hidden":0,"_bbp_forum_subforum_count":0,"footnotes":""},"categories":[29],"tags":[],"class_list":["post-24700","post","type-post","status-publish","format-standard","has-post-thumbnail","hentry","category-portada"],"post_mailing_queue_ids":[],"_links":{"self":[{"href":"https:\/\/agora.xtec.cat\/iesmallafre\/wp-json\/wp\/v2\/posts\/24700","targetHints":{"allow":["GET"]}}],"collection":[{"href":"https:\/\/agora.xtec.cat\/iesmallafre\/wp-json\/wp\/v2\/posts"}],"about":[{"href":"https:\/\/agora.xtec.cat\/iesmallafre\/wp-json\/wp\/v2\/types\/post"}],"author":[{"embeddable":true,"href":"https:\/\/agora.xtec.cat\/iesmallafre\/wp-json\/wp\/v2\/users\/16"}],"replies":[{"embeddable":true,"href":"https:\/\/agora.xtec.cat\/iesmallafre\/wp-json\/wp\/v2\/comments?post=24700"}],"version-history":[{"count":3,"href":"https:\/\/agora.xtec.cat\/iesmallafre\/wp-json\/wp\/v2\/posts\/24700\/revisions"}],"predecessor-version":[{"id":24705,"href":"https:\/\/agora.xtec.cat\/iesmallafre\/wp-json\/wp\/v2\/posts\/24700\/revisions\/24705"}],"wp:featuredmedia":[{"embeddable":true,"href":"https:\/\/agora.xtec.cat\/iesmallafre\/wp-json\/wp\/v2\/media\/24704"}],"wp:attachment":[{"href":"https:\/\/agora.xtec.cat\/iesmallafre\/wp-json\/wp\/v2\/media?parent=24700"}],"wp:term":[{"taxonomy":"category","embeddable":true,"href":"https:\/\/agora.xtec.cat\/iesmallafre\/wp-json\/wp\/v2\/categories?post=24700"},{"taxonomy":"post_tag","embeddable":true,"href":"https:\/\/agora.xtec.cat\/iesmallafre\/wp-json\/wp\/v2\/tags?post=24700"}],"curies":[{"name":"wp","href":"https:\/\/api.w.org\/{rel}","templated":true}]}}