{"id":24672,"date":"2024-12-17T13:36:11","date_gmt":"2024-12-17T12:36:11","guid":{"rendered":"https:\/\/agora.xtec.cat\/iesmallafre\/?p=24672"},"modified":"2024-12-17T13:36:42","modified_gmt":"2024-12-17T12:36:42","slug":"sorteig-de-la-panera-de-nadal-de-4t-deso","status":"publish","type":"post","link":"https:\/\/agora.xtec.cat\/iesmallafre\/eso\/sorteig-de-la-panera-de-nadal-de-4t-deso\/","title":{"rendered":"Sorteig de la Panera de Nadal de 4t d&#8217;ESO"},"content":{"rendered":"<div class=\"flex max-w-full flex-col flex-grow\">\n<div class=\"min-h-8 text-message flex w-full flex-col items-end gap-2 whitespace-normal break-words text-start [.text-message+&amp;]:mt-5\" dir=\"auto\" data-message-author-role=\"assistant\" data-message-id=\"b235805c-1718-4bfa-9938-843e227b14a0\" data-message-model-slug=\"gpt-4o\">\n<div class=\"flex w-full flex-col gap-1 empty:hidden first:pt-[3px]\">\n<div class=\"markdown prose w-full break-words dark:prose-invert light\">\n<p>Avui, l\u2019alumnat de 4t d\u2019ESO ha celebrat el sorteig de la Panera de Nadal. Aquesta activitat ha repartit tres premis entre els participants.<\/p>\n<p>Cada panera estava plena de productes variats gr\u00e0cies a les donacions de comer\u00e7os locals de Vilanova i la Geltr\u00fa, que han volgut col\u00b7laborar per fer possible aquesta iniciativa.<\/p>\n<p>Els n\u00fameros guanyadors han estat:<\/p>\n<ul>\n<li><strong>1r premi:<\/strong> n\u00famero <strong>1486<\/strong><\/li>\n<li><strong>2n premi:<\/strong> n\u00famero <strong>406<\/strong><\/li>\n<li><strong>3r premi:<\/strong> n\u00famero <strong>1155<\/strong><\/li>\n<li><strong>Premi especial:<\/strong> n\u00famero <strong>596<\/strong><\/li>\n<\/ul>\n<p>Moltes felicitats als guanyadors i guanyadores, i un agra\u00efment especial a tot l\u2019alumnat de 4t d\u2019ESO per l\u2019organitzaci\u00f3 d\u2019aquest sorteig i als comer\u00e7os per la seva col\u00b7laboraci\u00f3!<\/p>\n<p>Bon Nadal i Bones festes!<\/p>\n<\/div>\n<\/div>\n<\/div>\n<\/div>\n<div class=\"mb-2 flex gap-3 empty:hidden -ml-2\">\n<div class=\"items-center justify-start rounded-xl p-1 flex\">\n<div class=\"flex items-center\"><a href=\"https:\/\/agora.xtec.cat\/iesmallafre\/wp-content\/uploads\/usu105\/2024\/12\/IMG_1897-rotated.jpg\"><img loading=\"lazy\" decoding=\"async\" class=\"wp-image-24673 aligncenter\" src=\"https:\/\/agora.xtec.cat\/iesmallafre\/wp-content\/uploads\/usu105\/2024\/12\/IMG_1897-rotated.jpg\" alt=\"\" width=\"386\" height=\"515\" srcset=\"https:\/\/agora.xtec.cat\/iesmallafre\/wp-content\/uploads\/usu105\/2024\/12\/IMG_1897-rotated.jpg 480w, https:\/\/agora.xtec.cat\/iesmallafre\/wp-content\/uploads\/usu105\/2024\/12\/IMG_1897-225x300.jpg 225w\" sizes=\"auto, (max-width: 386px) 100vw, 386px\" \/><\/a><\/div>\n<div><\/div>\n<\/div>\n<div><a href=\"https:\/\/agora.xtec.cat\/iesmallafre\/wp-content\/uploads\/usu105\/2024\/12\/IMG_1896.jpg\"><img loading=\"lazy\" decoding=\"async\" class=\"wp-image-24674 aligncenter\" src=\"https:\/\/agora.xtec.cat\/iesmallafre\/wp-content\/uploads\/usu105\/2024\/12\/IMG_1896.jpg\" alt=\"\" width=\"496\" height=\"372\" srcset=\"https:\/\/agora.xtec.cat\/iesmallafre\/wp-content\/uploads\/usu105\/2024\/12\/IMG_1896.jpg 640w, https:\/\/agora.xtec.cat\/iesmallafre\/wp-content\/uploads\/usu105\/2024\/12\/IMG_1896-300x225.jpg 300w, https:\/\/agora.xtec.cat\/iesmallafre\/wp-content\/uploads\/usu105\/2024\/12\/IMG_1896-200x150.jpg 200w\" sizes=\"auto, (max-width: 496px) 100vw, 496px\" \/><\/a><\/div>\n<\/div>\n","protected":false},"excerpt":{"rendered":"<p>Avui, l\u2019alumnat de 4t d\u2019ESO ha celebrat el sorteig de la Panera de Nadal. Aquesta activitat ha repartit tres premis entre els participants.<br \/>\nCada panera estava plena de productes variats gr\u00e0cies a les donacions de comer\u00e7os locals de Vilanova i la Geltr\u00fa, que han volgut col\u00b7laborar&hellip;  <a href=\"https:\/\/agora.xtec.cat\/iesmallafre\/eso\/sorteig-de-la-panera-de-nadal-de-4t-deso\/\" title=\"Read Sorteig de la Panera de Nadal de 4t d&#8217;ESO\">Llegeix m\u00e9s\u00bb<\/a><\/p>\n","protected":false},"author":16,"featured_media":24674,"comment_status":"closed","ping_status":"closed","sticky":false,"template":"","format":"standard","meta":{"_bbp_topic_count":0,"_bbp_reply_count":0,"_bbp_total_topic_count":0,"_bbp_total_reply_count":0,"_bbp_voice_count":0,"_bbp_anonymous_reply_count":0,"_bbp_topic_count_hidden":0,"_bbp_reply_count_hidden":0,"_bbp_forum_subforum_count":0,"footnotes":""},"categories":[3,29],"tags":[],"class_list":["post-24672","post","type-post","status-publish","format-standard","has-post-thumbnail","hentry","category-eso","category-portada"],"post_mailing_queue_ids":[],"_links":{"self":[{"href":"https:\/\/agora.xtec.cat\/iesmallafre\/wp-json\/wp\/v2\/posts\/24672","targetHints":{"allow":["GET"]}}],"collection":[{"href":"https:\/\/agora.xtec.cat\/iesmallafre\/wp-json\/wp\/v2\/posts"}],"about":[{"href":"https:\/\/agora.xtec.cat\/iesmallafre\/wp-json\/wp\/v2\/types\/post"}],"author":[{"embeddable":true,"href":"https:\/\/agora.xtec.cat\/iesmallafre\/wp-json\/wp\/v2\/users\/16"}],"replies":[{"embeddable":true,"href":"https:\/\/agora.xtec.cat\/iesmallafre\/wp-json\/wp\/v2\/comments?post=24672"}],"version-history":[{"count":3,"href":"https:\/\/agora.xtec.cat\/iesmallafre\/wp-json\/wp\/v2\/posts\/24672\/revisions"}],"predecessor-version":[{"id":24677,"href":"https:\/\/agora.xtec.cat\/iesmallafre\/wp-json\/wp\/v2\/posts\/24672\/revisions\/24677"}],"wp:featuredmedia":[{"embeddable":true,"href":"https:\/\/agora.xtec.cat\/iesmallafre\/wp-json\/wp\/v2\/media\/24674"}],"wp:attachment":[{"href":"https:\/\/agora.xtec.cat\/iesmallafre\/wp-json\/wp\/v2\/media?parent=24672"}],"wp:term":[{"taxonomy":"category","embeddable":true,"href":"https:\/\/agora.xtec.cat\/iesmallafre\/wp-json\/wp\/v2\/categories?post=24672"},{"taxonomy":"post_tag","embeddable":true,"href":"https:\/\/agora.xtec.cat\/iesmallafre\/wp-json\/wp\/v2\/tags?post=24672"}],"curies":[{"name":"wp","href":"https:\/\/api.w.org\/{rel}","templated":true}]}}