{"id":24616,"date":"2024-12-11T13:13:46","date_gmt":"2024-12-11T12:13:46","guid":{"rendered":"https:\/\/agora.xtec.cat\/iesmallafre\/?p=24616"},"modified":"2024-12-11T13:13:50","modified_gmt":"2024-12-11T12:13:50","slug":"xerrada-de-neus-lloveras-per-lalumnat-de-4t-deso","status":"publish","type":"post","link":"https:\/\/agora.xtec.cat\/iesmallafre\/eso\/xerrada-de-neus-lloveras-per-lalumnat-de-4t-deso\/","title":{"rendered":"Xerrada de Neus Lloveras per l&#8217;alumnat de 4t d&#8217;ESO"},"content":{"rendered":"<p>Ahir, 10 de desembre, l\u2019alumnat de 4t d\u2019ESO va tenir l\u2019oportunitat d\u2019assistir a una xerrada a c\u00e0rrec de Neus Lloveras Massana, exalcaldessa de Vilanova i la Geltr\u00fa i empres\u00e0ria. Aquesta activitat s\u2019emmarca dins del projecte <strong>&#8220;Femme&#8217;les visibles&#8221;<\/strong>, que busca posar en valor el paper de les dones en \u00e0mbits tradicionalment masculins i trencar estereotips de g\u00e8nere.<\/p>\n<p>Durant la seva intervenci\u00f3, Neus Lloveras va compartir la seva experi\u00e8ncia personal i professional, explicant els reptes que ha afrontat al llarg de la seva traject\u00f2ria, tant en el m\u00f3n empresarial com en el lideratge pol\u00edtic. A trav\u00e9s del seu testimoni, l&#8217;alumnat va poder reflexionar sobre la import\u00e0ncia d\u2019avan\u00e7ar cap a una societat m\u00e9s igualit\u00e0ria, on tothom tingui les mateixes oportunitats, independentment del seu g\u00e8nere.<\/p>\n<p>Gr\u00e0cies a iniciatives com <strong>&#8220;Femme&#8217;les visibles&#8221;<\/strong>, l\u2019institut continua treballant per fomentar valors de respecte, inclusi\u00f3 i equitat entre l\u2019alumnat. Activitats com aquesta contribueixen a visibilitzar referents femenins i a promoure el comprom\u00eds amb la igualtat en les generacions futures.<\/p>\n<p><a href=\"https:\/\/agora.xtec.cat\/iesmallafre\/wp-content\/uploads\/usu105\/2024\/12\/WhatsApp-Image-2024-12-10-at-20.59.151-e1733919092666.jpeg\"><img loading=\"lazy\" decoding=\"async\" class=\"wp-image-24619 aligncenter\" src=\"https:\/\/agora.xtec.cat\/iesmallafre\/wp-content\/uploads\/usu105\/2024\/12\/WhatsApp-Image-2024-12-10-at-20.59.151-e1733919092666.jpeg\" alt=\"\" width=\"506\" height=\"294\" srcset=\"https:\/\/agora.xtec.cat\/iesmallafre\/wp-content\/uploads\/usu105\/2024\/12\/WhatsApp-Image-2024-12-10-at-20.59.151-e1733919092666.jpeg 1200w, https:\/\/agora.xtec.cat\/iesmallafre\/wp-content\/uploads\/usu105\/2024\/12\/WhatsApp-Image-2024-12-10-at-20.59.151-e1733919092666-300x174.jpeg 300w, https:\/\/agora.xtec.cat\/iesmallafre\/wp-content\/uploads\/usu105\/2024\/12\/WhatsApp-Image-2024-12-10-at-20.59.151-e1733919092666-1024x594.jpeg 1024w, https:\/\/agora.xtec.cat\/iesmallafre\/wp-content\/uploads\/usu105\/2024\/12\/WhatsApp-Image-2024-12-10-at-20.59.151-e1733919092666-768x445.jpeg 768w\" sizes=\"auto, (max-width: 506px) 100vw, 506px\" \/><\/a><\/p>\n<p><a href=\"https:\/\/agora.xtec.cat\/iesmallafre\/wp-content\/uploads\/usu105\/2024\/12\/WhatsApp-Image-2024-12-10-at-20.59.143-e1733919163778.jpeg\"><img loading=\"lazy\" decoding=\"async\" class=\"wp-image-24621 aligncenter\" src=\"https:\/\/agora.xtec.cat\/iesmallafre\/wp-content\/uploads\/usu105\/2024\/12\/WhatsApp-Image-2024-12-10-at-20.59.143-e1733919163778.jpeg\" alt=\"\" width=\"484\" height=\"344\" srcset=\"https:\/\/agora.xtec.cat\/iesmallafre\/wp-content\/uploads\/usu105\/2024\/12\/WhatsApp-Image-2024-12-10-at-20.59.143-e1733919163778.jpeg 618w, https:\/\/agora.xtec.cat\/iesmallafre\/wp-content\/uploads\/usu105\/2024\/12\/WhatsApp-Image-2024-12-10-at-20.59.143-e1733919163778-300x214.jpeg 300w\" sizes=\"auto, (max-width: 484px) 100vw, 484px\" \/><\/a><\/p>\n<p><a href=\"https:\/\/agora.xtec.cat\/iesmallafre\/wp-content\/uploads\/usu105\/2024\/12\/WhatsApp-Image-2024-12-10-at-20.59.152.jpeg\"><img loading=\"lazy\" decoding=\"async\" class=\"wp-image-24618 aligncenter\" src=\"https:\/\/agora.xtec.cat\/iesmallafre\/wp-content\/uploads\/usu105\/2024\/12\/WhatsApp-Image-2024-12-10-at-20.59.152.jpeg\" alt=\"\" width=\"506\" height=\"380\" srcset=\"https:\/\/agora.xtec.cat\/iesmallafre\/wp-content\/uploads\/usu105\/2024\/12\/WhatsApp-Image-2024-12-10-at-20.59.152.jpeg 1600w, https:\/\/agora.xtec.cat\/iesmallafre\/wp-content\/uploads\/usu105\/2024\/12\/WhatsApp-Image-2024-12-10-at-20.59.152-300x225.jpeg 300w, https:\/\/agora.xtec.cat\/iesmallafre\/wp-content\/uploads\/usu105\/2024\/12\/WhatsApp-Image-2024-12-10-at-20.59.152-1024x768.jpeg 1024w, https:\/\/agora.xtec.cat\/iesmallafre\/wp-content\/uploads\/usu105\/2024\/12\/WhatsApp-Image-2024-12-10-at-20.59.152-768x576.jpeg 768w, https:\/\/agora.xtec.cat\/iesmallafre\/wp-content\/uploads\/usu105\/2024\/12\/WhatsApp-Image-2024-12-10-at-20.59.152-1536x1152.jpeg 1536w, https:\/\/agora.xtec.cat\/iesmallafre\/wp-content\/uploads\/usu105\/2024\/12\/WhatsApp-Image-2024-12-10-at-20.59.152-200x150.jpeg 200w\" sizes=\"auto, (max-width: 506px) 100vw, 506px\" \/><\/a><\/p>\n<p>&nbsp;<\/p>\n<p>&nbsp;<\/p>\n<p>&nbsp;<\/p>\n<p>&nbsp;<\/p>\n","protected":false},"excerpt":{"rendered":"<p>Ahir, 10 de desembre, l\u2019alumnat de 4t d\u2019ESO va tenir l\u2019oportunitat d\u2019assistir a una xerrada a c\u00e0rrec de Neus Lloveras Massana, exalcaldessa de Vilanova i la Geltr\u00fa i empres\u00e0ria. Aquesta activitat s\u2019emmarca dins del projecte &#8220;Femme&#8217;les visibles&#8221;, que busca posar en valor el paper de&hellip;  <a href=\"https:\/\/agora.xtec.cat\/iesmallafre\/eso\/xerrada-de-neus-lloveras-per-lalumnat-de-4t-deso\/\" title=\"Read Xerrada de Neus Lloveras per l&#8217;alumnat de 4t d&#8217;ESO\">Llegeix m\u00e9s\u00bb<\/a><\/p>\n","protected":false},"author":16,"featured_media":24624,"comment_status":"closed","ping_status":"closed","sticky":false,"template":"","format":"standard","meta":{"_bbp_topic_count":0,"_bbp_reply_count":0,"_bbp_total_topic_count":0,"_bbp_total_reply_count":0,"_bbp_voice_count":0,"_bbp_anonymous_reply_count":0,"_bbp_topic_count_hidden":0,"_bbp_reply_count_hidden":0,"_bbp_forum_subforum_count":0,"footnotes":""},"categories":[3,29],"tags":[],"class_list":["post-24616","post","type-post","status-publish","format-standard","has-post-thumbnail","hentry","category-eso","category-portada"],"post_mailing_queue_ids":[],"_links":{"self":[{"href":"https:\/\/agora.xtec.cat\/iesmallafre\/wp-json\/wp\/v2\/posts\/24616","targetHints":{"allow":["GET"]}}],"collection":[{"href":"https:\/\/agora.xtec.cat\/iesmallafre\/wp-json\/wp\/v2\/posts"}],"about":[{"href":"https:\/\/agora.xtec.cat\/iesmallafre\/wp-json\/wp\/v2\/types\/post"}],"author":[{"embeddable":true,"href":"https:\/\/agora.xtec.cat\/iesmallafre\/wp-json\/wp\/v2\/users\/16"}],"replies":[{"embeddable":true,"href":"https:\/\/agora.xtec.cat\/iesmallafre\/wp-json\/wp\/v2\/comments?post=24616"}],"version-history":[{"count":2,"href":"https:\/\/agora.xtec.cat\/iesmallafre\/wp-json\/wp\/v2\/posts\/24616\/revisions"}],"predecessor-version":[{"id":24626,"href":"https:\/\/agora.xtec.cat\/iesmallafre\/wp-json\/wp\/v2\/posts\/24616\/revisions\/24626"}],"wp:featuredmedia":[{"embeddable":true,"href":"https:\/\/agora.xtec.cat\/iesmallafre\/wp-json\/wp\/v2\/media\/24624"}],"wp:attachment":[{"href":"https:\/\/agora.xtec.cat\/iesmallafre\/wp-json\/wp\/v2\/media?parent=24616"}],"wp:term":[{"taxonomy":"category","embeddable":true,"href":"https:\/\/agora.xtec.cat\/iesmallafre\/wp-json\/wp\/v2\/categories?post=24616"},{"taxonomy":"post_tag","embeddable":true,"href":"https:\/\/agora.xtec.cat\/iesmallafre\/wp-json\/wp\/v2\/tags?post=24616"}],"curies":[{"name":"wp","href":"https:\/\/api.w.org\/{rel}","templated":true}]}}