{"id":24420,"date":"2024-10-28T13:07:35","date_gmt":"2024-10-28T12:07:35","guid":{"rendered":"https:\/\/agora.xtec.cat\/iesmallafre\/?p=24420"},"modified":"2024-11-05T12:08:26","modified_gmt":"2024-11-05T11:08:26","slug":"cop-dur-a-la-comunitat-educativa-del-mallafre","status":"publish","type":"post","link":"https:\/\/agora.xtec.cat\/iesmallafre\/portada\/cop-dur-a-la-comunitat-educativa-del-mallafre\/","title":{"rendered":"Cop dur a la comunitat educativa del Mallafr\u00e8"},"content":{"rendered":"<p>Amb gran tristesa us comuniquem la p\u00e8rdua del nostre estimat professor Antoni Navarro, que ens ha deixat a causa d&#8217;una malaltia.<\/p>\n<p>L&#8217;Antoni ha estat un membre molt valu\u00f3s de la nostra comunitat educativa durant m\u00e9s de vint-i-cinc anys. La seva dedicaci\u00f3 a l&#8217;ensenyament i el seu comprom\u00eds amb els estudiants han deixat una empremta inesborrable en tots nosaltres. El seu paper ha anat m\u00e9s enll\u00e0 de les aules, contribuint significativament al desenvolupament del nostre centre, i ajudant de manera generosa en el seu bon funcionament.<\/p>\n<p>En aquests moments dif\u00edcils \u00e9s essencial que ens unim per oferir suport als seus familiars i a tots aquells que hem tingut el privilegi de con\u00e8ixer-lo.<\/p>\n<p>El claustre est\u00e0 profundament afectat per aquesta p\u00e8rdua. Agra\u00efm la vostra comprensi\u00f3 i suport durant aquest per\u00edode de dol.<\/p>\n<p>Amb el m\u00e9s sincer condol,<\/p>\n<p>El Claustre de Professorat i PAS<\/p>\n<p style=\"text-align: center;\"><a href=\"https:\/\/agora.xtec.cat\/iesmallafre\/wp-content\/uploads\/usu105\/2024\/10\/Imatge-Antoni-e1730804872787.jpg\"><img loading=\"lazy\" decoding=\"async\" class=\"alignnone size-full wp-image-24417\" src=\"https:\/\/agora.xtec.cat\/iesmallafre\/wp-content\/uploads\/usu105\/2024\/10\/Imatge-Antoni-e1730804872787.jpg\" alt=\"\" width=\"494\" height=\"462\" srcset=\"https:\/\/agora.xtec.cat\/iesmallafre\/wp-content\/uploads\/usu105\/2024\/10\/Imatge-Antoni-e1730804872787.jpg 494w, https:\/\/agora.xtec.cat\/iesmallafre\/wp-content\/uploads\/usu105\/2024\/10\/Imatge-Antoni-e1730804872787-300x281.jpg 300w\" sizes=\"auto, (max-width: 494px) 100vw, 494px\" \/><\/a><\/p>\n","protected":false},"excerpt":{"rendered":"<p>Amb gran tristesa us comuniquem la p\u00e8rdua del nostre estimat professor Antoni Navarro, que ens ha deixat a causa d&#8217;una malaltia.<br \/>\nL&#8217;Antoni ha estat un membre molt valu\u00f3s de la nostra comunitat educativa durant m\u00e9s de vint-i-cinc anys. La seva dedicaci\u00f3 a l&#8217;ensenyament i el seu&hellip;  <a href=\"https:\/\/agora.xtec.cat\/iesmallafre\/portada\/cop-dur-a-la-comunitat-educativa-del-mallafre\/\" title=\"Read Cop dur a la comunitat educativa del Mallafr\u00e8\">Llegeix m\u00e9s\u00bb<\/a><\/p>\n","protected":false},"author":16,"featured_media":24417,"comment_status":"open","ping_status":"closed","sticky":false,"template":"","format":"standard","meta":{"_bbp_topic_count":0,"_bbp_reply_count":0,"_bbp_total_topic_count":0,"_bbp_total_reply_count":0,"_bbp_voice_count":0,"_bbp_anonymous_reply_count":0,"_bbp_topic_count_hidden":0,"_bbp_reply_count_hidden":0,"_bbp_forum_subforum_count":0,"footnotes":""},"categories":[29],"tags":[],"class_list":["post-24420","post","type-post","status-publish","format-standard","has-post-thumbnail","hentry","category-portada"],"post_mailing_queue_ids":[],"_links":{"self":[{"href":"https:\/\/agora.xtec.cat\/iesmallafre\/wp-json\/wp\/v2\/posts\/24420","targetHints":{"allow":["GET"]}}],"collection":[{"href":"https:\/\/agora.xtec.cat\/iesmallafre\/wp-json\/wp\/v2\/posts"}],"about":[{"href":"https:\/\/agora.xtec.cat\/iesmallafre\/wp-json\/wp\/v2\/types\/post"}],"author":[{"embeddable":true,"href":"https:\/\/agora.xtec.cat\/iesmallafre\/wp-json\/wp\/v2\/users\/16"}],"replies":[{"embeddable":true,"href":"https:\/\/agora.xtec.cat\/iesmallafre\/wp-json\/wp\/v2\/comments?post=24420"}],"version-history":[{"count":3,"href":"https:\/\/agora.xtec.cat\/iesmallafre\/wp-json\/wp\/v2\/posts\/24420\/revisions"}],"predecessor-version":[{"id":24423,"href":"https:\/\/agora.xtec.cat\/iesmallafre\/wp-json\/wp\/v2\/posts\/24420\/revisions\/24423"}],"wp:featuredmedia":[{"embeddable":true,"href":"https:\/\/agora.xtec.cat\/iesmallafre\/wp-json\/wp\/v2\/media\/24417"}],"wp:attachment":[{"href":"https:\/\/agora.xtec.cat\/iesmallafre\/wp-json\/wp\/v2\/media?parent=24420"}],"wp:term":[{"taxonomy":"category","embeddable":true,"href":"https:\/\/agora.xtec.cat\/iesmallafre\/wp-json\/wp\/v2\/categories?post=24420"},{"taxonomy":"post_tag","embeddable":true,"href":"https:\/\/agora.xtec.cat\/iesmallafre\/wp-json\/wp\/v2\/tags?post=24420"}],"curies":[{"name":"wp","href":"https:\/\/api.w.org\/{rel}","templated":true}]}}