{"id":24405,"date":"2024-10-24T12:20:40","date_gmt":"2024-10-24T10:20:40","guid":{"rendered":"https:\/\/agora.xtec.cat\/iesmallafre\/?p=24405"},"modified":"2024-10-28T13:07:25","modified_gmt":"2024-10-28T12:07:25","slug":"patis-matematics-al-mallafre","status":"publish","type":"post","link":"https:\/\/agora.xtec.cat\/iesmallafre\/portada\/patis-matematics-al-mallafre\/","title":{"rendered":"Patis Matem\u00e0tics al Mallafr\u00e8"},"content":{"rendered":"<p>A partir d&#8217;aquest mes d&#8217;octubre, s&#8217;han posat en marxa els Patis Matem\u00e0tics a la biblioteca del nostre centre. Cada dia de 10h a 10:25h, excepte els dimecres, l&#8217;alumnat tindr\u00e0 l&#8217;oportunitat de participar en activitats l\u00fadiques i com els escacs i el cub de Rubik.<\/p>\n<p>Aquests patis ofereixen una manera diferent i divertida d&#8217;enriquir les habilitats matem\u00e0tiques i cognitives, mentre es fomenta la cooperaci\u00f3 i la creativitat entre els participants. Una iniciativa per gaudir de les matem\u00e0tiques fora de l&#8217;aula!<\/p>\n<p><a href=\"https:\/\/agora.xtec.cat\/iesmallafre\/wp-content\/uploads\/usu105\/2024\/10\/1729765526057-e1729771871434.jpg\"><img loading=\"lazy\" decoding=\"async\" class=\"wp-image-24415 aligncenter\" src=\"https:\/\/agora.xtec.cat\/iesmallafre\/wp-content\/uploads\/usu105\/2024\/10\/1729765526057-e1729771871434.jpg\" alt=\"\" width=\"629\" height=\"574\" srcset=\"https:\/\/agora.xtec.cat\/iesmallafre\/wp-content\/uploads\/usu105\/2024\/10\/1729765526057-e1729771871434.jpg 1340w, https:\/\/agora.xtec.cat\/iesmallafre\/wp-content\/uploads\/usu105\/2024\/10\/1729765526057-e1729771871434-300x274.jpg 300w, https:\/\/agora.xtec.cat\/iesmallafre\/wp-content\/uploads\/usu105\/2024\/10\/1729765526057-e1729771871434-1024x934.jpg 1024w, https:\/\/agora.xtec.cat\/iesmallafre\/wp-content\/uploads\/usu105\/2024\/10\/1729765526057-e1729771871434-768x700.jpg 768w\" sizes=\"auto, (max-width: 629px) 100vw, 629px\" \/><\/a><\/p>\n<p>&nbsp;<\/p>\n","protected":false},"excerpt":{"rendered":"<p>A partir d&#8217;aquest mes d&#8217;octubre, s&#8217;han posat en marxa els Patis Matem\u00e0tics a la biblioteca del nostre centre. Cada dia de 10h a 10:25h, excepte els dimecres, l&#8217;alumnat tindr\u00e0 l&#8217;oportunitat de participar en activitats l\u00fadiques i com els escacs i el cub de Rubik.<br \/>\nAquests patis&hellip;  <a href=\"https:\/\/agora.xtec.cat\/iesmallafre\/portada\/patis-matematics-al-mallafre\/\" title=\"Read Patis Matem\u00e0tics al Mallafr\u00e8\">Llegeix m\u00e9s\u00bb<\/a><\/p>\n","protected":false},"author":16,"featured_media":24415,"comment_status":"open","ping_status":"closed","sticky":false,"template":"","format":"standard","meta":{"_bbp_topic_count":0,"_bbp_reply_count":0,"_bbp_total_topic_count":0,"_bbp_total_reply_count":0,"_bbp_voice_count":0,"_bbp_anonymous_reply_count":0,"_bbp_topic_count_hidden":0,"_bbp_reply_count_hidden":0,"_bbp_forum_subforum_count":0,"footnotes":""},"categories":[29],"tags":[],"class_list":["post-24405","post","type-post","status-publish","format-standard","has-post-thumbnail","hentry","category-portada"],"post_mailing_queue_ids":[],"_links":{"self":[{"href":"https:\/\/agora.xtec.cat\/iesmallafre\/wp-json\/wp\/v2\/posts\/24405","targetHints":{"allow":["GET"]}}],"collection":[{"href":"https:\/\/agora.xtec.cat\/iesmallafre\/wp-json\/wp\/v2\/posts"}],"about":[{"href":"https:\/\/agora.xtec.cat\/iesmallafre\/wp-json\/wp\/v2\/types\/post"}],"author":[{"embeddable":true,"href":"https:\/\/agora.xtec.cat\/iesmallafre\/wp-json\/wp\/v2\/users\/16"}],"replies":[{"embeddable":true,"href":"https:\/\/agora.xtec.cat\/iesmallafre\/wp-json\/wp\/v2\/comments?post=24405"}],"version-history":[{"count":6,"href":"https:\/\/agora.xtec.cat\/iesmallafre\/wp-json\/wp\/v2\/posts\/24405\/revisions"}],"predecessor-version":[{"id":24421,"href":"https:\/\/agora.xtec.cat\/iesmallafre\/wp-json\/wp\/v2\/posts\/24405\/revisions\/24421"}],"wp:featuredmedia":[{"embeddable":true,"href":"https:\/\/agora.xtec.cat\/iesmallafre\/wp-json\/wp\/v2\/media\/24415"}],"wp:attachment":[{"href":"https:\/\/agora.xtec.cat\/iesmallafre\/wp-json\/wp\/v2\/media?parent=24405"}],"wp:term":[{"taxonomy":"category","embeddable":true,"href":"https:\/\/agora.xtec.cat\/iesmallafre\/wp-json\/wp\/v2\/categories?post=24405"},{"taxonomy":"post_tag","embeddable":true,"href":"https:\/\/agora.xtec.cat\/iesmallafre\/wp-json\/wp\/v2\/tags?post=24405"}],"curies":[{"name":"wp","href":"https:\/\/api.w.org\/{rel}","templated":true}]}}