{"id":24043,"date":"2024-06-19T12:00:51","date_gmt":"2024-06-19T10:00:51","guid":{"rendered":"https:\/\/agora.xtec.cat\/iesmallafre\/?p=24043"},"modified":"2024-06-19T12:09:42","modified_gmt":"2024-06-19T10:09:42","slug":"el-cram-salvadors-de-locea","status":"publish","type":"post","link":"https:\/\/agora.xtec.cat\/iesmallafre\/eso\/el-cram-salvadors-de-locea\/","title":{"rendered":"El CRAM: salvadors de l&#8217;oce\u00e0"},"content":{"rendered":"<p><em>Article elaborat per Noa Gin\u00e9s, Aina Murillo i Aixa Ridou, alumnes de 4t d&#8217;ESO de l&#8217;optativa de Biologia i Geologia. <\/em><\/p>\n<p><a href=\"https:\/\/www.eixdiari.cat\/territori\/doc\/111803\/el-cram--salvadors-de-locea.html\" target=\"_blank\" rel=\"noopener\"><em>Publicat a Eix Diari 30-05-2024.<\/em> <\/a><\/p>\n<div class=\"g-mb-20 g-font-size-16 g-px-10\">\n<p>Som un grup d&#8217;alumnes de 4t d&#8217;ESO de l&#8217;optativa de Biologia i Geologia de l&#8217;Institut Dolors Mallafr\u00e8 i Ros, a Vilanova i la Geltr\u00fa. Durant 20 hores hem estat fent un APS (Aprenentatge i Servei) sobre els cetacis. D&#8217;aquestes hores, 10 han sigut de servei, on hem aplicat tot el que hem apr\u00e8s per grups. Cada un ha aplicat els seus coneixements de diferents maneres sigui per r\u00e0dio, escrit o xarxes socials. Nosaltres hem decidit centrar-nos en un article sobre el CRAM.<\/p>\n<p><strong>Qu\u00e8 \u00e9s el CRAM? <\/strong><\/p>\n<p>Els treballadors involucrats en la Fundaci\u00f3 CRAM (Centre de Recuperaci\u00f3 d\u2019Animals Marins) la descriuen com una entitat privada sense \u00e0nim de lucre destinada a la conservaci\u00f3 i recuperaci\u00f3 del medi mar\u00ed i de les esp\u00e8cies amena\u00e7ades que l\u2019habiten. Volen fer front a amenaces globals a trav\u00e9s d\u2019accions locals. Aquesta fundaci\u00f3 est\u00e0 dividida en 3 sectors:<\/p>\n<p>&#8211; Cl\u00ednica i rescat.<\/p>\n<p>&#8211; Investigaci\u00f3 i conservaci\u00f3.<\/p>\n<p>&#8211; Educaci\u00f3 i formaci\u00f3.<\/p>\n<p><strong>Com comen\u00e7a tot? <\/strong><\/p>\n<p>Tot comen\u00e7a l&#8217;any 1991 despr\u00e9s d&#8217;una epid\u00e8mia v\u00edrica que va causar la mort de molts dofins llistats a les costes de Catalunya. Aix\u00f2 va donar origen al CRAM. Malgrat les dificultats administratives inicials, el 12 de juliol de 1994 es va inaugurar oficialment el Centre de Recuperaci\u00f3 d&#8217;Animals Marins de Catalunya (CRAMC), el primer centre d&#8217;aquest tipus al Mediterrani. En aquest punt, el CRAMC compta amb un ampli grup de voluntaris que proporciona assist\u00e8ncia constant les 24 hores del dia. Es realitzen campanyes com &#8220;Ajudem-la&#8221;, que treballa amb pescadors de palangre per aplicar t\u00e8cniques quir\u00fargiques i assist\u00e8ncia cl\u00ednica a animals encallats. Amb recursos limitats i nom\u00e9s amb voluntariat, el centre no pot expandir-se en recerca o programes educatius. Per tant, es decideix crear la Fundaci\u00f3 per a la Conservaci\u00f3 i Recuperaci\u00f3 d&#8217;Animals Marins (CRAM) a l&#8217;abril de 1996.<\/p>\n<p><strong>Qu\u00e8 fan?: <\/strong><\/p>\n<p>El text descriu les diverses activitats i serveis que ofereix la Fundaci\u00f3 CRAM en el marc de la conservaci\u00f3 marina i la protecci\u00f3 de les esp\u00e8cies amena\u00e7ades a la costa catalana: Cl\u00ednica i rescat: La fundaci\u00f3 realitza tasques de rescat i recuperaci\u00f3 d&#8217;esp\u00e8cies marines amena\u00e7ades que arriben a la costa, com cetacis, tortugues i aus marines. Aquestes accions s\u00f3n\u00a0realitzades a trav\u00e9s del projecte SERVIMAR amb el suport de la Generalitat de Catalunya i la Fundaci\u00f3 Biodiversitat del Ministeri per a la Transici\u00f3 Ecol\u00f2gica.<\/p>\n<p>Investigaci\u00f3 i conservaci\u00f3: S&#8217;impulsen diversos projectes de recerca i conservaci\u00f3 amb l&#8217;objectiu de frenar la regressi\u00f3 de les esp\u00e8cies marines i els seus ecosistemes, realitzant m\u00e9s de 50 projectes cient\u00edfics.<\/p>\n<p>Educaci\u00f3 i formaci\u00f3: Mitjan\u00e7ant l&#8217;\u00e0rea AulaCRAM, la fundaci\u00f3 proporciona educaci\u00f3, formaci\u00f3 i sensibilitzaci\u00f3 sobre els perills que enfronten les esp\u00e8cies i els ecosistemes marins, aix\u00ed com cursos de formaci\u00f3 sobre animals marins en general, cetacis, tortugues marines, taurons, entre altres temes.<\/p>\n<p>Serveis per a municipis: La fundaci\u00f3 ofereix serveis als ajuntaments per afrontar la pres\u00e8ncia d&#8217;esp\u00e8cies protegides a les platges, com ara la tortuga babaua, proporcionant informaci\u00f3, formaci\u00f3 de voluntariat local i activitats educatives.<\/p>\n<p><strong>On estan situats? <\/strong><\/p>\n<p>La Fundaci\u00f3 CRAM est\u00e0 situada al Passeig de la Platja, 28-30, al Prat de Llobregat, Barcelona. Per a complir els seus objectius d&#8217;educaci\u00f3 i formaci\u00f3, organitzen diverses activitats que inclouen:<\/p>\n<p>\u25cf Activitats al cap de setmana per a persones de totes les edats, des de nens de tres anys fins a adults.<\/p>\n<p>\u25cf Activitats al vell mar\u00ed, on es realitzen viatges amb el veler cient\u00edfic del CRAM.<\/p>\n<p>\u25cf Activitats per a escoles i casals d&#8217;estiu.<\/p>\n<p>\u25cf Un campus cient\u00edfic mar\u00ed.<\/p>\n<p>Els principals pacients que acull el CRAM s\u00f3n les tortugues marines que apareixen al llarg de la costa catalana amb lesions greus o malalties, sovint causades per l&#8217;activitat humana. Tamb\u00e9 rescaten aus marines i cetacis. Les amenaces per a aquests animals inclouen contaminaci\u00f3, abocaments t\u00f2xics i captura accidental en diferents arts de pesca. Algunes d&#8217;aquestes tortugues participen en projectes de recerca de la Fundaci\u00f3, i reben visites escolars durant la setmana i de particulars i fam\u00edlies els caps de setmana.<\/p>\n<\/div>\n<p>&nbsp;<\/p>\n","protected":false},"excerpt":{"rendered":"<p>Article elaborat per Noa Gin\u00e9s, Aina Murillo i Aixa Ridou, alumnes de 4t d&#8217;ESO de l&#8217;optativa de Biologia i Geologia.<br \/>\n<a href=\"https:\/\/www.eixdiari.cat\/territori\/doc\/111803\/el-cram--salvadors-de-locea.html\" target=\"_blank\" rel=\"noopener\">Publicat a Eix Diari 30-05-2024. <\/a><\/p>\n<p>Som un grup d&#8217;alumnes de 4t d&#8217;ESO de l&#8217;optativa de Biologia i Geologia de l&#8217;Institut Dolors Mallafr\u00e8&hellip;  <a href=\"https:\/\/agora.xtec.cat\/iesmallafre\/eso\/el-cram-salvadors-de-locea\/\" title=\"Read El CRAM: salvadors de l&#8217;oce\u00e0\">Llegeix m\u00e9s\u00bb<\/a><\/p>\n","protected":false},"author":16,"featured_media":24046,"comment_status":"open","ping_status":"closed","sticky":false,"template":"","format":"standard","meta":{"_bbp_topic_count":0,"_bbp_reply_count":0,"_bbp_total_topic_count":0,"_bbp_total_reply_count":0,"_bbp_voice_count":0,"_bbp_anonymous_reply_count":0,"_bbp_topic_count_hidden":0,"_bbp_reply_count_hidden":0,"_bbp_forum_subforum_count":0,"footnotes":""},"categories":[3,306,29,305],"tags":[],"class_list":["post-24043","post","type-post","status-publish","format-standard","has-post-thumbnail","hentry","category-eso","category-escola-verda","category-portada","category-projecte-daprenentatge-i-servei-comunitari"],"post_mailing_queue_ids":[],"_links":{"self":[{"href":"https:\/\/agora.xtec.cat\/iesmallafre\/wp-json\/wp\/v2\/posts\/24043","targetHints":{"allow":["GET"]}}],"collection":[{"href":"https:\/\/agora.xtec.cat\/iesmallafre\/wp-json\/wp\/v2\/posts"}],"about":[{"href":"https:\/\/agora.xtec.cat\/iesmallafre\/wp-json\/wp\/v2\/types\/post"}],"author":[{"embeddable":true,"href":"https:\/\/agora.xtec.cat\/iesmallafre\/wp-json\/wp\/v2\/users\/16"}],"replies":[{"embeddable":true,"href":"https:\/\/agora.xtec.cat\/iesmallafre\/wp-json\/wp\/v2\/comments?post=24043"}],"version-history":[{"count":4,"href":"https:\/\/agora.xtec.cat\/iesmallafre\/wp-json\/wp\/v2\/posts\/24043\/revisions"}],"predecessor-version":[{"id":24045,"href":"https:\/\/agora.xtec.cat\/iesmallafre\/wp-json\/wp\/v2\/posts\/24043\/revisions\/24045"}],"wp:featuredmedia":[{"embeddable":true,"href":"https:\/\/agora.xtec.cat\/iesmallafre\/wp-json\/wp\/v2\/media\/24046"}],"wp:attachment":[{"href":"https:\/\/agora.xtec.cat\/iesmallafre\/wp-json\/wp\/v2\/media?parent=24043"}],"wp:term":[{"taxonomy":"category","embeddable":true,"href":"https:\/\/agora.xtec.cat\/iesmallafre\/wp-json\/wp\/v2\/categories?post=24043"},{"taxonomy":"post_tag","embeddable":true,"href":"https:\/\/agora.xtec.cat\/iesmallafre\/wp-json\/wp\/v2\/tags?post=24043"}],"curies":[{"name":"wp","href":"https:\/\/api.w.org\/{rel}","templated":true}]}}