{"id":23974,"date":"2024-05-29T09:17:14","date_gmt":"2024-05-29T07:17:14","guid":{"rendered":"https:\/\/agora.xtec.cat\/iesmallafre\/?p=23974"},"modified":"2024-05-29T09:19:19","modified_gmt":"2024-05-29T07:19:19","slug":"guanyadora-del-concurs-dillustracio-de-la-carpeta","status":"publish","type":"post","link":"https:\/\/agora.xtec.cat\/iesmallafre\/eso\/guanyadora-del-concurs-dillustracio-de-la-carpeta\/","title":{"rendered":"Il\u00b7lustraci\u00f3 guanyadora del concurs de la carpeta"},"content":{"rendered":"<p>Cada dos anys, la il\u00b7lustraci\u00f3 de la carpeta de l&#8217;institut es renova. La imatge que hi apareix es decideix mitjan\u00e7ant un <span class=\"il\">concurs<\/span>\u00a0en el qual vota l&#8217;alumnat i el professorat.<\/p>\n<p>Aquest any, l&#8217;autora de la il\u00b7lustraci\u00f3 guanyadora del concurs d&#8217;il\u00b7lustraci\u00f3 de la carpeta ha estat <span class=\"il\">Lucia<\/span> Gargallo Antunes.<\/p>\n<p>La frase que acompanyar\u00e0 la imatge \u00e9s la seg\u00fcent:<\/p>\n<p><em>El coneixement porta a la llibertat.\u00a0\u00a0Les cadenes representen la ignor\u00e0ncia de qui no el t\u00e9. La clau representa el poder que ens dona el coneixement i el mussol representa la saviesa i llibertat.<\/em><\/p>\n<div>\n<div class=\"gmail_signature\" dir=\"ltr\" data-smartmail=\"gmail_signature\">\n<div dir=\"ltr\">\n<div><\/div>\n<\/div>\n<\/div>\n<\/div>\n<p><a href=\"https:\/\/agora.xtec.cat\/iesmallafre\/wp-content\/uploads\/usu105\/2024\/05\/5.jpg\"><img loading=\"lazy\" decoding=\"async\" class=\"wp-image-23975 aligncenter\" src=\"https:\/\/agora.xtec.cat\/iesmallafre\/wp-content\/uploads\/usu105\/2024\/05\/5.jpg\" alt=\"\" width=\"651\" height=\"862\" srcset=\"https:\/\/agora.xtec.cat\/iesmallafre\/wp-content\/uploads\/usu105\/2024\/05\/5.jpg 740w, https:\/\/agora.xtec.cat\/iesmallafre\/wp-content\/uploads\/usu105\/2024\/05\/5-227x300.jpg 227w\" sizes=\"auto, (max-width: 651px) 100vw, 651px\" \/><\/a><\/p>\n","protected":false},"excerpt":{"rendered":"<p>Cada dos anys, la il\u00b7lustraci\u00f3 de la carpeta de l&#8217;institut es renova. La imatge que hi apareix es decideix mitjan\u00e7ant un concurs\u00a0en el qual vota l&#8217;alumnat i el professorat.<br \/>\nAquest any, l&#8217;autora de la il\u00b7lustraci\u00f3 guanyadora del concurs d&#8217;il\u00b7lustraci\u00f3 de la carpeta ha estat Lucia Gargallo&hellip;  <a href=\"https:\/\/agora.xtec.cat\/iesmallafre\/eso\/guanyadora-del-concurs-dillustracio-de-la-carpeta\/\" title=\"Read Il\u00b7lustraci\u00f3 guanyadora del concurs de la carpeta\">Llegeix m\u00e9s\u00bb<\/a><\/p>\n","protected":false},"author":16,"featured_media":23975,"comment_status":"open","ping_status":"closed","sticky":false,"template":"","format":"standard","meta":{"_bbp_topic_count":0,"_bbp_reply_count":0,"_bbp_total_topic_count":0,"_bbp_total_reply_count":0,"_bbp_voice_count":0,"_bbp_anonymous_reply_count":0,"_bbp_topic_count_hidden":0,"_bbp_reply_count_hidden":0,"_bbp_forum_subforum_count":0,"footnotes":""},"categories":[8,3,29],"tags":[],"class_list":["post-23974","post","type-post","status-publish","format-standard","has-post-thumbnail","hentry","category-batxillerat","category-eso","category-portada"],"post_mailing_queue_ids":[],"_links":{"self":[{"href":"https:\/\/agora.xtec.cat\/iesmallafre\/wp-json\/wp\/v2\/posts\/23974","targetHints":{"allow":["GET"]}}],"collection":[{"href":"https:\/\/agora.xtec.cat\/iesmallafre\/wp-json\/wp\/v2\/posts"}],"about":[{"href":"https:\/\/agora.xtec.cat\/iesmallafre\/wp-json\/wp\/v2\/types\/post"}],"author":[{"embeddable":true,"href":"https:\/\/agora.xtec.cat\/iesmallafre\/wp-json\/wp\/v2\/users\/16"}],"replies":[{"embeddable":true,"href":"https:\/\/agora.xtec.cat\/iesmallafre\/wp-json\/wp\/v2\/comments?post=23974"}],"version-history":[{"count":2,"href":"https:\/\/agora.xtec.cat\/iesmallafre\/wp-json\/wp\/v2\/posts\/23974\/revisions"}],"predecessor-version":[{"id":23977,"href":"https:\/\/agora.xtec.cat\/iesmallafre\/wp-json\/wp\/v2\/posts\/23974\/revisions\/23977"}],"wp:featuredmedia":[{"embeddable":true,"href":"https:\/\/agora.xtec.cat\/iesmallafre\/wp-json\/wp\/v2\/media\/23975"}],"wp:attachment":[{"href":"https:\/\/agora.xtec.cat\/iesmallafre\/wp-json\/wp\/v2\/media?parent=23974"}],"wp:term":[{"taxonomy":"category","embeddable":true,"href":"https:\/\/agora.xtec.cat\/iesmallafre\/wp-json\/wp\/v2\/categories?post=23974"},{"taxonomy":"post_tag","embeddable":true,"href":"https:\/\/agora.xtec.cat\/iesmallafre\/wp-json\/wp\/v2\/tags?post=23974"}],"curies":[{"name":"wp","href":"https:\/\/api.w.org\/{rel}","templated":true}]}}