{"id":23904,"date":"2024-05-17T12:10:59","date_gmt":"2024-05-17T10:10:59","guid":{"rendered":"https:\/\/agora.xtec.cat\/iesmallafre\/?p=23904"},"modified":"2024-05-21T14:20:49","modified_gmt":"2024-05-21T12:20:49","slug":"recollida-de-roba","status":"publish","type":"post","link":"https:\/\/agora.xtec.cat\/iesmallafre\/general\/recollida-de-roba\/","title":{"rendered":"Recollida de Roba"},"content":{"rendered":"<p dir=\"ltr\">Des de l\u2019Agenda 21 i l\u2019equip LED de l\u2019institut volem agrair a tota la comunitat educativa i a totes les fam\u00edlies la vostra participaci\u00f3 en la campanya de recollida de roba que es va dur a terme a l\u2019institut el passat mes d\u2019abril. La finalitat d\u2019aquesta campanya era col\u00b7laborar amb C\u00e0ritas a trav\u00e9s del Projecte de Formaci\u00f3 i Treball, i donar-li una nova vida a la roba que ja no utilitzem. La recollida va ser tot un \u00e8xit i ja ens ha arribat el nostre certificat de la donaci\u00f3 on podeu veure que vam recollir 180 kg de roba!<\/p>\n<p dir=\"ltr\">Molt\u00edssimes gr\u00e0cies a tothom!<\/p>\n<p dir=\"ltr\"><a href=\"https:\/\/agora.xtec.cat\/iesmallafre\/wp-content\/uploads\/usu105\/2024\/05\/CD_INSTITUT-DOLORS-MALLAFRE-I-ROS.jpg\"><img loading=\"lazy\" decoding=\"async\" class=\"wp-image-23907 aligncenter\" src=\"https:\/\/agora.xtec.cat\/iesmallafre\/wp-content\/uploads\/usu105\/2024\/05\/CD_INSTITUT-DOLORS-MALLAFRE-I-ROS.jpg\" alt=\"\" width=\"588\" height=\"415\" srcset=\"https:\/\/agora.xtec.cat\/iesmallafre\/wp-content\/uploads\/usu105\/2024\/05\/CD_INSTITUT-DOLORS-MALLAFRE-I-ROS.jpg 1170w, https:\/\/agora.xtec.cat\/iesmallafre\/wp-content\/uploads\/usu105\/2024\/05\/CD_INSTITUT-DOLORS-MALLAFRE-I-ROS-300x212.jpg 300w, https:\/\/agora.xtec.cat\/iesmallafre\/wp-content\/uploads\/usu105\/2024\/05\/CD_INSTITUT-DOLORS-MALLAFRE-I-ROS-1024x724.jpg 1024w, https:\/\/agora.xtec.cat\/iesmallafre\/wp-content\/uploads\/usu105\/2024\/05\/CD_INSTITUT-DOLORS-MALLAFRE-I-ROS-768x543.jpg 768w\" sizes=\"auto, (max-width: 588px) 100vw, 588px\" \/><\/a><\/p>\n","protected":false},"excerpt":{"rendered":"<p>Des de l\u2019Agenda 21 i l\u2019equip LED de l\u2019institut volem agrair a tota la comunitat educativa i a totes les fam\u00edlies la vostra participaci\u00f3 en la campanya de recollida de roba que es va dur a terme a l\u2019institut el passat mes d\u2019abril. La finalitat&hellip;  <a href=\"https:\/\/agora.xtec.cat\/iesmallafre\/general\/recollida-de-roba\/\" title=\"Read Recollida de Roba\">Llegeix m\u00e9s\u00bb<\/a><\/p>\n","protected":false},"author":16,"featured_media":23905,"comment_status":"open","ping_status":"closed","sticky":false,"template":"","format":"standard","meta":{"_bbp_topic_count":0,"_bbp_reply_count":0,"_bbp_total_topic_count":0,"_bbp_total_reply_count":0,"_bbp_voice_count":0,"_bbp_anonymous_reply_count":0,"_bbp_topic_count_hidden":0,"_bbp_reply_count_hidden":0,"_bbp_forum_subforum_count":0,"footnotes":""},"categories":[8,3,306,1,29],"tags":[],"class_list":["post-23904","post","type-post","status-publish","format-standard","has-post-thumbnail","hentry","category-batxillerat","category-eso","category-escola-verda","category-general","category-portada"],"post_mailing_queue_ids":[],"_links":{"self":[{"href":"https:\/\/agora.xtec.cat\/iesmallafre\/wp-json\/wp\/v2\/posts\/23904","targetHints":{"allow":["GET"]}}],"collection":[{"href":"https:\/\/agora.xtec.cat\/iesmallafre\/wp-json\/wp\/v2\/posts"}],"about":[{"href":"https:\/\/agora.xtec.cat\/iesmallafre\/wp-json\/wp\/v2\/types\/post"}],"author":[{"embeddable":true,"href":"https:\/\/agora.xtec.cat\/iesmallafre\/wp-json\/wp\/v2\/users\/16"}],"replies":[{"embeddable":true,"href":"https:\/\/agora.xtec.cat\/iesmallafre\/wp-json\/wp\/v2\/comments?post=23904"}],"version-history":[{"count":2,"href":"https:\/\/agora.xtec.cat\/iesmallafre\/wp-json\/wp\/v2\/posts\/23904\/revisions"}],"predecessor-version":[{"id":23908,"href":"https:\/\/agora.xtec.cat\/iesmallafre\/wp-json\/wp\/v2\/posts\/23904\/revisions\/23908"}],"wp:featuredmedia":[{"embeddable":true,"href":"https:\/\/agora.xtec.cat\/iesmallafre\/wp-json\/wp\/v2\/media\/23905"}],"wp:attachment":[{"href":"https:\/\/agora.xtec.cat\/iesmallafre\/wp-json\/wp\/v2\/media?parent=23904"}],"wp:term":[{"taxonomy":"category","embeddable":true,"href":"https:\/\/agora.xtec.cat\/iesmallafre\/wp-json\/wp\/v2\/categories?post=23904"},{"taxonomy":"post_tag","embeddable":true,"href":"https:\/\/agora.xtec.cat\/iesmallafre\/wp-json\/wp\/v2\/tags?post=23904"}],"curies":[{"name":"wp","href":"https:\/\/api.w.org\/{rel}","templated":true}]}}