{"id":23897,"date":"2024-05-17T11:58:40","date_gmt":"2024-05-17T09:58:40","guid":{"rendered":"https:\/\/agora.xtec.cat\/iesmallafre\/?p=23897"},"modified":"2024-05-22T08:30:52","modified_gmt":"2024-05-22T06:30:52","slug":"premis-audiovisuals-de-batxillerat","status":"publish","type":"post","link":"https:\/\/agora.xtec.cat\/iesmallafre\/batxillerat\/premis-audiovisuals-de-batxillerat\/","title":{"rendered":"Premis audiovisuals de Batxillerat"},"content":{"rendered":"<p>El passat 14 de maig vam tornar a celebrar per segon any consecutiu els &#8220;Premis audiovisuals de batxillerat&#8221; on es projecten les millors propostes gravades i muntades en v\u00eddeo de l&#8217;alumnat de &#8220;Cultura audiovisual&#8221; de 1r de Batxillerat. Per aquesta edici\u00f3 es van projectar els millors curtmetratges muts (treball del segon trimestre) i els millors videoclips (treball pr\u00e0ctic del tercer trimestre). Els guanyadors van ser:<\/p>\n<div>\n<ul>\n<li>Millor curtmetratge mut (1 BTX) &#8211; \u00c0lex B\u00e9jar, Chris Natanael i Yi Hao Jiang.<\/li>\n<li>Millor videoclip (1BTX) &#8211; guanyadors Gerard Garcia Salguero i Neus Garc\u00eda Bed\u00f3s<\/li>\n<\/ul>\n<\/div>\n<p>Tamb\u00e9 aquest any van participar els alumnes de la mat\u00e8ria de &#8220;Disseny&#8221; de 2n de Batxillerat. En aquesta categoria el v\u00eddeo era un anunci publicitari on s&#8217;aplicava un logotip creat i treballat pels alumnes, dins l&#8217;\u00e0mbit del disseny gr\u00e0fic. El guanyador va ser un anunci d&#8217;ulleres futuristes d&#8217;H\u00e9ctor Estrella:<\/p>\n<ul>\n<li>Millor anunci publicitari \/ aplicaci\u00f3 de logotip (2 BTX) &#8211; guanyador H\u00e9ctor Estrella.<\/li>\n<\/ul>\n<p>Tamb\u00e9 es va premiar el disseny del cartell de l&#8217;acte, creaci\u00f3 de Maria Salvans, i el disseny guanyador de la carpeta de l&#8217;institut de Lucia Gargallo.<\/p>\n<div>\n<div>\n<ul>\n<li>Guanyadora del disseny gr\u00e0fic del cartell: Maria Salvans (2 BTX), mat\u00e8ria de Disseny<\/li>\n<li>Guanyadora del disseny de la carpeta: Lucia Gargallo (1 BTX), mat\u00e8ria de Volum<\/li>\n<\/ul>\n<p><a href=\"https:\/\/agora.xtec.cat\/iesmallafre\/wp-content\/uploads\/usu105\/2024\/05\/20240514_163949-rotated-e1715939812806.jpg\"><img loading=\"lazy\" decoding=\"async\" class=\"wp-image-23899 aligncenter\" src=\"https:\/\/agora.xtec.cat\/iesmallafre\/wp-content\/uploads\/usu105\/2024\/05\/20240514_163949-rotated-e1715939812806.jpg\" alt=\"\" width=\"494\" height=\"481\" srcset=\"https:\/\/agora.xtec.cat\/iesmallafre\/wp-content\/uploads\/usu105\/2024\/05\/20240514_163949-rotated-e1715939812806.jpg 1500w, https:\/\/agora.xtec.cat\/iesmallafre\/wp-content\/uploads\/usu105\/2024\/05\/20240514_163949-rotated-e1715939812806-300x292.jpg 300w, https:\/\/agora.xtec.cat\/iesmallafre\/wp-content\/uploads\/usu105\/2024\/05\/20240514_163949-rotated-e1715939812806-1024x997.jpg 1024w, https:\/\/agora.xtec.cat\/iesmallafre\/wp-content\/uploads\/usu105\/2024\/05\/20240514_163949-rotated-e1715939812806-768x748.jpg 768w\" sizes=\"auto, (max-width: 494px) 100vw, 494px\" \/><\/a><\/p>\n<\/div>\n<\/div>\n<p><a href=\"https:\/\/agora.xtec.cat\/iesmallafre\/wp-content\/uploads\/usu105\/2024\/05\/Lucia_mussol.jpg\"><img loading=\"lazy\" decoding=\"async\" class=\"wp-image-23902 aligncenter\" src=\"https:\/\/agora.xtec.cat\/iesmallafre\/wp-content\/uploads\/usu105\/2024\/05\/Lucia_mussol.jpg\" alt=\"\" width=\"540\" height=\"714\" srcset=\"https:\/\/agora.xtec.cat\/iesmallafre\/wp-content\/uploads\/usu105\/2024\/05\/Lucia_mussol.jpg 1511w, https:\/\/agora.xtec.cat\/iesmallafre\/wp-content\/uploads\/usu105\/2024\/05\/Lucia_mussol-227x300.jpg 227w, https:\/\/agora.xtec.cat\/iesmallafre\/wp-content\/uploads\/usu105\/2024\/05\/Lucia_mussol-774x1024.jpg 774w, https:\/\/agora.xtec.cat\/iesmallafre\/wp-content\/uploads\/usu105\/2024\/05\/Lucia_mussol-768x1017.jpg 768w, https:\/\/agora.xtec.cat\/iesmallafre\/wp-content\/uploads\/usu105\/2024\/05\/Lucia_mussol-1160x1536.jpg 1160w\" sizes=\"auto, (max-width: 540px) 100vw, 540px\" \/><\/a><\/p>\n<p><a href=\"https:\/\/agora.xtec.cat\/iesmallafre\/wp-content\/uploads\/usu105\/2024\/05\/IMG-20240515-WA0008-e1716359067866.jpg\"><img loading=\"lazy\" decoding=\"async\" class=\"wp-image-23938 aligncenter\" src=\"https:\/\/agora.xtec.cat\/iesmallafre\/wp-content\/uploads\/usu105\/2024\/05\/IMG-20240515-WA0008-e1716359067866.jpg\" alt=\"\" width=\"623\" height=\"516\" srcset=\"https:\/\/agora.xtec.cat\/iesmallafre\/wp-content\/uploads\/usu105\/2024\/05\/IMG-20240515-WA0008-e1716359067866.jpg 1128w, https:\/\/agora.xtec.cat\/iesmallafre\/wp-content\/uploads\/usu105\/2024\/05\/IMG-20240515-WA0008-e1716359067866-300x248.jpg 300w, https:\/\/agora.xtec.cat\/iesmallafre\/wp-content\/uploads\/usu105\/2024\/05\/IMG-20240515-WA0008-e1716359067866-1024x848.jpg 1024w, https:\/\/agora.xtec.cat\/iesmallafre\/wp-content\/uploads\/usu105\/2024\/05\/IMG-20240515-WA0008-e1716359067866-768x636.jpg 768w\" sizes=\"auto, (max-width: 623px) 100vw, 623px\" \/><\/a><\/p>\n<p><a href=\"https:\/\/agora.xtec.cat\/iesmallafre\/wp-content\/uploads\/usu105\/2024\/05\/IMG-20240515-WA0006-e1716359108853.jpg\"><img loading=\"lazy\" decoding=\"async\" class=\"wp-image-23936 aligncenter\" src=\"https:\/\/agora.xtec.cat\/iesmallafre\/wp-content\/uploads\/usu105\/2024\/05\/IMG-20240515-WA0006-e1716359108853.jpg\" alt=\"\" width=\"597\" height=\"484\" srcset=\"https:\/\/agora.xtec.cat\/iesmallafre\/wp-content\/uploads\/usu105\/2024\/05\/IMG-20240515-WA0006-e1716359108853.jpg 1232w, https:\/\/agora.xtec.cat\/iesmallafre\/wp-content\/uploads\/usu105\/2024\/05\/IMG-20240515-WA0006-e1716359108853-300x243.jpg 300w, https:\/\/agora.xtec.cat\/iesmallafre\/wp-content\/uploads\/usu105\/2024\/05\/IMG-20240515-WA0006-e1716359108853-1024x829.jpg 1024w, https:\/\/agora.xtec.cat\/iesmallafre\/wp-content\/uploads\/usu105\/2024\/05\/IMG-20240515-WA0006-e1716359108853-768x622.jpg 768w\" sizes=\"auto, (max-width: 597px) 100vw, 597px\" \/><\/a><\/p>\n<p><a href=\"https:\/\/agora.xtec.cat\/iesmallafre\/wp-content\/uploads\/usu105\/2024\/05\/IMG-20240515-WA0004-e1716359038460.jpg\"><img loading=\"lazy\" decoding=\"async\" class=\"wp-image-23939 aligncenter\" src=\"https:\/\/agora.xtec.cat\/iesmallafre\/wp-content\/uploads\/usu105\/2024\/05\/IMG-20240515-WA0004-e1716359038460.jpg\" alt=\"\" width=\"442\" height=\"419\" srcset=\"https:\/\/agora.xtec.cat\/iesmallafre\/wp-content\/uploads\/usu105\/2024\/05\/IMG-20240515-WA0004-e1716359038460.jpg 1500w, https:\/\/agora.xtec.cat\/iesmallafre\/wp-content\/uploads\/usu105\/2024\/05\/IMG-20240515-WA0004-e1716359038460-300x285.jpg 300w, https:\/\/agora.xtec.cat\/iesmallafre\/wp-content\/uploads\/usu105\/2024\/05\/IMG-20240515-WA0004-e1716359038460-1024x971.jpg 1024w, https:\/\/agora.xtec.cat\/iesmallafre\/wp-content\/uploads\/usu105\/2024\/05\/IMG-20240515-WA0004-e1716359038460-768x729.jpg 768w\" sizes=\"auto, (max-width: 442px) 100vw, 442px\" \/><\/a><\/p>\n<p><a href=\"https:\/\/agora.xtec.cat\/iesmallafre\/wp-content\/uploads\/usu105\/2024\/05\/IMG-20240515-WA0000-e1716359091354.jpg\"><img loading=\"lazy\" decoding=\"async\" class=\"wp-image-23937 aligncenter\" src=\"https:\/\/agora.xtec.cat\/iesmallafre\/wp-content\/uploads\/usu105\/2024\/05\/IMG-20240515-WA0000-e1716359091354.jpg\" alt=\"\" width=\"610\" height=\"763\" srcset=\"https:\/\/agora.xtec.cat\/iesmallafre\/wp-content\/uploads\/usu105\/2024\/05\/IMG-20240515-WA0000-e1716359091354.jpg 828w, https:\/\/agora.xtec.cat\/iesmallafre\/wp-content\/uploads\/usu105\/2024\/05\/IMG-20240515-WA0000-e1716359091354-240x300.jpg 240w, https:\/\/agora.xtec.cat\/iesmallafre\/wp-content\/uploads\/usu105\/2024\/05\/IMG-20240515-WA0000-e1716359091354-819x1024.jpg 819w, https:\/\/agora.xtec.cat\/iesmallafre\/wp-content\/uploads\/usu105\/2024\/05\/IMG-20240515-WA0000-e1716359091354-768x960.jpg 768w\" sizes=\"auto, (max-width: 610px) 100vw, 610px\" \/><\/a><br \/>\n<a href=\"https:\/\/agora.xtec.cat\/iesmallafre\/wp-content\/uploads\/usu105\/2024\/05\/IMG-20240515-WA0007.jpg\"><img loading=\"lazy\" decoding=\"async\" class=\"wp-image-23940 aligncenter\" src=\"https:\/\/agora.xtec.cat\/iesmallafre\/wp-content\/uploads\/usu105\/2024\/05\/IMG-20240515-WA0007.jpg\" alt=\"\" width=\"438\" height=\"584\" srcset=\"https:\/\/agora.xtec.cat\/iesmallafre\/wp-content\/uploads\/usu105\/2024\/05\/IMG-20240515-WA0007.jpg 1500w, https:\/\/agora.xtec.cat\/iesmallafre\/wp-content\/uploads\/usu105\/2024\/05\/IMG-20240515-WA0007-225x300.jpg 225w, https:\/\/agora.xtec.cat\/iesmallafre\/wp-content\/uploads\/usu105\/2024\/05\/IMG-20240515-WA0007-768x1024.jpg 768w, https:\/\/agora.xtec.cat\/iesmallafre\/wp-content\/uploads\/usu105\/2024\/05\/IMG-20240515-WA0007-1152x1536.jpg 1152w\" sizes=\"auto, (max-width: 438px) 100vw, 438px\" \/><\/a><\/p>\n","protected":false},"excerpt":{"rendered":"<p>El passat 14 de maig vam tornar a celebrar per segon any consecutiu els &#8220;Premis audiovisuals de batxillerat&#8221; on es projecten les millors propostes gravades i muntades en v\u00eddeo de l&#8217;alumnat de &#8220;Cultura audiovisual&#8221; de 1r de Batxillerat. Per aquesta edici\u00f3 es van projectar els&hellip;  <a href=\"https:\/\/agora.xtec.cat\/iesmallafre\/batxillerat\/premis-audiovisuals-de-batxillerat\/\" title=\"Read Premis audiovisuals de Batxillerat\">Llegeix m\u00e9s\u00bb<\/a><\/p>\n","protected":false},"author":16,"featured_media":23898,"comment_status":"open","ping_status":"closed","sticky":false,"template":"","format":"standard","meta":{"_bbp_topic_count":0,"_bbp_reply_count":0,"_bbp_total_topic_count":0,"_bbp_total_reply_count":0,"_bbp_voice_count":0,"_bbp_anonymous_reply_count":0,"_bbp_topic_count_hidden":0,"_bbp_reply_count_hidden":0,"_bbp_forum_subforum_count":0,"footnotes":""},"categories":[8,29],"tags":[],"class_list":["post-23897","post","type-post","status-publish","format-standard","has-post-thumbnail","hentry","category-batxillerat","category-portada"],"post_mailing_queue_ids":[],"_links":{"self":[{"href":"https:\/\/agora.xtec.cat\/iesmallafre\/wp-json\/wp\/v2\/posts\/23897","targetHints":{"allow":["GET"]}}],"collection":[{"href":"https:\/\/agora.xtec.cat\/iesmallafre\/wp-json\/wp\/v2\/posts"}],"about":[{"href":"https:\/\/agora.xtec.cat\/iesmallafre\/wp-json\/wp\/v2\/types\/post"}],"author":[{"embeddable":true,"href":"https:\/\/agora.xtec.cat\/iesmallafre\/wp-json\/wp\/v2\/users\/16"}],"replies":[{"embeddable":true,"href":"https:\/\/agora.xtec.cat\/iesmallafre\/wp-json\/wp\/v2\/comments?post=23897"}],"version-history":[{"count":4,"href":"https:\/\/agora.xtec.cat\/iesmallafre\/wp-json\/wp\/v2\/posts\/23897\/revisions"}],"predecessor-version":[{"id":23941,"href":"https:\/\/agora.xtec.cat\/iesmallafre\/wp-json\/wp\/v2\/posts\/23897\/revisions\/23941"}],"wp:featuredmedia":[{"embeddable":true,"href":"https:\/\/agora.xtec.cat\/iesmallafre\/wp-json\/wp\/v2\/media\/23898"}],"wp:attachment":[{"href":"https:\/\/agora.xtec.cat\/iesmallafre\/wp-json\/wp\/v2\/media?parent=23897"}],"wp:term":[{"taxonomy":"category","embeddable":true,"href":"https:\/\/agora.xtec.cat\/iesmallafre\/wp-json\/wp\/v2\/categories?post=23897"},{"taxonomy":"post_tag","embeddable":true,"href":"https:\/\/agora.xtec.cat\/iesmallafre\/wp-json\/wp\/v2\/tags?post=23897"}],"curies":[{"name":"wp","href":"https:\/\/api.w.org\/{rel}","templated":true}]}}