{"id":23883,"date":"2024-05-14T12:32:31","date_gmt":"2024-05-14T10:32:31","guid":{"rendered":"https:\/\/agora.xtec.cat\/iesmallafre\/?p=23883"},"modified":"2024-05-14T12:35:07","modified_gmt":"2024-05-14T10:35:07","slug":"relats-matematics-1r-de-batxillerat","status":"publish","type":"post","link":"https:\/\/agora.xtec.cat\/iesmallafre\/batxillerat\/relats-matematics-1r-de-batxillerat\/","title":{"rendered":"Relats matem\u00e0tics (1r de Batxillerat)"},"content":{"rendered":"<p>L\u2019alumnat de Matem\u00e0tiques aplicades i Creaci\u00f3 liter\u00e0ria de 1r de Batxillerat s\u2019han barrejat i han treballat de forma conjunta l\u2019escriptura de relats matem\u00e0tics.<\/p>\n<p>Han sortit unes hist\u00f2ries molt originals! Enhorabona!!<\/p>\n<p><a href=\"https:\/\/agora.xtec.cat\/iesmallafre\/wp-content\/uploads\/usu105\/2024\/05\/unnamed-scaled-e1715682691610.jpg\"><img loading=\"lazy\" decoding=\"async\" class=\"wp-image-23886 aligncenter\" src=\"https:\/\/agora.xtec.cat\/iesmallafre\/wp-content\/uploads\/usu105\/2024\/05\/unnamed-scaled-e1715682691610.jpg\" alt=\"\" width=\"520\" height=\"379\" srcset=\"https:\/\/agora.xtec.cat\/iesmallafre\/wp-content\/uploads\/usu105\/2024\/05\/unnamed-scaled-e1715682691610.jpg 1920w, https:\/\/agora.xtec.cat\/iesmallafre\/wp-content\/uploads\/usu105\/2024\/05\/unnamed-scaled-e1715682691610-300x219.jpg 300w, https:\/\/agora.xtec.cat\/iesmallafre\/wp-content\/uploads\/usu105\/2024\/05\/unnamed-scaled-e1715682691610-1024x746.jpg 1024w, https:\/\/agora.xtec.cat\/iesmallafre\/wp-content\/uploads\/usu105\/2024\/05\/unnamed-scaled-e1715682691610-768x560.jpg 768w, https:\/\/agora.xtec.cat\/iesmallafre\/wp-content\/uploads\/usu105\/2024\/05\/unnamed-scaled-e1715682691610-1536x1119.jpg 1536w\" sizes=\"auto, (max-width: 520px) 100vw, 520px\" \/><\/a><\/p>\n<p><a href=\"https:\/\/agora.xtec.cat\/iesmallafre\/wp-content\/uploads\/usu105\/2024\/05\/unnamed4-scaled.jpg\"><img loading=\"lazy\" decoding=\"async\" class=\"wp-image-23888 aligncenter\" src=\"https:\/\/agora.xtec.cat\/iesmallafre\/wp-content\/uploads\/usu105\/2024\/05\/unnamed4-scaled.jpg\" alt=\"\" width=\"534\" height=\"712\" srcset=\"https:\/\/agora.xtec.cat\/iesmallafre\/wp-content\/uploads\/usu105\/2024\/05\/unnamed4-scaled.jpg 1920w, https:\/\/agora.xtec.cat\/iesmallafre\/wp-content\/uploads\/usu105\/2024\/05\/unnamed4-225x300.jpg 225w, https:\/\/agora.xtec.cat\/iesmallafre\/wp-content\/uploads\/usu105\/2024\/05\/unnamed4-768x1024.jpg 768w, https:\/\/agora.xtec.cat\/iesmallafre\/wp-content\/uploads\/usu105\/2024\/05\/unnamed4-1152x1536.jpg 1152w, https:\/\/agora.xtec.cat\/iesmallafre\/wp-content\/uploads\/usu105\/2024\/05\/unnamed4-1536x2048.jpg 1536w\" sizes=\"auto, (max-width: 534px) 100vw, 534px\" \/><\/a><\/p>\n<p><a href=\"https:\/\/agora.xtec.cat\/iesmallafre\/wp-content\/uploads\/usu105\/2024\/05\/unnamed3-scaled-e1715682670620.jpg\"><img loading=\"lazy\" decoding=\"async\" class=\"wp-image-23884 aligncenter\" src=\"https:\/\/agora.xtec.cat\/iesmallafre\/wp-content\/uploads\/usu105\/2024\/05\/unnamed3-scaled-e1715682670620.jpg\" alt=\"\" width=\"532\" height=\"440\" srcset=\"https:\/\/agora.xtec.cat\/iesmallafre\/wp-content\/uploads\/usu105\/2024\/05\/unnamed3-scaled-e1715682670620.jpg 1237w, https:\/\/agora.xtec.cat\/iesmallafre\/wp-content\/uploads\/usu105\/2024\/05\/unnamed3-scaled-e1715682670620-300x248.jpg 300w, https:\/\/agora.xtec.cat\/iesmallafre\/wp-content\/uploads\/usu105\/2024\/05\/unnamed3-scaled-e1715682670620-1024x847.jpg 1024w, https:\/\/agora.xtec.cat\/iesmallafre\/wp-content\/uploads\/usu105\/2024\/05\/unnamed3-scaled-e1715682670620-768x635.jpg 768w\" sizes=\"auto, (max-width: 532px) 100vw, 532px\" \/><\/a><\/p>\n<p>&nbsp;<\/p>\n","protected":false},"excerpt":{"rendered":"<p>L\u2019alumnat de Matem\u00e0tiques aplicades i Creaci\u00f3 liter\u00e0ria de 1r de Batxillerat s\u2019han barrejat i han treballat de forma conjunta l\u2019escriptura de relats matem\u00e0tics.<br \/>\nHan sortit unes hist\u00f2ries molt originals! Enhorabona!!<br \/>\n<a href=\"https:\/\/agora.xtec.cat\/iesmallafre\/wp-content\/uploads\/usu105\/2024\/05\/unnamed-scaled-e1715682691610.jpg\"><\/a><br \/>\n<a href=\"https:\/\/agora.xtec.cat\/iesmallafre\/wp-content\/uploads\/usu105\/2024\/05\/unnamed4-scaled.jpg\"><\/a><br \/>\n<a href=\"https:\/\/agora.xtec.cat\/iesmallafre\/wp-content\/uploads\/usu105\/2024\/05\/unnamed3-scaled-e1715682670620.jpg\"><\/a><br \/>\n&nbsp;<\/p>\n","protected":false},"author":16,"featured_media":23885,"comment_status":"open","ping_status":"closed","sticky":false,"template":"","format":"standard","meta":{"_bbp_topic_count":0,"_bbp_reply_count":0,"_bbp_total_topic_count":0,"_bbp_total_reply_count":0,"_bbp_voice_count":0,"_bbp_anonymous_reply_count":0,"_bbp_topic_count_hidden":0,"_bbp_reply_count_hidden":0,"_bbp_forum_subforum_count":0,"footnotes":""},"categories":[8,29],"tags":[],"class_list":["post-23883","post","type-post","status-publish","format-standard","has-post-thumbnail","hentry","category-batxillerat","category-portada"],"post_mailing_queue_ids":[],"_links":{"self":[{"href":"https:\/\/agora.xtec.cat\/iesmallafre\/wp-json\/wp\/v2\/posts\/23883","targetHints":{"allow":["GET"]}}],"collection":[{"href":"https:\/\/agora.xtec.cat\/iesmallafre\/wp-json\/wp\/v2\/posts"}],"about":[{"href":"https:\/\/agora.xtec.cat\/iesmallafre\/wp-json\/wp\/v2\/types\/post"}],"author":[{"embeddable":true,"href":"https:\/\/agora.xtec.cat\/iesmallafre\/wp-json\/wp\/v2\/users\/16"}],"replies":[{"embeddable":true,"href":"https:\/\/agora.xtec.cat\/iesmallafre\/wp-json\/wp\/v2\/comments?post=23883"}],"version-history":[{"count":2,"href":"https:\/\/agora.xtec.cat\/iesmallafre\/wp-json\/wp\/v2\/posts\/23883\/revisions"}],"predecessor-version":[{"id":23889,"href":"https:\/\/agora.xtec.cat\/iesmallafre\/wp-json\/wp\/v2\/posts\/23883\/revisions\/23889"}],"wp:featuredmedia":[{"embeddable":true,"href":"https:\/\/agora.xtec.cat\/iesmallafre\/wp-json\/wp\/v2\/media\/23885"}],"wp:attachment":[{"href":"https:\/\/agora.xtec.cat\/iesmallafre\/wp-json\/wp\/v2\/media?parent=23883"}],"wp:term":[{"taxonomy":"category","embeddable":true,"href":"https:\/\/agora.xtec.cat\/iesmallafre\/wp-json\/wp\/v2\/categories?post=23883"},{"taxonomy":"post_tag","embeddable":true,"href":"https:\/\/agora.xtec.cat\/iesmallafre\/wp-json\/wp\/v2\/tags?post=23883"}],"curies":[{"name":"wp","href":"https:\/\/api.w.org\/{rel}","templated":true}]}}