{"id":23870,"date":"2024-05-14T12:18:58","date_gmt":"2024-05-14T10:18:58","guid":{"rendered":"https:\/\/agora.xtec.cat\/iesmallafre\/?p=23870"},"modified":"2024-05-22T08:15:11","modified_gmt":"2024-05-22T06:15:11","slug":"acte-de-reconeixement-de-laps-balenes-i-dofins-de-vilanova","status":"publish","type":"post","link":"https:\/\/agora.xtec.cat\/iesmallafre\/eso\/acte-de-reconeixement-de-laps-balenes-i-dofins-de-vilanova\/","title":{"rendered":"Acte de reconeixement de l&#8217;APS &#8220;Balenes i Dofins de Vilanova&#8221;"},"content":{"rendered":"<p dir=\"ltr\">L&#8217;alumnat de 4rt d\u2019ESO de l\u2019optativa de biologia ha estat reconegut per la feina feta a trav\u00e9s del projecte d\u2019Aprenentatge i Servei &#8220;Balenes i Dofins de Vilanova&#8221;, que els ha apropat a l\u2019Espai Mar\u00ed de les Costes del Garraf i a con\u00e8ixer les vuit esp\u00e8cies de cetacis que formen part del seu entorn. L&#8217;acte es va celebrar el dia 30 d\u2019abril a la Sala de Plens de l\u2019Ajuntament.<\/p>\n<p dir=\"ltr\">L&#8217;acte de reconeixement als alumnes va comptar amb la pres\u00e8ncia de l&#8217;alcalde i la regidora d&#8217;Acci\u00f3 Clim\u00e0tica de l&#8217;Ajuntament de Vilanova i la Geltr\u00fa, i del director del Centre d&#8217;Estudis del Mar (CEM), aix\u00ed com dels representants de l\u2019entitat An\u00e8l\u00b7lides i la Fundaci\u00f3 CRAM, les quals han participat en el projecte. Durant l\u2019acte, els alumnes \u00a0 van exposar els diferents treballs realitzats durant aquestes \u00faltimes setmanes. Per finalitzar, es va lliurar un diploma de reconeixement per a cada alumne.<\/p>\n<p dir=\"ltr\"><a href=\"https:\/\/agora.xtec.cat\/iesmallafre\/wp-content\/uploads\/usu105\/2024\/05\/Copia-de-20240430_103118-rotated.jpg\"><img loading=\"lazy\" decoding=\"async\" class=\"wp-image-23874 aligncenter\" src=\"https:\/\/agora.xtec.cat\/iesmallafre\/wp-content\/uploads\/usu105\/2024\/05\/Copia-de-20240430_103118-rotated.jpg\" alt=\"\" width=\"534\" height=\"712\" srcset=\"https:\/\/agora.xtec.cat\/iesmallafre\/wp-content\/uploads\/usu105\/2024\/05\/Copia-de-20240430_103118-rotated.jpg 1500w, https:\/\/agora.xtec.cat\/iesmallafre\/wp-content\/uploads\/usu105\/2024\/05\/Copia-de-20240430_103118-225x300.jpg 225w, https:\/\/agora.xtec.cat\/iesmallafre\/wp-content\/uploads\/usu105\/2024\/05\/Copia-de-20240430_103118-768x1024.jpg 768w, https:\/\/agora.xtec.cat\/iesmallafre\/wp-content\/uploads\/usu105\/2024\/05\/Copia-de-20240430_103118-1152x1536.jpg 1152w\" sizes=\"auto, (max-width: 534px) 100vw, 534px\" \/><\/a><br \/>\n<a href=\"https:\/\/agora.xtec.cat\/iesmallafre\/wp-content\/uploads\/usu105\/2024\/05\/PHOTO-2024-05-06-12-47-57-1.jpg\"><img loading=\"lazy\" decoding=\"async\" class=\"wp-image-23877 aligncenter\" src=\"https:\/\/agora.xtec.cat\/iesmallafre\/wp-content\/uploads\/usu105\/2024\/05\/PHOTO-2024-05-06-12-47-57-1.jpg\" alt=\"\" width=\"518\" height=\"691\" srcset=\"https:\/\/agora.xtec.cat\/iesmallafre\/wp-content\/uploads\/usu105\/2024\/05\/PHOTO-2024-05-06-12-47-57-1.jpg 1530w, https:\/\/agora.xtec.cat\/iesmallafre\/wp-content\/uploads\/usu105\/2024\/05\/PHOTO-2024-05-06-12-47-57-1-225x300.jpg 225w, https:\/\/agora.xtec.cat\/iesmallafre\/wp-content\/uploads\/usu105\/2024\/05\/PHOTO-2024-05-06-12-47-57-1-768x1024.jpg 768w, https:\/\/agora.xtec.cat\/iesmallafre\/wp-content\/uploads\/usu105\/2024\/05\/PHOTO-2024-05-06-12-47-57-1-1152x1536.jpg 1152w\" sizes=\"auto, (max-width: 518px) 100vw, 518px\" \/><\/a><\/p>\n<p dir=\"ltr\"><a href=\"https:\/\/agora.xtec.cat\/iesmallafre\/wp-content\/uploads\/usu105\/2024\/05\/IMG-20240501-WA0015-1.jpg\"><img loading=\"lazy\" decoding=\"async\" class=\"wp-image-23876 aligncenter\" src=\"https:\/\/agora.xtec.cat\/iesmallafre\/wp-content\/uploads\/usu105\/2024\/05\/IMG-20240501-WA0015-1.jpg\" alt=\"\" width=\"556\" height=\"417\" srcset=\"https:\/\/agora.xtec.cat\/iesmallafre\/wp-content\/uploads\/usu105\/2024\/05\/IMG-20240501-WA0015-1.jpg 1600w, https:\/\/agora.xtec.cat\/iesmallafre\/wp-content\/uploads\/usu105\/2024\/05\/IMG-20240501-WA0015-1-300x225.jpg 300w, https:\/\/agora.xtec.cat\/iesmallafre\/wp-content\/uploads\/usu105\/2024\/05\/IMG-20240501-WA0015-1-1024x768.jpg 1024w, https:\/\/agora.xtec.cat\/iesmallafre\/wp-content\/uploads\/usu105\/2024\/05\/IMG-20240501-WA0015-1-768x576.jpg 768w, https:\/\/agora.xtec.cat\/iesmallafre\/wp-content\/uploads\/usu105\/2024\/05\/IMG-20240501-WA0015-1-1536x1152.jpg 1536w, https:\/\/agora.xtec.cat\/iesmallafre\/wp-content\/uploads\/usu105\/2024\/05\/IMG-20240501-WA0015-1-200x150.jpg 200w\" sizes=\"auto, (max-width: 556px) 100vw, 556px\" \/><\/a><\/p>\n<p dir=\"ltr\"><a href=\"https:\/\/agora.xtec.cat\/iesmallafre\/wp-content\/uploads\/usu105\/2024\/05\/Copia-de-20240430_104259-rotated.jpg\"><img loading=\"lazy\" decoding=\"async\" class=\"wp-image-23878 aligncenter\" src=\"https:\/\/agora.xtec.cat\/iesmallafre\/wp-content\/uploads\/usu105\/2024\/05\/Copia-de-20240430_104259-rotated.jpg\" alt=\"\" width=\"569\" height=\"758\" srcset=\"https:\/\/agora.xtec.cat\/iesmallafre\/wp-content\/uploads\/usu105\/2024\/05\/Copia-de-20240430_104259-rotated.jpg 1500w, https:\/\/agora.xtec.cat\/iesmallafre\/wp-content\/uploads\/usu105\/2024\/05\/Copia-de-20240430_104259-225x300.jpg 225w, https:\/\/agora.xtec.cat\/iesmallafre\/wp-content\/uploads\/usu105\/2024\/05\/Copia-de-20240430_104259-768x1024.jpg 768w, https:\/\/agora.xtec.cat\/iesmallafre\/wp-content\/uploads\/usu105\/2024\/05\/Copia-de-20240430_104259-1152x1536.jpg 1152w\" sizes=\"auto, (max-width: 569px) 100vw, 569px\" \/><\/a><\/p>\n","protected":false},"excerpt":{"rendered":"<p>L&#8217;alumnat de 4rt d\u2019ESO de l\u2019optativa de biologia ha estat reconegut per la feina feta a trav\u00e9s del projecte d\u2019Aprenentatge i Servei &#8220;Balenes i Dofins de Vilanova&#8221;, que els ha apropat a l\u2019Espai Mar\u00ed de les Costes del Garraf i a con\u00e8ixer les vuit esp\u00e8cies&hellip;  <a href=\"https:\/\/agora.xtec.cat\/iesmallafre\/eso\/acte-de-reconeixement-de-laps-balenes-i-dofins-de-vilanova\/\" title=\"Read Acte de reconeixement de l&#8217;APS &#8220;Balenes i Dofins de Vilanova&#8221;\">Llegeix m\u00e9s\u00bb<\/a><\/p>\n","protected":false},"author":16,"featured_media":23875,"comment_status":"open","ping_status":"closed","sticky":false,"template":"","format":"standard","meta":{"_bbp_topic_count":0,"_bbp_reply_count":0,"_bbp_total_topic_count":0,"_bbp_total_reply_count":0,"_bbp_voice_count":0,"_bbp_anonymous_reply_count":0,"_bbp_topic_count_hidden":0,"_bbp_reply_count_hidden":0,"_bbp_forum_subforum_count":0,"footnotes":""},"categories":[3,306,29,305],"tags":[],"class_list":["post-23870","post","type-post","status-publish","format-standard","has-post-thumbnail","hentry","category-eso","category-escola-verda","category-portada","category-projecte-daprenentatge-i-servei-comunitari"],"post_mailing_queue_ids":[],"_links":{"self":[{"href":"https:\/\/agora.xtec.cat\/iesmallafre\/wp-json\/wp\/v2\/posts\/23870","targetHints":{"allow":["GET"]}}],"collection":[{"href":"https:\/\/agora.xtec.cat\/iesmallafre\/wp-json\/wp\/v2\/posts"}],"about":[{"href":"https:\/\/agora.xtec.cat\/iesmallafre\/wp-json\/wp\/v2\/types\/post"}],"author":[{"embeddable":true,"href":"https:\/\/agora.xtec.cat\/iesmallafre\/wp-json\/wp\/v2\/users\/16"}],"replies":[{"embeddable":true,"href":"https:\/\/agora.xtec.cat\/iesmallafre\/wp-json\/wp\/v2\/comments?post=23870"}],"version-history":[{"count":2,"href":"https:\/\/agora.xtec.cat\/iesmallafre\/wp-json\/wp\/v2\/posts\/23870\/revisions"}],"predecessor-version":[{"id":23880,"href":"https:\/\/agora.xtec.cat\/iesmallafre\/wp-json\/wp\/v2\/posts\/23870\/revisions\/23880"}],"wp:featuredmedia":[{"embeddable":true,"href":"https:\/\/agora.xtec.cat\/iesmallafre\/wp-json\/wp\/v2\/media\/23875"}],"wp:attachment":[{"href":"https:\/\/agora.xtec.cat\/iesmallafre\/wp-json\/wp\/v2\/media?parent=23870"}],"wp:term":[{"taxonomy":"category","embeddable":true,"href":"https:\/\/agora.xtec.cat\/iesmallafre\/wp-json\/wp\/v2\/categories?post=23870"},{"taxonomy":"post_tag","embeddable":true,"href":"https:\/\/agora.xtec.cat\/iesmallafre\/wp-json\/wp\/v2\/tags?post=23870"}],"curies":[{"name":"wp","href":"https:\/\/api.w.org\/{rel}","templated":true}]}}