{"id":23796,"date":"2024-05-03T10:51:37","date_gmt":"2024-05-03T08:51:37","guid":{"rendered":"https:\/\/agora.xtec.cat\/iesmallafre\/?p=23796"},"modified":"2024-05-03T10:55:52","modified_gmt":"2024-05-03T08:55:52","slug":"dia-internacional-contra-lassetjament-escolar","status":"publish","type":"post","link":"https:\/\/agora.xtec.cat\/iesmallafre\/batxillerat\/dia-internacional-contra-lassetjament-escolar\/","title":{"rendered":"Dia Internacional contra l&#8217;Assetjament Escolar"},"content":{"rendered":"<p>Amb motiu del <strong>Dia Internacional contra l&#8217;Assetjament<\/strong> <strong>Escolar<\/strong> l&#8217;alumnat de batxillerat d&#8217;Arts Esc\u00e8niques i Problem\u00e0tiques Socials ha treballat en un projecte conjunt amb l&#8217;objectiu de despertar <strong>mirades i consci\u00e8ncia<\/strong>.<\/p>\n<p>Els alumnes que han posat en marxa aquest projecte ens ho expliquen en aquest<a href=\"https:\/\/www.rtve.es\/play\/videos\/linformatiu\/despertar-consciencies-contra-lassetjament-escolar\/16086500\/\" target=\"_blank\" rel=\"noopener\"> v\u00eddeo <\/a>em\u00e8s a l&#8217;Informatiu de TVE.<\/p>\n","protected":false},"excerpt":{"rendered":"<p>Amb motiu del Dia Internacional contra l&#8217;Assetjament Escolar l&#8217;alumnat de batxillerat d&#8217;Arts Esc\u00e8niques i Problem\u00e0tiques Socials ha treballat en un projecte conjunt amb l&#8217;objectiu de despertar mirades i consci\u00e8ncia.<br \/>\nEls alumnes que han posat en marxa aquest projecte ens ho expliquen en aquest<a href=\"https:\/\/www.rtve.es\/play\/videos\/linformatiu\/despertar-consciencies-contra-lassetjament-escolar\/16086500\/\" target=\"_blank\" rel=\"noopener\">&hellip;  <a href=\"https:\/\/agora.xtec.cat\/iesmallafre\/batxillerat\/dia-internacional-contra-lassetjament-escolar\/\" title=\"Read Dia Internacional contra l&#8217;Assetjament Escolar\">Llegeix m\u00e9s\u00bb<\/a><\/p>\n","protected":false},"author":16,"featured_media":23797,"comment_status":"open","ping_status":"closed","sticky":false,"template":"","format":"standard","meta":{"_bbp_topic_count":0,"_bbp_reply_count":0,"_bbp_total_topic_count":0,"_bbp_total_reply_count":0,"_bbp_voice_count":0,"_bbp_anonymous_reply_count":0,"_bbp_topic_count_hidden":0,"_bbp_reply_count_hidden":0,"_bbp_forum_subforum_count":0,"footnotes":""},"categories":[8,29],"tags":[],"class_list":["post-23796","post","type-post","status-publish","format-standard","has-post-thumbnail","hentry","category-batxillerat","category-portada"],"post_mailing_queue_ids":[],"_links":{"self":[{"href":"https:\/\/agora.xtec.cat\/iesmallafre\/wp-json\/wp\/v2\/posts\/23796","targetHints":{"allow":["GET"]}}],"collection":[{"href":"https:\/\/agora.xtec.cat\/iesmallafre\/wp-json\/wp\/v2\/posts"}],"about":[{"href":"https:\/\/agora.xtec.cat\/iesmallafre\/wp-json\/wp\/v2\/types\/post"}],"author":[{"embeddable":true,"href":"https:\/\/agora.xtec.cat\/iesmallafre\/wp-json\/wp\/v2\/users\/16"}],"replies":[{"embeddable":true,"href":"https:\/\/agora.xtec.cat\/iesmallafre\/wp-json\/wp\/v2\/comments?post=23796"}],"version-history":[{"count":6,"href":"https:\/\/agora.xtec.cat\/iesmallafre\/wp-json\/wp\/v2\/posts\/23796\/revisions"}],"predecessor-version":[{"id":23803,"href":"https:\/\/agora.xtec.cat\/iesmallafre\/wp-json\/wp\/v2\/posts\/23796\/revisions\/23803"}],"wp:featuredmedia":[{"embeddable":true,"href":"https:\/\/agora.xtec.cat\/iesmallafre\/wp-json\/wp\/v2\/media\/23797"}],"wp:attachment":[{"href":"https:\/\/agora.xtec.cat\/iesmallafre\/wp-json\/wp\/v2\/media?parent=23796"}],"wp:term":[{"taxonomy":"category","embeddable":true,"href":"https:\/\/agora.xtec.cat\/iesmallafre\/wp-json\/wp\/v2\/categories?post=23796"},{"taxonomy":"post_tag","embeddable":true,"href":"https:\/\/agora.xtec.cat\/iesmallafre\/wp-json\/wp\/v2\/tags?post=23796"}],"curies":[{"name":"wp","href":"https:\/\/api.w.org\/{rel}","templated":true}]}}