{"id":23664,"date":"2024-04-16T12:18:49","date_gmt":"2024-04-16T10:18:49","guid":{"rendered":"https:\/\/agora.xtec.cat\/iesmallafre\/?p=23664"},"modified":"2024-04-16T12:59:08","modified_gmt":"2024-04-16T10:59:08","slug":"jornada-de-portes-obertes-de-batxillerat-2","status":"publish","type":"post","link":"https:\/\/agora.xtec.cat\/iesmallafre\/batxillerat\/jornada-de-portes-obertes-de-batxillerat-2\/","title":{"rendered":"Jornada de Portes Obertes de Batxillerat"},"content":{"rendered":"<p>Dissabte vam fer la jornada de portes obertes de Batxillerat. Vam donar informaci\u00f3 relacionada amb totes les modalitats i les persones assistents van poder passejar pel centre.<\/p>\n<p>Recordeu que la <strong>preinscripci\u00f3 \u00e9s telem\u00e0tica del 18 al 25 d&#8217;abril<\/strong>.<\/p>\n<p>Aqu\u00ed podeu consultar<a href=\"https:\/\/agora.xtec.cat\/iesmallafre\/portes-obertes\/portes-obertes-batxillerat\/\" target=\"_blank\" rel=\"noopener\"> la informaci\u00f3 sobre els nostres batxillerats<\/a>.<\/p>\n<p>Veniu al Dolors Mallafr\u00e8! Sereu benvingudes i benvinguts!<\/p>\n<p>&nbsp;<\/p>\n<p><a href=\"https:\/\/agora.xtec.cat\/iesmallafre\/wp-content\/uploads\/usu105\/2024\/04\/WhatsApp-Image-2024-04-16-at-11.53.54.jpeg\"><img loading=\"lazy\" decoding=\"async\" class=\"wp-image-23669 aligncenter\" src=\"https:\/\/agora.xtec.cat\/iesmallafre\/wp-content\/uploads\/usu105\/2024\/04\/WhatsApp-Image-2024-04-16-at-11.53.54.jpeg\" alt=\"\" width=\"610\" height=\"458\" srcset=\"https:\/\/agora.xtec.cat\/iesmallafre\/wp-content\/uploads\/usu105\/2024\/04\/WhatsApp-Image-2024-04-16-at-11.53.54.jpeg 1600w, https:\/\/agora.xtec.cat\/iesmallafre\/wp-content\/uploads\/usu105\/2024\/04\/WhatsApp-Image-2024-04-16-at-11.53.54-300x225.jpeg 300w, https:\/\/agora.xtec.cat\/iesmallafre\/wp-content\/uploads\/usu105\/2024\/04\/WhatsApp-Image-2024-04-16-at-11.53.54-1024x768.jpeg 1024w, https:\/\/agora.xtec.cat\/iesmallafre\/wp-content\/uploads\/usu105\/2024\/04\/WhatsApp-Image-2024-04-16-at-11.53.54-768x576.jpeg 768w, https:\/\/agora.xtec.cat\/iesmallafre\/wp-content\/uploads\/usu105\/2024\/04\/WhatsApp-Image-2024-04-16-at-11.53.54-1536x1152.jpeg 1536w, https:\/\/agora.xtec.cat\/iesmallafre\/wp-content\/uploads\/usu105\/2024\/04\/WhatsApp-Image-2024-04-16-at-11.53.54-200x150.jpeg 200w\" sizes=\"auto, (max-width: 610px) 100vw, 610px\" \/><\/a><\/p>\n<p><a href=\"https:\/\/agora.xtec.cat\/iesmallafre\/wp-content\/uploads\/usu105\/2024\/04\/WhatsApp-Image-2024-04-16-at-11.54.50.jpeg\"><img loading=\"lazy\" decoding=\"async\" class=\"wp-image-23668 aligncenter\" src=\"https:\/\/agora.xtec.cat\/iesmallafre\/wp-content\/uploads\/usu105\/2024\/04\/WhatsApp-Image-2024-04-16-at-11.54.50.jpeg\" alt=\"\" width=\"634\" height=\"476\" srcset=\"https:\/\/agora.xtec.cat\/iesmallafre\/wp-content\/uploads\/usu105\/2024\/04\/WhatsApp-Image-2024-04-16-at-11.54.50.jpeg 1600w, https:\/\/agora.xtec.cat\/iesmallafre\/wp-content\/uploads\/usu105\/2024\/04\/WhatsApp-Image-2024-04-16-at-11.54.50-300x225.jpeg 300w, https:\/\/agora.xtec.cat\/iesmallafre\/wp-content\/uploads\/usu105\/2024\/04\/WhatsApp-Image-2024-04-16-at-11.54.50-1024x768.jpeg 1024w, https:\/\/agora.xtec.cat\/iesmallafre\/wp-content\/uploads\/usu105\/2024\/04\/WhatsApp-Image-2024-04-16-at-11.54.50-768x576.jpeg 768w, https:\/\/agora.xtec.cat\/iesmallafre\/wp-content\/uploads\/usu105\/2024\/04\/WhatsApp-Image-2024-04-16-at-11.54.50-1536x1152.jpeg 1536w, https:\/\/agora.xtec.cat\/iesmallafre\/wp-content\/uploads\/usu105\/2024\/04\/WhatsApp-Image-2024-04-16-at-11.54.50-200x150.jpeg 200w\" sizes=\"auto, (max-width: 634px) 100vw, 634px\" \/><\/a><br \/>\n<a href=\"https:\/\/agora.xtec.cat\/iesmallafre\/wp-content\/uploads\/usu105\/2024\/04\/WhatsApp-Image-2024-04-16-at-11.54.51.jpeg\"><img loading=\"lazy\" decoding=\"async\" class=\"wp-image-23667 aligncenter\" src=\"https:\/\/agora.xtec.cat\/iesmallafre\/wp-content\/uploads\/usu105\/2024\/04\/WhatsApp-Image-2024-04-16-at-11.54.51.jpeg\" alt=\"\" width=\"648\" height=\"487\" srcset=\"https:\/\/agora.xtec.cat\/iesmallafre\/wp-content\/uploads\/usu105\/2024\/04\/WhatsApp-Image-2024-04-16-at-11.54.51.jpeg 1600w, https:\/\/agora.xtec.cat\/iesmallafre\/wp-content\/uploads\/usu105\/2024\/04\/WhatsApp-Image-2024-04-16-at-11.54.51-300x225.jpeg 300w, https:\/\/agora.xtec.cat\/iesmallafre\/wp-content\/uploads\/usu105\/2024\/04\/WhatsApp-Image-2024-04-16-at-11.54.51-1024x768.jpeg 1024w, https:\/\/agora.xtec.cat\/iesmallafre\/wp-content\/uploads\/usu105\/2024\/04\/WhatsApp-Image-2024-04-16-at-11.54.51-768x576.jpeg 768w, https:\/\/agora.xtec.cat\/iesmallafre\/wp-content\/uploads\/usu105\/2024\/04\/WhatsApp-Image-2024-04-16-at-11.54.51-1536x1152.jpeg 1536w, https:\/\/agora.xtec.cat\/iesmallafre\/wp-content\/uploads\/usu105\/2024\/04\/WhatsApp-Image-2024-04-16-at-11.54.51-200x150.jpeg 200w\" sizes=\"auto, (max-width: 648px) 100vw, 648px\" \/><\/a><br \/>\n<a href=\"https:\/\/agora.xtec.cat\/iesmallafre\/wp-content\/uploads\/usu105\/2024\/04\/WhatsApp-Image-2024-04-16-at-11.54.53.jpeg\"><img loading=\"lazy\" decoding=\"async\" class=\"wp-image-23666 aligncenter\" src=\"https:\/\/agora.xtec.cat\/iesmallafre\/wp-content\/uploads\/usu105\/2024\/04\/WhatsApp-Image-2024-04-16-at-11.54.53.jpeg\" alt=\"\" width=\"675\" height=\"507\" srcset=\"https:\/\/agora.xtec.cat\/iesmallafre\/wp-content\/uploads\/usu105\/2024\/04\/WhatsApp-Image-2024-04-16-at-11.54.53.jpeg 1600w, https:\/\/agora.xtec.cat\/iesmallafre\/wp-content\/uploads\/usu105\/2024\/04\/WhatsApp-Image-2024-04-16-at-11.54.53-300x225.jpeg 300w, https:\/\/agora.xtec.cat\/iesmallafre\/wp-content\/uploads\/usu105\/2024\/04\/WhatsApp-Image-2024-04-16-at-11.54.53-1024x768.jpeg 1024w, https:\/\/agora.xtec.cat\/iesmallafre\/wp-content\/uploads\/usu105\/2024\/04\/WhatsApp-Image-2024-04-16-at-11.54.53-768x576.jpeg 768w, https:\/\/agora.xtec.cat\/iesmallafre\/wp-content\/uploads\/usu105\/2024\/04\/WhatsApp-Image-2024-04-16-at-11.54.53-1536x1152.jpeg 1536w, https:\/\/agora.xtec.cat\/iesmallafre\/wp-content\/uploads\/usu105\/2024\/04\/WhatsApp-Image-2024-04-16-at-11.54.53-200x150.jpeg 200w\" sizes=\"auto, (max-width: 675px) 100vw, 675px\" \/><\/a><\/p>\n<p><a href=\"https:\/\/agora.xtec.cat\/iesmallafre\/wp-content\/uploads\/usu105\/2024\/04\/WhatsApp-Image-2024-04-16-at-11.54.54.jpeg\"><img loading=\"lazy\" decoding=\"async\" class=\"wp-image-23665 aligncenter\" src=\"https:\/\/agora.xtec.cat\/iesmallafre\/wp-content\/uploads\/usu105\/2024\/04\/WhatsApp-Image-2024-04-16-at-11.54.54.jpeg\" alt=\"\" width=\"603\" height=\"452\" srcset=\"https:\/\/agora.xtec.cat\/iesmallafre\/wp-content\/uploads\/usu105\/2024\/04\/WhatsApp-Image-2024-04-16-at-11.54.54.jpeg 1600w, https:\/\/agora.xtec.cat\/iesmallafre\/wp-content\/uploads\/usu105\/2024\/04\/WhatsApp-Image-2024-04-16-at-11.54.54-300x225.jpeg 300w, https:\/\/agora.xtec.cat\/iesmallafre\/wp-content\/uploads\/usu105\/2024\/04\/WhatsApp-Image-2024-04-16-at-11.54.54-1024x768.jpeg 1024w, https:\/\/agora.xtec.cat\/iesmallafre\/wp-content\/uploads\/usu105\/2024\/04\/WhatsApp-Image-2024-04-16-at-11.54.54-768x576.jpeg 768w, https:\/\/agora.xtec.cat\/iesmallafre\/wp-content\/uploads\/usu105\/2024\/04\/WhatsApp-Image-2024-04-16-at-11.54.54-1536x1152.jpeg 1536w, https:\/\/agora.xtec.cat\/iesmallafre\/wp-content\/uploads\/usu105\/2024\/04\/WhatsApp-Image-2024-04-16-at-11.54.54-200x150.jpeg 200w\" sizes=\"auto, (max-width: 603px) 100vw, 603px\" \/><\/a><\/p>\n","protected":false},"excerpt":{"rendered":"<p>Dissabte vam fer la jornada de portes obertes de Batxillerat. Vam donar informaci\u00f3 relacionada amb totes les modalitats i les persones assistents van poder passejar pel centre.<br \/>\nRecordeu que la preinscripci\u00f3 \u00e9s telem\u00e0tica del 18 al 25 d&#8217;abril.<br \/>\nAqu\u00ed podeu consultar<a href=\"https:\/\/agora.xtec.cat\/iesmallafre\/portes-obertes\/portes-obertes-batxillerat\/\" target=\"_blank\" rel=\"noopener\"> la informaci\u00f3 sobre&hellip;  <a href=\"https:\/\/agora.xtec.cat\/iesmallafre\/batxillerat\/jornada-de-portes-obertes-de-batxillerat-2\/\" title=\"Read Jornada de Portes Obertes de Batxillerat\">Llegeix m\u00e9s\u00bb<\/a><\/p>\n","protected":false},"author":16,"featured_media":23670,"comment_status":"open","ping_status":"closed","sticky":false,"template":"","format":"standard","meta":{"_bbp_topic_count":0,"_bbp_reply_count":0,"_bbp_total_topic_count":0,"_bbp_total_reply_count":0,"_bbp_voice_count":0,"_bbp_anonymous_reply_count":0,"_bbp_topic_count_hidden":0,"_bbp_reply_count_hidden":0,"_bbp_forum_subforum_count":0,"footnotes":""},"categories":[8,29],"tags":[],"class_list":["post-23664","post","type-post","status-publish","format-standard","has-post-thumbnail","hentry","category-batxillerat","category-portada"],"post_mailing_queue_ids":[],"_links":{"self":[{"href":"https:\/\/agora.xtec.cat\/iesmallafre\/wp-json\/wp\/v2\/posts\/23664","targetHints":{"allow":["GET"]}}],"collection":[{"href":"https:\/\/agora.xtec.cat\/iesmallafre\/wp-json\/wp\/v2\/posts"}],"about":[{"href":"https:\/\/agora.xtec.cat\/iesmallafre\/wp-json\/wp\/v2\/types\/post"}],"author":[{"embeddable":true,"href":"https:\/\/agora.xtec.cat\/iesmallafre\/wp-json\/wp\/v2\/users\/16"}],"replies":[{"embeddable":true,"href":"https:\/\/agora.xtec.cat\/iesmallafre\/wp-json\/wp\/v2\/comments?post=23664"}],"version-history":[{"count":2,"href":"https:\/\/agora.xtec.cat\/iesmallafre\/wp-json\/wp\/v2\/posts\/23664\/revisions"}],"predecessor-version":[{"id":23673,"href":"https:\/\/agora.xtec.cat\/iesmallafre\/wp-json\/wp\/v2\/posts\/23664\/revisions\/23673"}],"wp:featuredmedia":[{"embeddable":true,"href":"https:\/\/agora.xtec.cat\/iesmallafre\/wp-json\/wp\/v2\/media\/23670"}],"wp:attachment":[{"href":"https:\/\/agora.xtec.cat\/iesmallafre\/wp-json\/wp\/v2\/media?parent=23664"}],"wp:term":[{"taxonomy":"category","embeddable":true,"href":"https:\/\/agora.xtec.cat\/iesmallafre\/wp-json\/wp\/v2\/categories?post=23664"},{"taxonomy":"post_tag","embeddable":true,"href":"https:\/\/agora.xtec.cat\/iesmallafre\/wp-json\/wp\/v2\/tags?post=23664"}],"curies":[{"name":"wp","href":"https:\/\/api.w.org\/{rel}","templated":true}]}}