{"id":23639,"date":"2024-04-12T12:01:16","date_gmt":"2024-04-12T10:01:16","guid":{"rendered":"https:\/\/agora.xtec.cat\/iesmallafre\/?p=23639"},"modified":"2024-04-12T12:01:16","modified_gmt":"2024-04-12T10:01:16","slug":"sortida-al-museu-del-ferrocarril","status":"publish","type":"post","link":"https:\/\/agora.xtec.cat\/iesmallafre\/eso\/sortida-al-museu-del-ferrocarril\/","title":{"rendered":"Sortida al Museu del ferrocarril"},"content":{"rendered":"<div>\n<p>El passat 5 i 6 de mar\u00e7 i 11 d&#8217;abril l&#8217;alumnat de 3r d&#8217;ESO va participar en l&#8217;activitat &#8220;Entre fum i carb\u00f3&#8221;.<\/p>\n<p>En aquesta activitat vam treballar la mem\u00f2ria oral, la mem\u00f2ria hist\u00f2rica i la pertinen\u00e7a a la ciutat centrant-nos en el m\u00f3n ferroviari de la ciutat de Vilanova i la Geltr\u00fa.<\/p>\n<p>Vam visitar el museu i vam poder compartir experi\u00e8ncies amb la Pepa, la Joana, l&#8217;Olga i l&#8217;Anna components del grup dones amb mem\u00f2ria.<\/p>\n<p>Va ser una activitat interessant per descobrir de nou un museu de la ciutat visitat segurament a prim\u00e0ria i observat i explicat de nou a nivell de secund\u00e0ria.<\/p>\n<\/div>\n<p><a href=\"https:\/\/agora.xtec.cat\/iesmallafre\/wp-content\/uploads\/usu105\/2024\/04\/Copia-de-1710141866227.jpg\"><img loading=\"lazy\" decoding=\"async\" class=\"wp-image-23643 aligncenter\" src=\"https:\/\/agora.xtec.cat\/iesmallafre\/wp-content\/uploads\/usu105\/2024\/04\/Copia-de-1710141866227.jpg\" alt=\"\" width=\"625\" height=\"471\" srcset=\"https:\/\/agora.xtec.cat\/iesmallafre\/wp-content\/uploads\/usu105\/2024\/04\/Copia-de-1710141866227.jpg 2000w, https:\/\/agora.xtec.cat\/iesmallafre\/wp-content\/uploads\/usu105\/2024\/04\/Copia-de-1710141866227-300x226.jpg 300w, https:\/\/agora.xtec.cat\/iesmallafre\/wp-content\/uploads\/usu105\/2024\/04\/Copia-de-1710141866227-1024x771.jpg 1024w, https:\/\/agora.xtec.cat\/iesmallafre\/wp-content\/uploads\/usu105\/2024\/04\/Copia-de-1710141866227-768x578.jpg 768w, https:\/\/agora.xtec.cat\/iesmallafre\/wp-content\/uploads\/usu105\/2024\/04\/Copia-de-1710141866227-1536x1157.jpg 1536w, https:\/\/agora.xtec.cat\/iesmallafre\/wp-content\/uploads\/usu105\/2024\/04\/Copia-de-1710141866227-200x150.jpg 200w\" sizes=\"auto, (max-width: 625px) 100vw, 625px\" \/><\/a><\/p>\n<p>&nbsp;<\/p>\n<p style=\"text-align: center;\"><a href=\"https:\/\/agora.xtec.cat\/iesmallafre\/wp-content\/uploads\/usu105\/2024\/04\/Copia-de-6.jpg\"><img loading=\"lazy\" decoding=\"async\" class=\"alignnone size-full wp-image-23641\" src=\"https:\/\/agora.xtec.cat\/iesmallafre\/wp-content\/uploads\/usu105\/2024\/04\/Copia-de-6.jpg\" alt=\"\" width=\"480\" height=\"640\" srcset=\"https:\/\/agora.xtec.cat\/iesmallafre\/wp-content\/uploads\/usu105\/2024\/04\/Copia-de-6.jpg 480w, https:\/\/agora.xtec.cat\/iesmallafre\/wp-content\/uploads\/usu105\/2024\/04\/Copia-de-6-225x300.jpg 225w\" sizes=\"auto, (max-width: 480px) 100vw, 480px\" \/><\/a><\/p>\n<p style=\"text-align: center;\"><a href=\"https:\/\/agora.xtec.cat\/iesmallafre\/wp-content\/uploads\/usu105\/2024\/04\/Copia-de-1710141866271.jpg\"><img loading=\"lazy\" decoding=\"async\" class=\"wp-image-23644 aligncenter\" src=\"https:\/\/agora.xtec.cat\/iesmallafre\/wp-content\/uploads\/usu105\/2024\/04\/Copia-de-1710141866271.jpg\" alt=\"\" width=\"649\" height=\"489\" srcset=\"https:\/\/agora.xtec.cat\/iesmallafre\/wp-content\/uploads\/usu105\/2024\/04\/Copia-de-1710141866271.jpg 2000w, https:\/\/agora.xtec.cat\/iesmallafre\/wp-content\/uploads\/usu105\/2024\/04\/Copia-de-1710141866271-300x226.jpg 300w, https:\/\/agora.xtec.cat\/iesmallafre\/wp-content\/uploads\/usu105\/2024\/04\/Copia-de-1710141866271-1024x771.jpg 1024w, https:\/\/agora.xtec.cat\/iesmallafre\/wp-content\/uploads\/usu105\/2024\/04\/Copia-de-1710141866271-768x578.jpg 768w, https:\/\/agora.xtec.cat\/iesmallafre\/wp-content\/uploads\/usu105\/2024\/04\/Copia-de-1710141866271-1536x1157.jpg 1536w, https:\/\/agora.xtec.cat\/iesmallafre\/wp-content\/uploads\/usu105\/2024\/04\/Copia-de-1710141866271-200x150.jpg 200w\" sizes=\"auto, (max-width: 649px) 100vw, 649px\" \/><\/a><\/p>\n<p><a href=\"https:\/\/agora.xtec.cat\/iesmallafre\/wp-content\/uploads\/usu105\/2024\/04\/20240411_110049.jpg\"><img loading=\"lazy\" decoding=\"async\" class=\"alignnone  wp-image-23645\" src=\"https:\/\/agora.xtec.cat\/iesmallafre\/wp-content\/uploads\/usu105\/2024\/04\/20240411_110049.jpg\" alt=\"\" width=\"664\" height=\"499\" srcset=\"https:\/\/agora.xtec.cat\/iesmallafre\/wp-content\/uploads\/usu105\/2024\/04\/20240411_110049.jpg 2000w, https:\/\/agora.xtec.cat\/iesmallafre\/wp-content\/uploads\/usu105\/2024\/04\/20240411_110049-300x225.jpg 300w, https:\/\/agora.xtec.cat\/iesmallafre\/wp-content\/uploads\/usu105\/2024\/04\/20240411_110049-1024x768.jpg 1024w, https:\/\/agora.xtec.cat\/iesmallafre\/wp-content\/uploads\/usu105\/2024\/04\/20240411_110049-768x576.jpg 768w, https:\/\/agora.xtec.cat\/iesmallafre\/wp-content\/uploads\/usu105\/2024\/04\/20240411_110049-1536x1152.jpg 1536w, https:\/\/agora.xtec.cat\/iesmallafre\/wp-content\/uploads\/usu105\/2024\/04\/20240411_110049-200x150.jpg 200w\" sizes=\"auto, (max-width: 664px) 100vw, 664px\" \/><\/a><\/p>\n<p>&nbsp;<\/p>\n","protected":false},"excerpt":{"rendered":"<p>El passat 5 i 6 de mar\u00e7 i 11 d&#8217;abril l&#8217;alumnat de 3r d&#8217;ESO va participar en l&#8217;activitat &#8220;Entre fum i carb\u00f3&#8221;.<br \/>\nEn aquesta activitat vam treballar la mem\u00f2ria oral, la mem\u00f2ria hist\u00f2rica i la pertinen\u00e7a a la ciutat centrant-nos en el m\u00f3n ferroviari de la&hellip;  <a href=\"https:\/\/agora.xtec.cat\/iesmallafre\/eso\/sortida-al-museu-del-ferrocarril\/\" title=\"Read Sortida al Museu del ferrocarril\">Llegeix m\u00e9s\u00bb<\/a><\/p>\n","protected":false},"author":16,"featured_media":23642,"comment_status":"open","ping_status":"closed","sticky":false,"template":"","format":"standard","meta":{"_bbp_topic_count":0,"_bbp_reply_count":0,"_bbp_total_topic_count":0,"_bbp_total_reply_count":0,"_bbp_voice_count":0,"_bbp_anonymous_reply_count":0,"_bbp_topic_count_hidden":0,"_bbp_reply_count_hidden":0,"_bbp_forum_subforum_count":0,"footnotes":""},"categories":[3,29],"tags":[],"class_list":["post-23639","post","type-post","status-publish","format-standard","has-post-thumbnail","hentry","category-eso","category-portada"],"post_mailing_queue_ids":[],"_links":{"self":[{"href":"https:\/\/agora.xtec.cat\/iesmallafre\/wp-json\/wp\/v2\/posts\/23639","targetHints":{"allow":["GET"]}}],"collection":[{"href":"https:\/\/agora.xtec.cat\/iesmallafre\/wp-json\/wp\/v2\/posts"}],"about":[{"href":"https:\/\/agora.xtec.cat\/iesmallafre\/wp-json\/wp\/v2\/types\/post"}],"author":[{"embeddable":true,"href":"https:\/\/agora.xtec.cat\/iesmallafre\/wp-json\/wp\/v2\/users\/16"}],"replies":[{"embeddable":true,"href":"https:\/\/agora.xtec.cat\/iesmallafre\/wp-json\/wp\/v2\/comments?post=23639"}],"version-history":[{"count":1,"href":"https:\/\/agora.xtec.cat\/iesmallafre\/wp-json\/wp\/v2\/posts\/23639\/revisions"}],"predecessor-version":[{"id":23646,"href":"https:\/\/agora.xtec.cat\/iesmallafre\/wp-json\/wp\/v2\/posts\/23639\/revisions\/23646"}],"wp:featuredmedia":[{"embeddable":true,"href":"https:\/\/agora.xtec.cat\/iesmallafre\/wp-json\/wp\/v2\/media\/23642"}],"wp:attachment":[{"href":"https:\/\/agora.xtec.cat\/iesmallafre\/wp-json\/wp\/v2\/media?parent=23639"}],"wp:term":[{"taxonomy":"category","embeddable":true,"href":"https:\/\/agora.xtec.cat\/iesmallafre\/wp-json\/wp\/v2\/categories?post=23639"},{"taxonomy":"post_tag","embeddable":true,"href":"https:\/\/agora.xtec.cat\/iesmallafre\/wp-json\/wp\/v2\/tags?post=23639"}],"curies":[{"name":"wp","href":"https:\/\/api.w.org\/{rel}","templated":true}]}}