{"id":23635,"date":"2024-04-12T11:51:17","date_gmt":"2024-04-12T09:51:17","guid":{"rendered":"https:\/\/agora.xtec.cat\/iesmallafre\/?p=23635"},"modified":"2024-04-12T11:51:17","modified_gmt":"2024-04-12T09:51:17","slug":"xerrada-els-programes-de-formacio-i-insercio-pfi","status":"publish","type":"post","link":"https:\/\/agora.xtec.cat\/iesmallafre\/batxillerat\/xerrada-els-programes-de-formacio-i-insercio-pfi\/","title":{"rendered":"Xerrada: Els Programes de Formaci\u00f3 i Inserci\u00f3- PFI"},"content":{"rendered":"<p>El Servei d\u2019Educaci\u00f3 de l\u2019IMET de l\u2019Ajuntament de Vilanova i la Geltr\u00fa us ofereix la xerrada: <strong>\u201cELS PROGRAMES DE FORMACI\u00d3 I INSERCI\u00d3 \u2013 PFI DEL NOSTRE MUNICIPI\u201d,<\/strong> que tindr\u00e0 lloc en format <u>PRESENCIAL<\/u> a la sala d\u2019actes de l\u2019IMET (C\/ Uni\u00f3, 81), <u>dijous 25 d\u2019abril,<\/u> a les<strong> 18 hores.<\/strong><\/p>\n<p><strong>\u00a0<\/strong><\/p>\n<p><em>Els Programes de Formaci\u00f3 i Inserci\u00f3 \u2013 PFI, s\u00f3n una opci\u00f3 formativa per a joves d&#8217;entre 16 i 21 anys que, finalitzat l&#8217;ensenyament secundari obligatori, no han obtingut el Graduat en ESO.<\/em><\/p>\n<p>&nbsp;<\/p>\n<p>Les persones interessades hauran de fer inscripci\u00f3 pr\u00e8via -gratu\u00efta- al seg\u00fcent<a href=\"https:\/\/forms.gle\/hnf6nzKMfKr2P9aSA\" data-saferedirecturl=\"https:\/\/www.google.com\/url?q=https:\/\/forms.gle\/hnf6nzKMfKr2P9aSA&amp;source=gmail&amp;ust=1713001644564000&amp;usg=AOvVaw1dQ46Lt6ze80gNclCaick4\"> formulari<\/a> o a l&#8217;adre\u00e7a de correu electr\u00f2nic <a href=\"http:\/\/clorente@imet.cat\" data-saferedirecturl=\"https:\/\/www.google.com\/url?q=http:\/\/clorente@imet.cat&amp;source=gmail&amp;ust=1713001644564000&amp;usg=AOvVaw3QFOokR3gN3wN-5aBJpi8Z\">clorente@imet.cat<\/a>. Les persones inscrites rebran al seu correu la confirmaci\u00f3 de la inscripci\u00f3.<\/p>\n<p>&nbsp;<\/p>\n<p>Podeu veure la informaci\u00f3 a trav\u00e9s d\u2019aquest<a href=\"https:\/\/www.imet.cat\/pfi-xerrada\" data-saferedirecturl=\"https:\/\/www.google.com\/url?q=https:\/\/www.imet.cat\/pfi-xerrada&amp;source=gmail&amp;ust=1713001644565000&amp;usg=AOvVaw3DKpoNW48PXtiFr6GpI-bc\"> enlla\u00e7.<\/a><\/p>\n","protected":false},"excerpt":{"rendered":"<p>El Servei d\u2019Educaci\u00f3 de l\u2019IMET de l\u2019Ajuntament de Vilanova i la Geltr\u00fa us ofereix la xerrada: \u201cELS PROGRAMES DE FORMACI\u00d3 I INSERCI\u00d3 \u2013 PFI DEL NOSTRE MUNICIPI\u201d, que tindr\u00e0 lloc en format PRESENCIAL a la sala d\u2019actes de l\u2019IMET (C\/ Uni\u00f3, 81), dijous 25 d\u2019abril,&hellip;  <a href=\"https:\/\/agora.xtec.cat\/iesmallafre\/batxillerat\/xerrada-els-programes-de-formacio-i-insercio-pfi\/\" title=\"Read Xerrada: Els Programes de Formaci\u00f3 i Inserci\u00f3- PFI\">Llegeix m\u00e9s\u00bb<\/a><\/p>\n","protected":false},"author":16,"featured_media":23637,"comment_status":"open","ping_status":"closed","sticky":false,"template":"","format":"standard","meta":{"_bbp_topic_count":0,"_bbp_reply_count":0,"_bbp_total_topic_count":0,"_bbp_total_reply_count":0,"_bbp_voice_count":0,"_bbp_anonymous_reply_count":0,"_bbp_topic_count_hidden":0,"_bbp_reply_count_hidden":0,"_bbp_forum_subforum_count":0,"footnotes":""},"categories":[8,29],"tags":[],"class_list":["post-23635","post","type-post","status-publish","format-standard","has-post-thumbnail","hentry","category-batxillerat","category-portada"],"post_mailing_queue_ids":[],"_links":{"self":[{"href":"https:\/\/agora.xtec.cat\/iesmallafre\/wp-json\/wp\/v2\/posts\/23635","targetHints":{"allow":["GET"]}}],"collection":[{"href":"https:\/\/agora.xtec.cat\/iesmallafre\/wp-json\/wp\/v2\/posts"}],"about":[{"href":"https:\/\/agora.xtec.cat\/iesmallafre\/wp-json\/wp\/v2\/types\/post"}],"author":[{"embeddable":true,"href":"https:\/\/agora.xtec.cat\/iesmallafre\/wp-json\/wp\/v2\/users\/16"}],"replies":[{"embeddable":true,"href":"https:\/\/agora.xtec.cat\/iesmallafre\/wp-json\/wp\/v2\/comments?post=23635"}],"version-history":[{"count":1,"href":"https:\/\/agora.xtec.cat\/iesmallafre\/wp-json\/wp\/v2\/posts\/23635\/revisions"}],"predecessor-version":[{"id":23638,"href":"https:\/\/agora.xtec.cat\/iesmallafre\/wp-json\/wp\/v2\/posts\/23635\/revisions\/23638"}],"wp:featuredmedia":[{"embeddable":true,"href":"https:\/\/agora.xtec.cat\/iesmallafre\/wp-json\/wp\/v2\/media\/23637"}],"wp:attachment":[{"href":"https:\/\/agora.xtec.cat\/iesmallafre\/wp-json\/wp\/v2\/media?parent=23635"}],"wp:term":[{"taxonomy":"category","embeddable":true,"href":"https:\/\/agora.xtec.cat\/iesmallafre\/wp-json\/wp\/v2\/categories?post=23635"},{"taxonomy":"post_tag","embeddable":true,"href":"https:\/\/agora.xtec.cat\/iesmallafre\/wp-json\/wp\/v2\/tags?post=23635"}],"curies":[{"name":"wp","href":"https:\/\/api.w.org\/{rel}","templated":true}]}}