{"id":23545,"date":"2024-03-22T12:54:55","date_gmt":"2024-03-22T11:54:55","guid":{"rendered":"https:\/\/agora.xtec.cat\/iesmallafre\/?p=23545"},"modified":"2024-03-22T12:54:55","modified_gmt":"2024-03-22T11:54:55","slug":"1r-deso-participa-al-projecte-pedagogic-musical-cantem","status":"publish","type":"post","link":"https:\/\/agora.xtec.cat\/iesmallafre\/general\/1r-deso-participa-al-projecte-pedagogic-musical-cantem\/","title":{"rendered":"1r d&#8217;ESO participa al projecte pedag\u00f2gic musical CANTEM!"},"content":{"rendered":"<p>Una de les l\u00ednies d&#8217;actuaci\u00f3 de l&#8217;Auditori Eduard Toldr\u00e0, m\u00e9s enll\u00e0 de la programaci\u00f3 de concerts, \u00e9s l&#8217;impuls de la l\u00ednia pedag\u00f2gica entorn el foment de la m\u00fasica. \u00c9s en aquest sentit que l&#8217;Auditori duu a terme el Cantem!, un projecte pedag\u00f2gic que vol fomentar valors i coneixements musicals entre l&#8217;alumnat de Secund\u00e0ria.<\/p>\n<p>Ahir 21 de mar\u00e7 l\u2019alumnat de 1r d\u2019ESO va anar a fer el primer assaig del Projecte Cantem! a l\u2019Auditori de Vilanova. La veritat \u00e9s que la cosa promet!<\/p>\n<p><a href=\"https:\/\/agora.xtec.cat\/iesmallafre\/wp-content\/uploads\/usu105\/2024\/03\/IMG_6416-e1711108392350.jpg\"><img loading=\"lazy\" decoding=\"async\" class=\"wp-image-23551 aligncenter\" src=\"https:\/\/agora.xtec.cat\/iesmallafre\/wp-content\/uploads\/usu105\/2024\/03\/IMG_6416-e1711108392350.jpg\" alt=\"\" width=\"647\" height=\"317\" srcset=\"https:\/\/agora.xtec.cat\/iesmallafre\/wp-content\/uploads\/usu105\/2024\/03\/IMG_6416-e1711108392350.jpg 2000w, https:\/\/agora.xtec.cat\/iesmallafre\/wp-content\/uploads\/usu105\/2024\/03\/IMG_6416-e1711108392350-300x147.jpg 300w, https:\/\/agora.xtec.cat\/iesmallafre\/wp-content\/uploads\/usu105\/2024\/03\/IMG_6416-e1711108392350-1024x502.jpg 1024w, https:\/\/agora.xtec.cat\/iesmallafre\/wp-content\/uploads\/usu105\/2024\/03\/IMG_6416-e1711108392350-768x376.jpg 768w, https:\/\/agora.xtec.cat\/iesmallafre\/wp-content\/uploads\/usu105\/2024\/03\/IMG_6416-e1711108392350-1536x753.jpg 1536w\" sizes=\"auto, (max-width: 647px) 100vw, 647px\" \/><\/a><\/p>\n<p><a href=\"https:\/\/agora.xtec.cat\/iesmallafre\/wp-content\/uploads\/usu105\/2024\/03\/IMG_6425-e1711108422129.jpg\"><img loading=\"lazy\" decoding=\"async\" class=\"wp-image-23550 aligncenter\" src=\"https:\/\/agora.xtec.cat\/iesmallafre\/wp-content\/uploads\/usu105\/2024\/03\/IMG_6425-e1711108422129.jpg\" alt=\"\" width=\"685\" height=\"289\" srcset=\"https:\/\/agora.xtec.cat\/iesmallafre\/wp-content\/uploads\/usu105\/2024\/03\/IMG_6425-e1711108422129.jpg 2000w, https:\/\/agora.xtec.cat\/iesmallafre\/wp-content\/uploads\/usu105\/2024\/03\/IMG_6425-e1711108422129-300x126.jpg 300w, https:\/\/agora.xtec.cat\/iesmallafre\/wp-content\/uploads\/usu105\/2024\/03\/IMG_6425-e1711108422129-1024x432.jpg 1024w, https:\/\/agora.xtec.cat\/iesmallafre\/wp-content\/uploads\/usu105\/2024\/03\/IMG_6425-e1711108422129-768x324.jpg 768w, https:\/\/agora.xtec.cat\/iesmallafre\/wp-content\/uploads\/usu105\/2024\/03\/IMG_6425-e1711108422129-1536x647.jpg 1536w\" sizes=\"auto, (max-width: 685px) 100vw, 685px\" \/><\/a><\/p>\n","protected":false},"excerpt":{"rendered":"<p>Una de les l\u00ednies d&#8217;actuaci\u00f3 de l&#8217;Auditori Eduard Toldr\u00e0, m\u00e9s enll\u00e0 de la programaci\u00f3 de concerts, \u00e9s l&#8217;impuls de la l\u00ednia pedag\u00f2gica entorn el foment de la m\u00fasica. \u00c9s en aquest sentit que l&#8217;Auditori duu a terme el Cantem!, un projecte pedag\u00f2gic que vol fomentar&hellip;  <a href=\"https:\/\/agora.xtec.cat\/iesmallafre\/general\/1r-deso-participa-al-projecte-pedagogic-musical-cantem\/\" title=\"Read 1r d&#8217;ESO participa al projecte pedag\u00f2gic musical CANTEM!\">Llegeix m\u00e9s\u00bb<\/a><\/p>\n","protected":false},"author":16,"featured_media":23549,"comment_status":"open","ping_status":"closed","sticky":false,"template":"","format":"standard","meta":{"_bbp_topic_count":0,"_bbp_reply_count":0,"_bbp_total_topic_count":0,"_bbp_total_reply_count":0,"_bbp_voice_count":0,"_bbp_anonymous_reply_count":0,"_bbp_topic_count_hidden":0,"_bbp_reply_count_hidden":0,"_bbp_forum_subforum_count":0,"footnotes":""},"categories":[3,1,29],"tags":[],"class_list":["post-23545","post","type-post","status-publish","format-standard","has-post-thumbnail","hentry","category-eso","category-general","category-portada"],"post_mailing_queue_ids":[],"_links":{"self":[{"href":"https:\/\/agora.xtec.cat\/iesmallafre\/wp-json\/wp\/v2\/posts\/23545","targetHints":{"allow":["GET"]}}],"collection":[{"href":"https:\/\/agora.xtec.cat\/iesmallafre\/wp-json\/wp\/v2\/posts"}],"about":[{"href":"https:\/\/agora.xtec.cat\/iesmallafre\/wp-json\/wp\/v2\/types\/post"}],"author":[{"embeddable":true,"href":"https:\/\/agora.xtec.cat\/iesmallafre\/wp-json\/wp\/v2\/users\/16"}],"replies":[{"embeddable":true,"href":"https:\/\/agora.xtec.cat\/iesmallafre\/wp-json\/wp\/v2\/comments?post=23545"}],"version-history":[{"count":6,"href":"https:\/\/agora.xtec.cat\/iesmallafre\/wp-json\/wp\/v2\/posts\/23545\/revisions"}],"predecessor-version":[{"id":23554,"href":"https:\/\/agora.xtec.cat\/iesmallafre\/wp-json\/wp\/v2\/posts\/23545\/revisions\/23554"}],"wp:featuredmedia":[{"embeddable":true,"href":"https:\/\/agora.xtec.cat\/iesmallafre\/wp-json\/wp\/v2\/media\/23549"}],"wp:attachment":[{"href":"https:\/\/agora.xtec.cat\/iesmallafre\/wp-json\/wp\/v2\/media?parent=23545"}],"wp:term":[{"taxonomy":"category","embeddable":true,"href":"https:\/\/agora.xtec.cat\/iesmallafre\/wp-json\/wp\/v2\/categories?post=23545"},{"taxonomy":"post_tag","embeddable":true,"href":"https:\/\/agora.xtec.cat\/iesmallafre\/wp-json\/wp\/v2\/tags?post=23545"}],"curies":[{"name":"wp","href":"https:\/\/api.w.org\/{rel}","templated":true}]}}