{"id":23376,"date":"2024-03-01T11:37:43","date_gmt":"2024-03-01T10:37:43","guid":{"rendered":"https:\/\/agora.xtec.cat\/iesmallafre\/?p=23376"},"modified":"2024-03-01T11:37:43","modified_gmt":"2024-03-01T10:37:43","slug":"xerrada-i-despres-de-leso-que","status":"publish","type":"post","link":"https:\/\/agora.xtec.cat\/iesmallafre\/eso\/xerrada-i-despres-de-leso-que\/","title":{"rendered":"Xerrada: \u201cI despr\u00e9s de l\u2019ESO, qu\u00e8?\u201d"},"content":{"rendered":"<p>Els propers dies <strong>6 i 7 de MAR\u00c7<\/strong> tindr\u00e0 lloc a Vilanova i la Geltr\u00fa\u00a0 la <strong>Fira d\u2019Educaci\u00f3 Zona E<\/strong>, on es podr\u00e0 trobar l\u2019oferta formativa de la comarca dels ensenyaments postobligatoris i professionals del m\u00f3n educatiu i laboral. La <strong>Fira Zona E<\/strong> estar\u00e0 ubicada a la Pla\u00e7a Soler i Carbonell (Pla\u00e7a del Mercat).<\/p>\n<p>Aprofitant aquest esdeveniment el Servei d\u2019Educaci\u00f3 de l\u2019IMET i l\u2019Oficina Jove del Garraf de l\u2019Ajuntament de Vilanova us ofereixen la xerrada: <strong>\u201cDespr\u00e9s de l\u2019ESO, qu\u00e8? Al Garraf\u201d,<\/strong> que es far\u00e0 PRESENCIAL a l\u2019IMET el <u>dimarts 5 de mar\u00e7,<\/u> a les<strong> 17.30 fins les 19 hores. <\/strong><\/p>\n<p>Les persones interessades hauran de fer inscripci\u00f3 pr\u00e8via -gratu\u00efta- al seg\u00fcent<a href=\"https:\/\/forms.gle\/PPiDgrvbADj1moSJ6\" data-saferedirecturl=\"https:\/\/www.google.com\/url?q=https:\/\/forms.gle\/PPiDgrvbADj1moSJ6&amp;source=gmail&amp;ust=1709366433785000&amp;usg=AOvVaw1ZJTvZpOaHXaMozlc_VjBo\"> formulari<\/a> o a l&#8217;adre\u00e7a de correu electr\u00f2nic <a href=\"http:\/\/clorente@imet.cat\" data-saferedirecturl=\"https:\/\/www.google.com\/url?q=http:\/\/clorente@imet.cat&amp;source=gmail&amp;ust=1709366433785000&amp;usg=AOvVaw12SP8YTPQuT8FmiZidiGXK\">clorente@imet.cat<\/a>. Les persones inscrites rebran al seu correu la confirmaci\u00f3 de la inscripci\u00f3. <u>Les places s\u00f3n limitades.<\/u><\/p>\n<p>Podeu veure informaci\u00f3 de la xerrada en <a href=\"https:\/\/www.imet.cat\/despres-eso\" data-saferedirecturl=\"https:\/\/www.google.com\/url?q=https:\/\/www.imet.cat\/despres-eso&amp;source=gmail&amp;ust=1709366433785000&amp;usg=AOvVaw0BGcIGQsF2YZIHaq7EI5QK\"> aquest enlla\u00e7<\/a> i la informaci\u00f3 de la <strong>Fira Zona E<\/strong> <a href=\"https:\/\/www.imet.cat\/zona_educacio\" data-saferedirecturl=\"https:\/\/www.google.com\/url?q=https:\/\/www.imet.cat\/zona_educacio&amp;source=gmail&amp;ust=1709366433785000&amp;usg=AOvVaw37bUX8ayQqJNGkVsuAIuwH\"> clicant aqu\u00ed.<\/a><\/p>\n<p>&nbsp;<\/p>\n","protected":false},"excerpt":{"rendered":"<p>Els propers dies 6 i 7 de MAR\u00c7 tindr\u00e0 lloc a Vilanova i la Geltr\u00fa\u00a0 la Fira d\u2019Educaci\u00f3 Zona E, on es podr\u00e0 trobar l\u2019oferta formativa de la comarca dels ensenyaments postobligatoris i professionals del m\u00f3n educatiu i laboral. La Fira Zona E estar\u00e0 ubicada&hellip;  <a href=\"https:\/\/agora.xtec.cat\/iesmallafre\/eso\/xerrada-i-despres-de-leso-que\/\" title=\"Read Xerrada: \u201cI despr\u00e9s de l\u2019ESO, qu\u00e8?\u201d\">Llegeix m\u00e9s\u00bb<\/a><\/p>\n","protected":false},"author":16,"featured_media":23377,"comment_status":"open","ping_status":"closed","sticky":false,"template":"","format":"standard","meta":{"_bbp_topic_count":0,"_bbp_reply_count":0,"_bbp_total_topic_count":0,"_bbp_total_reply_count":0,"_bbp_voice_count":0,"_bbp_anonymous_reply_count":0,"_bbp_topic_count_hidden":0,"_bbp_reply_count_hidden":0,"_bbp_forum_subforum_count":0,"footnotes":""},"categories":[3,29],"tags":[],"class_list":["post-23376","post","type-post","status-publish","format-standard","has-post-thumbnail","hentry","category-eso","category-portada"],"post_mailing_queue_ids":[],"_links":{"self":[{"href":"https:\/\/agora.xtec.cat\/iesmallafre\/wp-json\/wp\/v2\/posts\/23376","targetHints":{"allow":["GET"]}}],"collection":[{"href":"https:\/\/agora.xtec.cat\/iesmallafre\/wp-json\/wp\/v2\/posts"}],"about":[{"href":"https:\/\/agora.xtec.cat\/iesmallafre\/wp-json\/wp\/v2\/types\/post"}],"author":[{"embeddable":true,"href":"https:\/\/agora.xtec.cat\/iesmallafre\/wp-json\/wp\/v2\/users\/16"}],"replies":[{"embeddable":true,"href":"https:\/\/agora.xtec.cat\/iesmallafre\/wp-json\/wp\/v2\/comments?post=23376"}],"version-history":[{"count":1,"href":"https:\/\/agora.xtec.cat\/iesmallafre\/wp-json\/wp\/v2\/posts\/23376\/revisions"}],"predecessor-version":[{"id":23378,"href":"https:\/\/agora.xtec.cat\/iesmallafre\/wp-json\/wp\/v2\/posts\/23376\/revisions\/23378"}],"wp:featuredmedia":[{"embeddable":true,"href":"https:\/\/agora.xtec.cat\/iesmallafre\/wp-json\/wp\/v2\/media\/23377"}],"wp:attachment":[{"href":"https:\/\/agora.xtec.cat\/iesmallafre\/wp-json\/wp\/v2\/media?parent=23376"}],"wp:term":[{"taxonomy":"category","embeddable":true,"href":"https:\/\/agora.xtec.cat\/iesmallafre\/wp-json\/wp\/v2\/categories?post=23376"},{"taxonomy":"post_tag","embeddable":true,"href":"https:\/\/agora.xtec.cat\/iesmallafre\/wp-json\/wp\/v2\/tags?post=23376"}],"curies":[{"name":"wp","href":"https:\/\/api.w.org\/{rel}","templated":true}]}}