{"id":23369,"date":"2024-02-20T13:37:56","date_gmt":"2024-02-20T12:37:56","guid":{"rendered":"https:\/\/agora.xtec.cat\/iesmallafre\/?p=23369"},"modified":"2024-02-20T13:38:16","modified_gmt":"2024-02-20T12:38:16","slug":"taller-tardes-de-cinema","status":"publish","type":"post","link":"https:\/\/agora.xtec.cat\/iesmallafre\/batxillerat\/taller-tardes-de-cinema\/","title":{"rendered":"Taller &#8216;Tardes de cinema&#8217;"},"content":{"rendered":"<p>Aprofitant que aquests dies s&#8217;han donat els premis Gaud\u00ed i els Goya i que ja sabem el llistat de les pel\u00b7l\u00edcules que opten per un Oscar, des de la mat\u00e8ria d&#8217;Hist\u00f2ria del M\u00f3n Contemporani de 1r de batxillerat, hem fet una xerrada amb el taller <i>Dones amb Mem\u00f2ria<\/i> per fer un viatge en el temps, saber el qu\u00e8 significava anar al cinema en d\u00e8cades passades i con\u00e8ixer que a la ciutat hi havia cinemes tan viscuts com el <i>Diana<\/i> o el <i>Bosc<\/i>.<\/p>\n<p>Gr\u00e0cies, Dones amb Mem\u00f2ria!<\/p>\n<p><a href=\"https:\/\/agora.xtec.cat\/iesmallafre\/wp-content\/uploads\/usu105\/2024\/02\/image4.png\"><img loading=\"lazy\" decoding=\"async\" class=\"wp-image-23371 aligncenter\" src=\"https:\/\/agora.xtec.cat\/iesmallafre\/wp-content\/uploads\/usu105\/2024\/02\/image4.png\" alt=\"\" width=\"656\" height=\"493\" srcset=\"https:\/\/agora.xtec.cat\/iesmallafre\/wp-content\/uploads\/usu105\/2024\/02\/image4.png 2000w, https:\/\/agora.xtec.cat\/iesmallafre\/wp-content\/uploads\/usu105\/2024\/02\/image4-300x225.png 300w, https:\/\/agora.xtec.cat\/iesmallafre\/wp-content\/uploads\/usu105\/2024\/02\/image4-1024x768.png 1024w, https:\/\/agora.xtec.cat\/iesmallafre\/wp-content\/uploads\/usu105\/2024\/02\/image4-768x576.png 768w, https:\/\/agora.xtec.cat\/iesmallafre\/wp-content\/uploads\/usu105\/2024\/02\/image4-1536x1152.png 1536w, https:\/\/agora.xtec.cat\/iesmallafre\/wp-content\/uploads\/usu105\/2024\/02\/image4-200x150.png 200w\" sizes=\"auto, (max-width: 656px) 100vw, 656px\" \/><\/a><\/p>\n<p><a href=\"https:\/\/agora.xtec.cat\/iesmallafre\/wp-content\/uploads\/usu105\/2024\/02\/image5.png\"><img loading=\"lazy\" decoding=\"async\" class=\"wp-image-23372 aligncenter\" src=\"https:\/\/agora.xtec.cat\/iesmallafre\/wp-content\/uploads\/usu105\/2024\/02\/image5.png\" alt=\"\" width=\"647\" height=\"486\" srcset=\"https:\/\/agora.xtec.cat\/iesmallafre\/wp-content\/uploads\/usu105\/2024\/02\/image5.png 1500w, https:\/\/agora.xtec.cat\/iesmallafre\/wp-content\/uploads\/usu105\/2024\/02\/image5-300x225.png 300w, https:\/\/agora.xtec.cat\/iesmallafre\/wp-content\/uploads\/usu105\/2024\/02\/image5-1024x768.png 1024w, https:\/\/agora.xtec.cat\/iesmallafre\/wp-content\/uploads\/usu105\/2024\/02\/image5-768x576.png 768w, https:\/\/agora.xtec.cat\/iesmallafre\/wp-content\/uploads\/usu105\/2024\/02\/image5-200x150.png 200w\" sizes=\"auto, (max-width: 647px) 100vw, 647px\" \/><\/a><\/p>\n<p>&nbsp;<\/p>\n","protected":false},"excerpt":{"rendered":"<p>Aprofitant que aquests dies s&#8217;han donat els premis Gaud\u00ed i els Goya i que ja sabem el llistat de les pel\u00b7l\u00edcules que opten per un Oscar, des de la mat\u00e8ria d&#8217;Hist\u00f2ria del M\u00f3n Contemporani de 1r de batxillerat, hem fet una xerrada amb el taller&hellip;  <a href=\"https:\/\/agora.xtec.cat\/iesmallafre\/batxillerat\/taller-tardes-de-cinema\/\" title=\"Read Taller &#8216;Tardes de cinema&#8217;\">Llegeix m\u00e9s\u00bb<\/a><\/p>\n","protected":false},"author":16,"featured_media":23370,"comment_status":"open","ping_status":"closed","sticky":false,"template":"","format":"standard","meta":{"_bbp_topic_count":0,"_bbp_reply_count":0,"_bbp_total_topic_count":0,"_bbp_total_reply_count":0,"_bbp_voice_count":0,"_bbp_anonymous_reply_count":0,"_bbp_topic_count_hidden":0,"_bbp_reply_count_hidden":0,"_bbp_forum_subforum_count":0,"footnotes":""},"categories":[8,29],"tags":[],"class_list":["post-23369","post","type-post","status-publish","format-standard","has-post-thumbnail","hentry","category-batxillerat","category-portada"],"post_mailing_queue_ids":[],"_links":{"self":[{"href":"https:\/\/agora.xtec.cat\/iesmallafre\/wp-json\/wp\/v2\/posts\/23369","targetHints":{"allow":["GET"]}}],"collection":[{"href":"https:\/\/agora.xtec.cat\/iesmallafre\/wp-json\/wp\/v2\/posts"}],"about":[{"href":"https:\/\/agora.xtec.cat\/iesmallafre\/wp-json\/wp\/v2\/types\/post"}],"author":[{"embeddable":true,"href":"https:\/\/agora.xtec.cat\/iesmallafre\/wp-json\/wp\/v2\/users\/16"}],"replies":[{"embeddable":true,"href":"https:\/\/agora.xtec.cat\/iesmallafre\/wp-json\/wp\/v2\/comments?post=23369"}],"version-history":[{"count":1,"href":"https:\/\/agora.xtec.cat\/iesmallafre\/wp-json\/wp\/v2\/posts\/23369\/revisions"}],"predecessor-version":[{"id":23373,"href":"https:\/\/agora.xtec.cat\/iesmallafre\/wp-json\/wp\/v2\/posts\/23369\/revisions\/23373"}],"wp:featuredmedia":[{"embeddable":true,"href":"https:\/\/agora.xtec.cat\/iesmallafre\/wp-json\/wp\/v2\/media\/23370"}],"wp:attachment":[{"href":"https:\/\/agora.xtec.cat\/iesmallafre\/wp-json\/wp\/v2\/media?parent=23369"}],"wp:term":[{"taxonomy":"category","embeddable":true,"href":"https:\/\/agora.xtec.cat\/iesmallafre\/wp-json\/wp\/v2\/categories?post=23369"},{"taxonomy":"post_tag","embeddable":true,"href":"https:\/\/agora.xtec.cat\/iesmallafre\/wp-json\/wp\/v2\/tags?post=23369"}],"curies":[{"name":"wp","href":"https:\/\/api.w.org\/{rel}","templated":true}]}}