{"id":23361,"date":"2024-02-20T13:18:40","date_gmt":"2024-02-20T12:18:40","guid":{"rendered":"https:\/\/agora.xtec.cat\/iesmallafre\/?p=23361"},"modified":"2024-02-20T13:21:08","modified_gmt":"2024-02-20T12:21:08","slug":"tastet-de-geogebra-a-la-upc","status":"publish","type":"post","link":"https:\/\/agora.xtec.cat\/iesmallafre\/general\/tastet-de-geogebra-a-la-upc\/","title":{"rendered":"Tastet de GeoGebra a la UPC"},"content":{"rendered":"<p>El passat divendres 16 de febrer l&#8217;alumnat de l&#8217;optativa de matem\u00e0tiques aplicades de 1r de Batxillerat va anar a fer un &#8220;Tastet de GeoGebra&#8221; a la UPC de Vilanova i la Geltr\u00fa, impartit pel Dr. Joan Vicen\u00e7 G\u00f3mez i Urgell\u00e9s. Mitjan\u00e7ant aquesta eina digital, han pogut posar en pr\u00e0ctica diferents conceptes matem\u00e0tics per tal d&#8217;aconseguir l&#8217;objectiu de l&#8217;activitat.<\/p>\n<p>Moltes gr\u00e0cies UPC Vilanova!<\/p>\n<p><a href=\"https:\/\/agora.xtec.cat\/iesmallafre\/wp-content\/uploads\/usu105\/2024\/02\/IMG_4864.jpeg\"><img loading=\"lazy\" decoding=\"async\" class=\"wp-image-23363 aligncenter\" src=\"https:\/\/agora.xtec.cat\/iesmallafre\/wp-content\/uploads\/usu105\/2024\/02\/IMG_4864.jpeg\" alt=\"\" width=\"643\" height=\"483\" srcset=\"https:\/\/agora.xtec.cat\/iesmallafre\/wp-content\/uploads\/usu105\/2024\/02\/IMG_4864.jpeg 2000w, https:\/\/agora.xtec.cat\/iesmallafre\/wp-content\/uploads\/usu105\/2024\/02\/IMG_4864-300x225.jpeg 300w, https:\/\/agora.xtec.cat\/iesmallafre\/wp-content\/uploads\/usu105\/2024\/02\/IMG_4864-1024x768.jpeg 1024w, https:\/\/agora.xtec.cat\/iesmallafre\/wp-content\/uploads\/usu105\/2024\/02\/IMG_4864-768x576.jpeg 768w, https:\/\/agora.xtec.cat\/iesmallafre\/wp-content\/uploads\/usu105\/2024\/02\/IMG_4864-1536x1152.jpeg 1536w, https:\/\/agora.xtec.cat\/iesmallafre\/wp-content\/uploads\/usu105\/2024\/02\/IMG_4864-200x150.jpeg 200w\" sizes=\"auto, (max-width: 643px) 100vw, 643px\" \/><\/a><\/p>\n<p><a href=\"https:\/\/agora.xtec.cat\/iesmallafre\/wp-content\/uploads\/usu105\/2024\/02\/0c7fd2f2-53ed-429f-bf07-44556212e9e7.jpg\"><img loading=\"lazy\" decoding=\"async\" class=\"wp-image-23366 aligncenter\" src=\"https:\/\/agora.xtec.cat\/iesmallafre\/wp-content\/uploads\/usu105\/2024\/02\/0c7fd2f2-53ed-429f-bf07-44556212e9e7.jpg\" alt=\"\" width=\"661\" height=\"372\" srcset=\"https:\/\/agora.xtec.cat\/iesmallafre\/wp-content\/uploads\/usu105\/2024\/02\/0c7fd2f2-53ed-429f-bf07-44556212e9e7.jpg 2048w, https:\/\/agora.xtec.cat\/iesmallafre\/wp-content\/uploads\/usu105\/2024\/02\/0c7fd2f2-53ed-429f-bf07-44556212e9e7-300x169.jpg 300w, https:\/\/agora.xtec.cat\/iesmallafre\/wp-content\/uploads\/usu105\/2024\/02\/0c7fd2f2-53ed-429f-bf07-44556212e9e7-1024x576.jpg 1024w, https:\/\/agora.xtec.cat\/iesmallafre\/wp-content\/uploads\/usu105\/2024\/02\/0c7fd2f2-53ed-429f-bf07-44556212e9e7-768x432.jpg 768w, https:\/\/agora.xtec.cat\/iesmallafre\/wp-content\/uploads\/usu105\/2024\/02\/0c7fd2f2-53ed-429f-bf07-44556212e9e7-1536x864.jpg 1536w\" sizes=\"auto, (max-width: 661px) 100vw, 661px\" \/><\/a><\/p>\n<div><\/div>\n","protected":false},"excerpt":{"rendered":"<p>El passat divendres 16 de febrer l&#8217;alumnat de l&#8217;optativa de matem\u00e0tiques aplicades de 1r de Batxillerat va anar a fer un &#8220;Tastet de GeoGebra&#8221; a la UPC de Vilanova i la Geltr\u00fa, impartit pel Dr. Joan Vicen\u00e7 G\u00f3mez i Urgell\u00e9s. Mitjan\u00e7ant aquesta eina digital, han&hellip;  <a href=\"https:\/\/agora.xtec.cat\/iesmallafre\/general\/tastet-de-geogebra-a-la-upc\/\" title=\"Read Tastet de GeoGebra a la UPC\">Llegeix m\u00e9s\u00bb<\/a><\/p>\n","protected":false},"author":16,"featured_media":23365,"comment_status":"open","ping_status":"closed","sticky":false,"template":"","format":"standard","meta":{"_bbp_topic_count":0,"_bbp_reply_count":0,"_bbp_total_topic_count":0,"_bbp_total_reply_count":0,"_bbp_voice_count":0,"_bbp_anonymous_reply_count":0,"_bbp_topic_count_hidden":0,"_bbp_reply_count_hidden":0,"_bbp_forum_subforum_count":0,"footnotes":""},"categories":[8,1,29],"tags":[],"class_list":["post-23361","post","type-post","status-publish","format-standard","has-post-thumbnail","hentry","category-batxillerat","category-general","category-portada"],"post_mailing_queue_ids":[],"_links":{"self":[{"href":"https:\/\/agora.xtec.cat\/iesmallafre\/wp-json\/wp\/v2\/posts\/23361","targetHints":{"allow":["GET"]}}],"collection":[{"href":"https:\/\/agora.xtec.cat\/iesmallafre\/wp-json\/wp\/v2\/posts"}],"about":[{"href":"https:\/\/agora.xtec.cat\/iesmallafre\/wp-json\/wp\/v2\/types\/post"}],"author":[{"embeddable":true,"href":"https:\/\/agora.xtec.cat\/iesmallafre\/wp-json\/wp\/v2\/users\/16"}],"replies":[{"embeddable":true,"href":"https:\/\/agora.xtec.cat\/iesmallafre\/wp-json\/wp\/v2\/comments?post=23361"}],"version-history":[{"count":3,"href":"https:\/\/agora.xtec.cat\/iesmallafre\/wp-json\/wp\/v2\/posts\/23361\/revisions"}],"predecessor-version":[{"id":23368,"href":"https:\/\/agora.xtec.cat\/iesmallafre\/wp-json\/wp\/v2\/posts\/23361\/revisions\/23368"}],"wp:featuredmedia":[{"embeddable":true,"href":"https:\/\/agora.xtec.cat\/iesmallafre\/wp-json\/wp\/v2\/media\/23365"}],"wp:attachment":[{"href":"https:\/\/agora.xtec.cat\/iesmallafre\/wp-json\/wp\/v2\/media?parent=23361"}],"wp:term":[{"taxonomy":"category","embeddable":true,"href":"https:\/\/agora.xtec.cat\/iesmallafre\/wp-json\/wp\/v2\/categories?post=23361"},{"taxonomy":"post_tag","embeddable":true,"href":"https:\/\/agora.xtec.cat\/iesmallafre\/wp-json\/wp\/v2\/tags?post=23361"}],"curies":[{"name":"wp","href":"https:\/\/api.w.org\/{rel}","templated":true}]}}