{"id":23347,"date":"2024-02-06T13:34:16","date_gmt":"2024-02-06T12:34:16","guid":{"rendered":"https:\/\/agora.xtec.cat\/iesmallafre\/?p=23347"},"modified":"2024-02-16T12:06:41","modified_gmt":"2024-02-16T11:06:41","slug":"penjats-els-nostres-guarniments-de-carnaval-a-vilanova","status":"publish","type":"post","link":"https:\/\/agora.xtec.cat\/iesmallafre\/eso\/penjats-els-nostres-guarniments-de-carnaval-a-vilanova\/","title":{"rendered":"Penjats els nostres guarniments de Carnaval a Vilanova"},"content":{"rendered":"<p>Ja tenim penjats els guarniments de Carnaval al carrer de les Premses de Vilanova.<\/p>\n<p>Els guarniments els ha ha fet l\u2019alumnat de 1r d\u2019ESO des de la mat\u00e8ria de visual i pl\u00e0stica i l\u2019alumnat de l\u2019optativa de visual i pl\u00e0stica de 2n d\u2019 ESO.<\/p>\n<p>Han fet molt bona feina!!<\/p>\n<p>Felicitats!!<\/p>\n<p><a href=\"https:\/\/agora.xtec.cat\/iesmallafre\/wp-content\/uploads\/usu105\/2024\/02\/WhatsApp-Image-2024-02-02-at-15.14.14-1.jpeg\"><img loading=\"lazy\" decoding=\"async\" class=\"wp-image-23350 aligncenter\" src=\"https:\/\/agora.xtec.cat\/iesmallafre\/wp-content\/uploads\/usu105\/2024\/02\/WhatsApp-Image-2024-02-02-at-15.14.14-1.jpeg\" alt=\"\" width=\"633\" height=\"476\" srcset=\"https:\/\/agora.xtec.cat\/iesmallafre\/wp-content\/uploads\/usu105\/2024\/02\/WhatsApp-Image-2024-02-02-at-15.14.14-1.jpeg 1440w, https:\/\/agora.xtec.cat\/iesmallafre\/wp-content\/uploads\/usu105\/2024\/02\/WhatsApp-Image-2024-02-02-at-15.14.14-1-300x226.jpeg 300w, https:\/\/agora.xtec.cat\/iesmallafre\/wp-content\/uploads\/usu105\/2024\/02\/WhatsApp-Image-2024-02-02-at-15.14.14-1-1024x770.jpeg 1024w, https:\/\/agora.xtec.cat\/iesmallafre\/wp-content\/uploads\/usu105\/2024\/02\/WhatsApp-Image-2024-02-02-at-15.14.14-1-768x578.jpeg 768w, https:\/\/agora.xtec.cat\/iesmallafre\/wp-content\/uploads\/usu105\/2024\/02\/WhatsApp-Image-2024-02-02-at-15.14.14-1-200x150.jpeg 200w\" sizes=\"auto, (max-width: 633px) 100vw, 633px\" \/><\/a><\/p>\n<p><a href=\"https:\/\/agora.xtec.cat\/iesmallafre\/wp-content\/uploads\/usu105\/2024\/02\/WhatsApp-Image-2024-02-02-at-15.14.14.jpeg\"><img loading=\"lazy\" decoding=\"async\" class=\"wp-image-23351 aligncenter\" src=\"https:\/\/agora.xtec.cat\/iesmallafre\/wp-content\/uploads\/usu105\/2024\/02\/WhatsApp-Image-2024-02-02-at-15.14.14.jpeg\" alt=\"\" width=\"598\" height=\"450\" srcset=\"https:\/\/agora.xtec.cat\/iesmallafre\/wp-content\/uploads\/usu105\/2024\/02\/WhatsApp-Image-2024-02-02-at-15.14.14.jpeg 1440w, https:\/\/agora.xtec.cat\/iesmallafre\/wp-content\/uploads\/usu105\/2024\/02\/WhatsApp-Image-2024-02-02-at-15.14.14-300x226.jpeg 300w, https:\/\/agora.xtec.cat\/iesmallafre\/wp-content\/uploads\/usu105\/2024\/02\/WhatsApp-Image-2024-02-02-at-15.14.14-1024x770.jpeg 1024w, https:\/\/agora.xtec.cat\/iesmallafre\/wp-content\/uploads\/usu105\/2024\/02\/WhatsApp-Image-2024-02-02-at-15.14.14-768x578.jpeg 768w, https:\/\/agora.xtec.cat\/iesmallafre\/wp-content\/uploads\/usu105\/2024\/02\/WhatsApp-Image-2024-02-02-at-15.14.14-200x150.jpeg 200w\" sizes=\"auto, (max-width: 598px) 100vw, 598px\" \/><\/a><\/p>\n<p><a href=\"https:\/\/agora.xtec.cat\/iesmallafre\/wp-content\/uploads\/usu105\/2024\/02\/WhatsApp-Image-2024-02-02-at-15.14.13-1.jpeg\"><img loading=\"lazy\" decoding=\"async\" class=\"wp-image-23348 aligncenter\" src=\"https:\/\/agora.xtec.cat\/iesmallafre\/wp-content\/uploads\/usu105\/2024\/02\/WhatsApp-Image-2024-02-02-at-15.14.13-1.jpeg\" alt=\"\" width=\"595\" height=\"448\" srcset=\"https:\/\/agora.xtec.cat\/iesmallafre\/wp-content\/uploads\/usu105\/2024\/02\/WhatsApp-Image-2024-02-02-at-15.14.13-1.jpeg 1440w, https:\/\/agora.xtec.cat\/iesmallafre\/wp-content\/uploads\/usu105\/2024\/02\/WhatsApp-Image-2024-02-02-at-15.14.13-1-300x226.jpeg 300w, https:\/\/agora.xtec.cat\/iesmallafre\/wp-content\/uploads\/usu105\/2024\/02\/WhatsApp-Image-2024-02-02-at-15.14.13-1-1024x770.jpeg 1024w, https:\/\/agora.xtec.cat\/iesmallafre\/wp-content\/uploads\/usu105\/2024\/02\/WhatsApp-Image-2024-02-02-at-15.14.13-1-768x578.jpeg 768w, https:\/\/agora.xtec.cat\/iesmallafre\/wp-content\/uploads\/usu105\/2024\/02\/WhatsApp-Image-2024-02-02-at-15.14.13-1-200x150.jpeg 200w\" sizes=\"auto, (max-width: 595px) 100vw, 595px\" \/><\/a><\/p>\n<p>ACTUALITZACI\u00d3: Despr\u00e9s del carnaval, les delegades i delegats de 1r d\u2019ESO van recollir el diploma en agra\u00efment a la participaci\u00f3 en el guarniment de carrers pel Carnaval de la m\u00e0 del mateix Rei Carnestoles.<\/p>\n<p>&nbsp;<\/p>\n<p><a href=\"https:\/\/agora.xtec.cat\/iesmallafre\/wp-content\/uploads\/usu105\/2024\/02\/WhatsApp-Image-2024-02-14-at-20.19.12.jpeg\"><img loading=\"lazy\" decoding=\"async\" class=\"wp-image-23356 aligncenter\" src=\"https:\/\/agora.xtec.cat\/iesmallafre\/wp-content\/uploads\/usu105\/2024\/02\/WhatsApp-Image-2024-02-14-at-20.19.12.jpeg\" alt=\"\" width=\"632\" height=\"475\" srcset=\"https:\/\/agora.xtec.cat\/iesmallafre\/wp-content\/uploads\/usu105\/2024\/02\/WhatsApp-Image-2024-02-14-at-20.19.12.jpeg 1172w, https:\/\/agora.xtec.cat\/iesmallafre\/wp-content\/uploads\/usu105\/2024\/02\/WhatsApp-Image-2024-02-14-at-20.19.12-300x225.jpeg 300w, https:\/\/agora.xtec.cat\/iesmallafre\/wp-content\/uploads\/usu105\/2024\/02\/WhatsApp-Image-2024-02-14-at-20.19.12-1024x768.jpeg 1024w, https:\/\/agora.xtec.cat\/iesmallafre\/wp-content\/uploads\/usu105\/2024\/02\/WhatsApp-Image-2024-02-14-at-20.19.12-768x576.jpeg 768w, https:\/\/agora.xtec.cat\/iesmallafre\/wp-content\/uploads\/usu105\/2024\/02\/WhatsApp-Image-2024-02-14-at-20.19.12-200x150.jpeg 200w\" sizes=\"auto, (max-width: 632px) 100vw, 632px\" \/><\/a><\/p>\n<p>&nbsp;<\/p>\n<p>&nbsp;<\/p>\n<p>&nbsp;<\/p>\n","protected":false},"excerpt":{"rendered":"<p>Ja tenim penjats els guarniments de Carnaval al carrer de les Premses de Vilanova.<br \/>\nEls guarniments els ha ha fet l\u2019alumnat de 1r d\u2019ESO des de la mat\u00e8ria de visual i pl\u00e0stica i l\u2019alumnat de l\u2019optativa de visual i pl\u00e0stica de 2n d\u2019 ESO.<br \/>\nHan fet molt&hellip;  <a href=\"https:\/\/agora.xtec.cat\/iesmallafre\/eso\/penjats-els-nostres-guarniments-de-carnaval-a-vilanova\/\" title=\"Read Penjats els nostres guarniments de Carnaval a Vilanova\">Llegeix m\u00e9s\u00bb<\/a><\/p>\n","protected":false},"author":16,"featured_media":23349,"comment_status":"open","ping_status":"closed","sticky":false,"template":"","format":"standard","meta":{"_bbp_topic_count":0,"_bbp_reply_count":0,"_bbp_total_topic_count":0,"_bbp_total_reply_count":0,"_bbp_voice_count":0,"_bbp_anonymous_reply_count":0,"_bbp_topic_count_hidden":0,"_bbp_reply_count_hidden":0,"_bbp_forum_subforum_count":0,"footnotes":""},"categories":[3,29],"tags":[],"class_list":["post-23347","post","type-post","status-publish","format-standard","has-post-thumbnail","hentry","category-eso","category-portada"],"post_mailing_queue_ids":[],"_links":{"self":[{"href":"https:\/\/agora.xtec.cat\/iesmallafre\/wp-json\/wp\/v2\/posts\/23347","targetHints":{"allow":["GET"]}}],"collection":[{"href":"https:\/\/agora.xtec.cat\/iesmallafre\/wp-json\/wp\/v2\/posts"}],"about":[{"href":"https:\/\/agora.xtec.cat\/iesmallafre\/wp-json\/wp\/v2\/types\/post"}],"author":[{"embeddable":true,"href":"https:\/\/agora.xtec.cat\/iesmallafre\/wp-json\/wp\/v2\/users\/16"}],"replies":[{"embeddable":true,"href":"https:\/\/agora.xtec.cat\/iesmallafre\/wp-json\/wp\/v2\/comments?post=23347"}],"version-history":[{"count":3,"href":"https:\/\/agora.xtec.cat\/iesmallafre\/wp-json\/wp\/v2\/posts\/23347\/revisions"}],"predecessor-version":[{"id":23358,"href":"https:\/\/agora.xtec.cat\/iesmallafre\/wp-json\/wp\/v2\/posts\/23347\/revisions\/23358"}],"wp:featuredmedia":[{"embeddable":true,"href":"https:\/\/agora.xtec.cat\/iesmallafre\/wp-json\/wp\/v2\/media\/23349"}],"wp:attachment":[{"href":"https:\/\/agora.xtec.cat\/iesmallafre\/wp-json\/wp\/v2\/media?parent=23347"}],"wp:term":[{"taxonomy":"category","embeddable":true,"href":"https:\/\/agora.xtec.cat\/iesmallafre\/wp-json\/wp\/v2\/categories?post=23347"},{"taxonomy":"post_tag","embeddable":true,"href":"https:\/\/agora.xtec.cat\/iesmallafre\/wp-json\/wp\/v2\/tags?post=23347"}],"curies":[{"name":"wp","href":"https:\/\/api.w.org\/{rel}","templated":true}]}}