{"id":23333,"date":"2024-02-02T12:13:42","date_gmt":"2024-02-02T11:13:42","guid":{"rendered":"https:\/\/agora.xtec.cat\/iesmallafre\/?p=23333"},"modified":"2024-02-02T12:36:00","modified_gmt":"2024-02-02T11:36:00","slug":"participem-un-any-mes-al-projecte-buchenwald","status":"publish","type":"post","link":"https:\/\/agora.xtec.cat\/iesmallafre\/batxillerat\/participem-un-any-mes-al-projecte-buchenwald\/","title":{"rendered":"Un any participem al Projecte Buchenwald"},"content":{"rendered":"<p>Com cada any el nostre centre ha participat en l&#8217;acte de ciutat que organitza el Projecte Buchenwald al voltant del 27 de gener.<\/p>\n<p><i><b>El\u00a0Dia Internacional de Commemoraci\u00f3 en Mem\u00f2ria de les V\u00edctimes de l&#8217;Holocaust\u00a0se celebra el\u00a027 de gener\u00a0de cada any per designaci\u00f3 de l&#8217;Organitzaci\u00f3 de les Nacions Unides\u00a0(ONU).\u00a0T\u00e9 l&#8217;objectiu de preservar la\u00a0mem\u00f2ria hist\u00f2rica\u00a0entre nacions a trav\u00e9s de la confecci\u00f3 de\u00a0pol\u00edtiques p\u00fabliques\u00a0i d&#8217;explicar les atrocitats comeses pel\u00a0nazisme\u00a0durant l&#8217;Holocaust, el genocidi a trav\u00e9s del qual va assassinar uns 11\u00a0milions de persones, m\u00e9s de la meitat dels quals eren\u00a0jueus\u00a0i la resta d&#8217;altres minories \u00e8tniques, religioses i socials.<\/b><\/i><\/p>\n<p>L&#8217;alumnat que hi va participar de manera activa va ser el d&#8217; Hist\u00f2ria del M\u00f3n Contemporani (1r de batx). Gr\u00e0cies per ser-hi!<\/p>\n<p>&nbsp;<\/p>\n<p><a href=\"https:\/\/agora.xtec.cat\/iesmallafre\/wp-content\/uploads\/usu105\/2024\/02\/IMG-20240130-WA0060-e1706872312197.jpg\"><img loading=\"lazy\" decoding=\"async\" class=\"alignnone size-full wp-image-23336\" src=\"https:\/\/agora.xtec.cat\/iesmallafre\/wp-content\/uploads\/usu105\/2024\/02\/IMG-20240130-WA0060-e1706872312197.jpg\" alt=\"\" width=\"1530\" height=\"1142\" srcset=\"https:\/\/agora.xtec.cat\/iesmallafre\/wp-content\/uploads\/usu105\/2024\/02\/IMG-20240130-WA0060-e1706872312197.jpg 1530w, https:\/\/agora.xtec.cat\/iesmallafre\/wp-content\/uploads\/usu105\/2024\/02\/IMG-20240130-WA0060-e1706872312197-300x224.jpg 300w, https:\/\/agora.xtec.cat\/iesmallafre\/wp-content\/uploads\/usu105\/2024\/02\/IMG-20240130-WA0060-e1706872312197-1024x764.jpg 1024w, https:\/\/agora.xtec.cat\/iesmallafre\/wp-content\/uploads\/usu105\/2024\/02\/IMG-20240130-WA0060-e1706872312197-768x573.jpg 768w, https:\/\/agora.xtec.cat\/iesmallafre\/wp-content\/uploads\/usu105\/2024\/02\/IMG-20240130-WA0060-e1706872312197-200x150.jpg 200w\" sizes=\"auto, (max-width: 1530px) 100vw, 1530px\" \/><\/a><\/p>\n<p><a href=\"https:\/\/agora.xtec.cat\/iesmallafre\/wp-content\/uploads\/usu105\/2024\/02\/IMG-20240130-WA0048-e1706872382852.jpg\"><img loading=\"lazy\" decoding=\"async\" class=\"alignnone size-full wp-image-23334\" src=\"https:\/\/agora.xtec.cat\/iesmallafre\/wp-content\/uploads\/usu105\/2024\/02\/IMG-20240130-WA0048-e1706872382852.jpg\" alt=\"\" width=\"2040\" height=\"1213\" srcset=\"https:\/\/agora.xtec.cat\/iesmallafre\/wp-content\/uploads\/usu105\/2024\/02\/IMG-20240130-WA0048-e1706872382852.jpg 2040w, https:\/\/agora.xtec.cat\/iesmallafre\/wp-content\/uploads\/usu105\/2024\/02\/IMG-20240130-WA0048-e1706872382852-300x178.jpg 300w, https:\/\/agora.xtec.cat\/iesmallafre\/wp-content\/uploads\/usu105\/2024\/02\/IMG-20240130-WA0048-e1706872382852-1024x609.jpg 1024w, https:\/\/agora.xtec.cat\/iesmallafre\/wp-content\/uploads\/usu105\/2024\/02\/IMG-20240130-WA0048-e1706872382852-768x457.jpg 768w, https:\/\/agora.xtec.cat\/iesmallafre\/wp-content\/uploads\/usu105\/2024\/02\/IMG-20240130-WA0048-e1706872382852-1536x913.jpg 1536w\" sizes=\"auto, (max-width: 2040px) 100vw, 2040px\" \/><\/a><\/p>\n<p>&nbsp;<\/p>\n<p>&nbsp;<\/p>\n<p>&nbsp;<\/p>\n","protected":false},"excerpt":{"rendered":"<p>Com cada any el nostre centre ha participat en l&#8217;acte de ciutat que organitza el Projecte Buchenwald al voltant del 27 de gener.<br \/>\nEl\u00a0Dia Internacional de Commemoraci\u00f3 en Mem\u00f2ria de les V\u00edctimes de l&#8217;Holocaust\u00a0se celebra el\u00a027 de gener\u00a0de cada any per designaci\u00f3 de l&#8217;Organitzaci\u00f3 de les&hellip;  <a href=\"https:\/\/agora.xtec.cat\/iesmallafre\/batxillerat\/participem-un-any-mes-al-projecte-buchenwald\/\" title=\"Read Un any participem al Projecte Buchenwald\">Llegeix m\u00e9s\u00bb<\/a><\/p>\n","protected":false},"author":16,"featured_media":23335,"comment_status":"open","ping_status":"closed","sticky":false,"template":"","format":"standard","meta":{"_bbp_topic_count":0,"_bbp_reply_count":0,"_bbp_total_topic_count":0,"_bbp_total_reply_count":0,"_bbp_voice_count":0,"_bbp_anonymous_reply_count":0,"_bbp_topic_count_hidden":0,"_bbp_reply_count_hidden":0,"_bbp_forum_subforum_count":0,"footnotes":""},"categories":[8,29],"tags":[],"class_list":["post-23333","post","type-post","status-publish","format-standard","has-post-thumbnail","hentry","category-batxillerat","category-portada"],"post_mailing_queue_ids":[],"_links":{"self":[{"href":"https:\/\/agora.xtec.cat\/iesmallafre\/wp-json\/wp\/v2\/posts\/23333","targetHints":{"allow":["GET"]}}],"collection":[{"href":"https:\/\/agora.xtec.cat\/iesmallafre\/wp-json\/wp\/v2\/posts"}],"about":[{"href":"https:\/\/agora.xtec.cat\/iesmallafre\/wp-json\/wp\/v2\/types\/post"}],"author":[{"embeddable":true,"href":"https:\/\/agora.xtec.cat\/iesmallafre\/wp-json\/wp\/v2\/users\/16"}],"replies":[{"embeddable":true,"href":"https:\/\/agora.xtec.cat\/iesmallafre\/wp-json\/wp\/v2\/comments?post=23333"}],"version-history":[{"count":2,"href":"https:\/\/agora.xtec.cat\/iesmallafre\/wp-json\/wp\/v2\/posts\/23333\/revisions"}],"predecessor-version":[{"id":23338,"href":"https:\/\/agora.xtec.cat\/iesmallafre\/wp-json\/wp\/v2\/posts\/23333\/revisions\/23338"}],"wp:featuredmedia":[{"embeddable":true,"href":"https:\/\/agora.xtec.cat\/iesmallafre\/wp-json\/wp\/v2\/media\/23335"}],"wp:attachment":[{"href":"https:\/\/agora.xtec.cat\/iesmallafre\/wp-json\/wp\/v2\/media?parent=23333"}],"wp:term":[{"taxonomy":"category","embeddable":true,"href":"https:\/\/agora.xtec.cat\/iesmallafre\/wp-json\/wp\/v2\/categories?post=23333"},{"taxonomy":"post_tag","embeddable":true,"href":"https:\/\/agora.xtec.cat\/iesmallafre\/wp-json\/wp\/v2\/tags?post=23333"}],"curies":[{"name":"wp","href":"https:\/\/api.w.org\/{rel}","templated":true}]}}