{"id":23322,"date":"2024-02-02T12:05:05","date_gmt":"2024-02-02T11:05:05","guid":{"rendered":"https:\/\/agora.xtec.cat\/iesmallafre\/?p=23322"},"modified":"2024-02-02T12:06:22","modified_gmt":"2024-02-02T11:06:22","slug":"guarniment-de-carrers-de-vilanova-pel-carnaval","status":"publish","type":"post","link":"https:\/\/agora.xtec.cat\/iesmallafre\/general\/guarniment-de-carrers-de-vilanova-pel-carnaval\/","title":{"rendered":"Guarniment de carrers de Vilanova pel Carnaval"},"content":{"rendered":"<p>L&#8217;alumnat de 1r d&#8217;ESO ha participat en l&#8217;elaboraci\u00f3 de les decoracions que guarniran el carrer de les Premses de Vilanova durant el Carnaval.<\/p>\n<p>Aqu\u00ed teniu unes imatges que mostren el proc\u00e9s de creaci\u00f3 dels guarniments.<\/p>\n<p><a href=\"https:\/\/agora.xtec.cat\/iesmallafre\/wp-content\/uploads\/usu105\/2024\/02\/WhatsApp-Image-2024-02-01-at-13.33.07-e1706871687783.jpeg\"><img loading=\"lazy\" decoding=\"async\" class=\"wp-image-23328 aligncenter\" src=\"https:\/\/agora.xtec.cat\/iesmallafre\/wp-content\/uploads\/usu105\/2024\/02\/WhatsApp-Image-2024-02-01-at-13.33.07-e1706871687783.jpeg\" alt=\"\" width=\"637\" height=\"791\" srcset=\"https:\/\/agora.xtec.cat\/iesmallafre\/wp-content\/uploads\/usu105\/2024\/02\/WhatsApp-Image-2024-02-01-at-13.33.07-e1706871687783.jpeg 736w, https:\/\/agora.xtec.cat\/iesmallafre\/wp-content\/uploads\/usu105\/2024\/02\/WhatsApp-Image-2024-02-01-at-13.33.07-e1706871687783-242x300.jpeg 242w\" sizes=\"auto, (max-width: 637px) 100vw, 637px\" \/><\/a><\/p>\n<p>&nbsp;<\/p>\n<p><a href=\"https:\/\/agora.xtec.cat\/iesmallafre\/wp-content\/uploads\/usu105\/2024\/02\/WhatsApp-Image-2024-02-01-at-13.33.073-e1706871762293.jpeg\"><img loading=\"lazy\" decoding=\"async\" class=\"wp-image-23325 aligncenter\" src=\"https:\/\/agora.xtec.cat\/iesmallafre\/wp-content\/uploads\/usu105\/2024\/02\/WhatsApp-Image-2024-02-01-at-13.33.073-e1706871762293.jpeg\" alt=\"\" width=\"563\" height=\"551\" srcset=\"https:\/\/agora.xtec.cat\/iesmallafre\/wp-content\/uploads\/usu105\/2024\/02\/WhatsApp-Image-2024-02-01-at-13.33.073-e1706871762293.jpeg 736w, https:\/\/agora.xtec.cat\/iesmallafre\/wp-content\/uploads\/usu105\/2024\/02\/WhatsApp-Image-2024-02-01-at-13.33.073-e1706871762293-300x293.jpeg 300w\" sizes=\"auto, (max-width: 563px) 100vw, 563px\" \/><\/a><\/p>\n<p><a href=\"https:\/\/agora.xtec.cat\/iesmallafre\/wp-content\/uploads\/usu105\/2024\/02\/WhatsApp-Image-2024-02-01-at-13.33.08-e1706871783247.jpeg\"><img loading=\"lazy\" decoding=\"async\" class=\"wp-image-23324 aligncenter\" src=\"https:\/\/agora.xtec.cat\/iesmallafre\/wp-content\/uploads\/usu105\/2024\/02\/WhatsApp-Image-2024-02-01-at-13.33.08-e1706871783247.jpeg\" alt=\"\" width=\"590\" height=\"644\" srcset=\"https:\/\/agora.xtec.cat\/iesmallafre\/wp-content\/uploads\/usu105\/2024\/02\/WhatsApp-Image-2024-02-01-at-13.33.08-e1706871783247.jpeg 736w, https:\/\/agora.xtec.cat\/iesmallafre\/wp-content\/uploads\/usu105\/2024\/02\/WhatsApp-Image-2024-02-01-at-13.33.08-e1706871783247-275x300.jpeg 275w\" sizes=\"auto, (max-width: 590px) 100vw, 590px\" \/><\/a><\/p>\n<p><a href=\"https:\/\/agora.xtec.cat\/iesmallafre\/wp-content\/uploads\/usu105\/2024\/02\/WhatsApp-Image-2024-02-01-at-13.33.071-e1706871705669.jpeg\"><img loading=\"lazy\" decoding=\"async\" class=\"wp-image-23327 alignright\" src=\"https:\/\/agora.xtec.cat\/iesmallafre\/wp-content\/uploads\/usu105\/2024\/02\/WhatsApp-Image-2024-02-01-at-13.33.071-e1706871705669.jpeg\" alt=\"\" width=\"642\" height=\"895\" srcset=\"https:\/\/agora.xtec.cat\/iesmallafre\/wp-content\/uploads\/usu105\/2024\/02\/WhatsApp-Image-2024-02-01-at-13.33.071-e1706871705669.jpeg 736w, https:\/\/agora.xtec.cat\/iesmallafre\/wp-content\/uploads\/usu105\/2024\/02\/WhatsApp-Image-2024-02-01-at-13.33.071-e1706871705669-215x300.jpeg 215w, https:\/\/agora.xtec.cat\/iesmallafre\/wp-content\/uploads\/usu105\/2024\/02\/WhatsApp-Image-2024-02-01-at-13.33.071-e1706871705669-735x1024.jpeg 735w\" sizes=\"auto, (max-width: 642px) 100vw, 642px\" \/><\/a><\/p>\n<p>&nbsp;<\/p>\n<p>&nbsp;<\/p>\n<p>&nbsp;<\/p>\n<p>&nbsp;<\/p>\n<p>&nbsp;<\/p>\n<p>&nbsp;<\/p>\n","protected":false},"excerpt":{"rendered":"<p>L&#8217;alumnat de 1r d&#8217;ESO ha participat en l&#8217;elaboraci\u00f3 de les decoracions que guarniran el carrer de les Premses de Vilanova durant el Carnaval.<br \/>\nAqu\u00ed teniu unes imatges que mostren el proc\u00e9s de creaci\u00f3 dels guarniments.<br \/>\n<a href=\"https:\/\/agora.xtec.cat\/iesmallafre\/wp-content\/uploads\/usu105\/2024\/02\/WhatsApp-Image-2024-02-01-at-13.33.07-e1706871687783.jpeg\"><\/a><br \/>\n&nbsp;<br \/>\n<a href=\"https:\/\/agora.xtec.cat\/iesmallafre\/wp-content\/uploads\/usu105\/2024\/02\/WhatsApp-Image-2024-02-01-at-13.33.073-e1706871762293.jpeg\"><\/a><br \/>\n<a href=\"https:\/\/agora.xtec.cat\/iesmallafre\/wp-content\/uploads\/usu105\/2024\/02\/WhatsApp-Image-2024-02-01-at-13.33.08-e1706871783247.jpeg\"><\/a><br \/>\n<a href=\"https:\/\/agora.xtec.cat\/iesmallafre\/wp-content\/uploads\/usu105\/2024\/02\/WhatsApp-Image-2024-02-01-at-13.33.071-e1706871705669.jpeg\"><\/a><br \/>\n&nbsp;<br \/>\n&nbsp;<br \/>\n&nbsp;<br \/>\n&nbsp;<br \/>\n&nbsp;<br \/>\n&nbsp;<\/p>\n","protected":false},"author":16,"featured_media":23326,"comment_status":"open","ping_status":"closed","sticky":false,"template":"","format":"standard","meta":{"_bbp_topic_count":0,"_bbp_reply_count":0,"_bbp_total_topic_count":0,"_bbp_total_reply_count":0,"_bbp_voice_count":0,"_bbp_anonymous_reply_count":0,"_bbp_topic_count_hidden":0,"_bbp_reply_count_hidden":0,"_bbp_forum_subforum_count":0,"footnotes":""},"categories":[8,3,1,29],"tags":[],"class_list":["post-23322","post","type-post","status-publish","format-standard","has-post-thumbnail","hentry","category-batxillerat","category-eso","category-general","category-portada"],"post_mailing_queue_ids":[],"_links":{"self":[{"href":"https:\/\/agora.xtec.cat\/iesmallafre\/wp-json\/wp\/v2\/posts\/23322","targetHints":{"allow":["GET"]}}],"collection":[{"href":"https:\/\/agora.xtec.cat\/iesmallafre\/wp-json\/wp\/v2\/posts"}],"about":[{"href":"https:\/\/agora.xtec.cat\/iesmallafre\/wp-json\/wp\/v2\/types\/post"}],"author":[{"embeddable":true,"href":"https:\/\/agora.xtec.cat\/iesmallafre\/wp-json\/wp\/v2\/users\/16"}],"replies":[{"embeddable":true,"href":"https:\/\/agora.xtec.cat\/iesmallafre\/wp-json\/wp\/v2\/comments?post=23322"}],"version-history":[{"count":2,"href":"https:\/\/agora.xtec.cat\/iesmallafre\/wp-json\/wp\/v2\/posts\/23322\/revisions"}],"predecessor-version":[{"id":23331,"href":"https:\/\/agora.xtec.cat\/iesmallafre\/wp-json\/wp\/v2\/posts\/23322\/revisions\/23331"}],"wp:featuredmedia":[{"embeddable":true,"href":"https:\/\/agora.xtec.cat\/iesmallafre\/wp-json\/wp\/v2\/media\/23326"}],"wp:attachment":[{"href":"https:\/\/agora.xtec.cat\/iesmallafre\/wp-json\/wp\/v2\/media?parent=23322"}],"wp:term":[{"taxonomy":"category","embeddable":true,"href":"https:\/\/agora.xtec.cat\/iesmallafre\/wp-json\/wp\/v2\/categories?post=23322"},{"taxonomy":"post_tag","embeddable":true,"href":"https:\/\/agora.xtec.cat\/iesmallafre\/wp-json\/wp\/v2\/tags?post=23322"}],"curies":[{"name":"wp","href":"https:\/\/api.w.org\/{rel}","templated":true}]}}