{"id":23302,"date":"2024-01-26T13:16:17","date_gmt":"2024-01-26T12:16:17","guid":{"rendered":"https:\/\/agora.xtec.cat\/iesmallafre\/?p=23302"},"modified":"2024-01-26T13:16:51","modified_gmt":"2024-01-26T12:16:51","slug":"fira-zona-educacio-6-i-7-de-marc-de-2024","status":"publish","type":"post","link":"https:\/\/agora.xtec.cat\/iesmallafre\/general\/fira-zona-educacio-6-i-7-de-marc-de-2024\/","title":{"rendered":"Fira Zona Educaci\u00f3: 6 i 7 de mar\u00e7 de 2024"},"content":{"rendered":"<p>La 14a edici\u00f3 de la Zona E\u00a0es celebrar\u00e0 els dies<strong> 6 i 7 de mar\u00e7 a la Pla\u00e7a Soler i Carbonell (Pla\u00e7a del Mercat)<\/strong>. En aquesta fira els centres educatius de la comarca mostraran la seva oferta formativa a joves, fam\u00edlies i a totes les persones interessades. \u00c9s una bona oportunitat per con\u00e8ixer les diverses opcions d&#8217;ensenyaments postobligatoris i professionals del m\u00f3n educatiu i laboral.<\/p>\n<p>La Fira, organitzada per l&#8217;Institut Municipal d&#8217;Educaci\u00f3 i Treball (IMET), aplega oferta de batxillerats, cicles formatius, programes de qualificaci\u00f3 professional inicial, formaci\u00f3 ocupacional, estudis universitaris, d&#8217;idiomes, de m\u00fasica, ensenyaments art\u00edstics d&#8217;arts pl\u00e0stiques i disseny, aix\u00ed com formaci\u00f3 cont\u00ednua al llarg de la vida.<\/p>\n<p>L&#8217;acc\u00e9s a a Fira Zona E \u00e9s <strong>obert i gratu\u00eft<\/strong>\u00a0al p\u00fablic.<\/p>\n<p>M\u00e9s informaci\u00f3<a href=\"https:\/\/www.imet.cat\/fira_zona_educacio\"> AQU\u00ed.<\/a><\/p>\n<p>&nbsp;<\/p>\n","protected":false},"excerpt":{"rendered":"<p>La 14a edici\u00f3 de la Zona E\u00a0es celebrar\u00e0 els dies 6 i 7 de mar\u00e7 a la Pla\u00e7a Soler i Carbonell (Pla\u00e7a del Mercat). En aquesta fira els centres educatius de la comarca mostraran la seva oferta formativa a joves, fam\u00edlies i a totes les&hellip;  <a href=\"https:\/\/agora.xtec.cat\/iesmallafre\/general\/fira-zona-educacio-6-i-7-de-marc-de-2024\/\" title=\"Read Fira Zona Educaci\u00f3: 6 i 7 de mar\u00e7 de 2024\">Llegeix m\u00e9s\u00bb<\/a><\/p>\n","protected":false},"author":16,"featured_media":23305,"comment_status":"open","ping_status":"closed","sticky":false,"template":"","format":"standard","meta":{"_bbp_topic_count":0,"_bbp_reply_count":0,"_bbp_total_topic_count":0,"_bbp_total_reply_count":0,"_bbp_voice_count":0,"_bbp_anonymous_reply_count":0,"_bbp_topic_count_hidden":0,"_bbp_reply_count_hidden":0,"_bbp_forum_subforum_count":0,"footnotes":""},"categories":[8,3,1,29,293],"tags":[],"class_list":["post-23302","post","type-post","status-publish","format-standard","has-post-thumbnail","hentry","category-batxillerat","category-eso","category-general","category-portada","category-portes-obertes-eso"],"post_mailing_queue_ids":[],"_links":{"self":[{"href":"https:\/\/agora.xtec.cat\/iesmallafre\/wp-json\/wp\/v2\/posts\/23302","targetHints":{"allow":["GET"]}}],"collection":[{"href":"https:\/\/agora.xtec.cat\/iesmallafre\/wp-json\/wp\/v2\/posts"}],"about":[{"href":"https:\/\/agora.xtec.cat\/iesmallafre\/wp-json\/wp\/v2\/types\/post"}],"author":[{"embeddable":true,"href":"https:\/\/agora.xtec.cat\/iesmallafre\/wp-json\/wp\/v2\/users\/16"}],"replies":[{"embeddable":true,"href":"https:\/\/agora.xtec.cat\/iesmallafre\/wp-json\/wp\/v2\/comments?post=23302"}],"version-history":[{"count":4,"href":"https:\/\/agora.xtec.cat\/iesmallafre\/wp-json\/wp\/v2\/posts\/23302\/revisions"}],"predecessor-version":[{"id":23307,"href":"https:\/\/agora.xtec.cat\/iesmallafre\/wp-json\/wp\/v2\/posts\/23302\/revisions\/23307"}],"wp:featuredmedia":[{"embeddable":true,"href":"https:\/\/agora.xtec.cat\/iesmallafre\/wp-json\/wp\/v2\/media\/23305"}],"wp:attachment":[{"href":"https:\/\/agora.xtec.cat\/iesmallafre\/wp-json\/wp\/v2\/media?parent=23302"}],"wp:term":[{"taxonomy":"category","embeddable":true,"href":"https:\/\/agora.xtec.cat\/iesmallafre\/wp-json\/wp\/v2\/categories?post=23302"},{"taxonomy":"post_tag","embeddable":true,"href":"https:\/\/agora.xtec.cat\/iesmallafre\/wp-json\/wp\/v2\/tags?post=23302"}],"curies":[{"name":"wp","href":"https:\/\/api.w.org\/{rel}","templated":true}]}}