{"id":23260,"date":"2024-01-19T11:57:05","date_gmt":"2024-01-19T10:57:05","guid":{"rendered":"https:\/\/agora.xtec.cat\/iesmallafre\/?p=23260"},"modified":"2024-01-19T11:57:55","modified_gmt":"2024-01-19T10:57:55","slug":"intercanvi-amb-linstitut-frances-celony","status":"publish","type":"post","link":"https:\/\/agora.xtec.cat\/iesmallafre\/batxillerat\/intercanvi-amb-linstitut-frances-celony\/","title":{"rendered":"Intercanvi amb l&#8217;institut franc\u00e8s C\u00e9lony"},"content":{"rendered":"<p>Hem iniciat l&#8217;any 2024 amb la visita d&#8217;alumnes de l&#8217;institut franc\u00e8s C\u00e9lony d&#8217;Aix en Provence.<\/p>\n<p>Els alumnes de l&#8217;institut C\u00e9lony d&#8217;Aix en Provence han passat uns dies a Vilanova per concloure l&#8217;intercanvi escolar que fem amb aquest institut a 1r\/2n Batxillerat. Han viscut uns dies amb els seus companys i han fet visites culturals a Vilanova i Barcelona. Dimarts al mat\u00ed tamb\u00e9 van visitar el nostre institut.<\/p>\n<div>Ha estat una experi\u00e8ncia molt enriquidora que segurament\u00a0sempre\u00a0recordaran.<\/div>\n<div><\/div>\n<div><\/div>\n<p>Les \u00e9l\u00e8ves du Lyc\u00e9e C\u00e9lony d&#8217;Aix en Provence sont venus \u00e0 Vilanova pour conclure l&#8217;\u00e9change scolaire qu&#8217;on fait avec ce lyc\u00e9e en 1r\/2e\u00a0Batxillerat. Ils ont pass\u00e9 quelques jours chez leurs correspondants et ont fait des visites culturelles \u00e0 Vilanova et Barcelona. Mardi matin, ils ont aussi visit\u00e9 notre lyc\u00e9e.<\/p>\n<div>\n<div>Cela a \u00e9t\u00e9 une belle exp\u00e9rience dont ils se souviendront s\u00fbrement pour toujours.<\/div>\n<\/div>\n<div><\/div>\n<div><\/div>\n<div>Merci!<\/div>\n","protected":false},"excerpt":{"rendered":"<p>Hem iniciat l&#8217;any 2024 amb la visita d&#8217;alumnes de l&#8217;institut franc\u00e8s C\u00e9lony d&#8217;Aix en Provence.<br \/>\nEls alumnes de l&#8217;institut C\u00e9lony d&#8217;Aix en Provence han passat uns dies a Vilanova per concloure l&#8217;intercanvi escolar que fem amb aquest institut a 1r\/2n Batxillerat. Han viscut uns dies amb&hellip;  <a href=\"https:\/\/agora.xtec.cat\/iesmallafre\/batxillerat\/intercanvi-amb-linstitut-frances-celony\/\" title=\"Read Intercanvi amb l&#8217;institut franc\u00e8s C\u00e9lony\">Llegeix m\u00e9s\u00bb<\/a><\/p>\n","protected":false},"author":16,"featured_media":23261,"comment_status":"open","ping_status":"closed","sticky":false,"template":"","format":"standard","meta":{"_bbp_topic_count":0,"_bbp_reply_count":0,"_bbp_total_topic_count":0,"_bbp_total_reply_count":0,"_bbp_voice_count":0,"_bbp_anonymous_reply_count":0,"_bbp_topic_count_hidden":0,"_bbp_reply_count_hidden":0,"_bbp_forum_subforum_count":0,"footnotes":""},"categories":[8,29],"tags":[],"class_list":["post-23260","post","type-post","status-publish","format-standard","has-post-thumbnail","hentry","category-batxillerat","category-portada"],"post_mailing_queue_ids":[],"_links":{"self":[{"href":"https:\/\/agora.xtec.cat\/iesmallafre\/wp-json\/wp\/v2\/posts\/23260","targetHints":{"allow":["GET"]}}],"collection":[{"href":"https:\/\/agora.xtec.cat\/iesmallafre\/wp-json\/wp\/v2\/posts"}],"about":[{"href":"https:\/\/agora.xtec.cat\/iesmallafre\/wp-json\/wp\/v2\/types\/post"}],"author":[{"embeddable":true,"href":"https:\/\/agora.xtec.cat\/iesmallafre\/wp-json\/wp\/v2\/users\/16"}],"replies":[{"embeddable":true,"href":"https:\/\/agora.xtec.cat\/iesmallafre\/wp-json\/wp\/v2\/comments?post=23260"}],"version-history":[{"count":3,"href":"https:\/\/agora.xtec.cat\/iesmallafre\/wp-json\/wp\/v2\/posts\/23260\/revisions"}],"predecessor-version":[{"id":23264,"href":"https:\/\/agora.xtec.cat\/iesmallafre\/wp-json\/wp\/v2\/posts\/23260\/revisions\/23264"}],"wp:featuredmedia":[{"embeddable":true,"href":"https:\/\/agora.xtec.cat\/iesmallafre\/wp-json\/wp\/v2\/media\/23261"}],"wp:attachment":[{"href":"https:\/\/agora.xtec.cat\/iesmallafre\/wp-json\/wp\/v2\/media?parent=23260"}],"wp:term":[{"taxonomy":"category","embeddable":true,"href":"https:\/\/agora.xtec.cat\/iesmallafre\/wp-json\/wp\/v2\/categories?post=23260"},{"taxonomy":"post_tag","embeddable":true,"href":"https:\/\/agora.xtec.cat\/iesmallafre\/wp-json\/wp\/v2\/tags?post=23260"}],"curies":[{"name":"wp","href":"https:\/\/api.w.org\/{rel}","templated":true}]}}