{"id":23242,"date":"2024-01-09T12:55:08","date_gmt":"2024-01-09T11:55:08","guid":{"rendered":"https:\/\/agora.xtec.cat\/iesmallafre\/?p=23242"},"modified":"2024-01-09T12:57:39","modified_gmt":"2024-01-09T11:57:39","slug":"visita-a-lestaquirot-teatre","status":"publish","type":"post","link":"https:\/\/agora.xtec.cat\/iesmallafre\/eso\/visita-a-lestaquirot-teatre\/","title":{"rendered":"Visita a l&#8217;exposici\u00f3 &#8220;50 anys de l&#8217;Estaquirot teatre&#8221;"},"content":{"rendered":"<p>El passat 19 de desembre un grup de 1r Batxillerat i el grup d&#8217;<i>Expressi\u00f3 art\u00edstica<\/i> de 4t ESO van visitar l&#8217;exposici\u00f3 &#8220;50 anys de l&#8217;<span class=\"il\">Estaquirot<\/span> teatre&#8221; a La Sala.<\/p>\n<p>L&#8217;exposici\u00f3 de l&#8217;Estaquirot Teatre convida a fer un viatge pels seus 50 anys de vida professional. &#8220;Els anys 70, quan ells van comen\u00e7ar, els vents que bufaven eren els de la democr\u00e0cia i les noves idees d&#8217;una cultura oberta, lliure i compromesa, amb ganes de canviar el m\u00f3n. Les eines d&#8217;aquest atreviment van ser el teatre, els titelles, un taller, una furgoneta, un grup d&#8217;amics i una estreta identificaci\u00f3 amb la cultura local catalana.&#8221;&#8230;<\/p>\n<p>Aqu\u00ed teniu un recull d&#8217;imatges de la visita.<\/p>\n<p><a href=\"https:\/\/agora.xtec.cat\/iesmallafre\/wp-content\/uploads\/usu105\/2024\/01\/20231219_124544-scaled.jpg\"><img loading=\"lazy\" decoding=\"async\" class=\"wp-image-23243 aligncenter\" src=\"https:\/\/agora.xtec.cat\/iesmallafre\/wp-content\/uploads\/usu105\/2024\/01\/20231219_124544-scaled.jpg\" alt=\"\" width=\"574\" height=\"1276\" srcset=\"https:\/\/agora.xtec.cat\/iesmallafre\/wp-content\/uploads\/usu105\/2024\/01\/20231219_124544-scaled.jpg 1152w, https:\/\/agora.xtec.cat\/iesmallafre\/wp-content\/uploads\/usu105\/2024\/01\/20231219_124544-135x300.jpg 135w, https:\/\/agora.xtec.cat\/iesmallafre\/wp-content\/uploads\/usu105\/2024\/01\/20231219_124544-461x1024.jpg 461w, https:\/\/agora.xtec.cat\/iesmallafre\/wp-content\/uploads\/usu105\/2024\/01\/20231219_124544-768x1707.jpg 768w, https:\/\/agora.xtec.cat\/iesmallafre\/wp-content\/uploads\/usu105\/2024\/01\/20231219_124544-691x1536.jpg 691w, https:\/\/agora.xtec.cat\/iesmallafre\/wp-content\/uploads\/usu105\/2024\/01\/20231219_124544-922x2048.jpg 922w\" sizes=\"auto, (max-width: 574px) 100vw, 574px\" \/><\/a><\/p>\n<p><a href=\"https:\/\/agora.xtec.cat\/iesmallafre\/wp-content\/uploads\/usu105\/2024\/01\/20231219_130553.jpg\"><img loading=\"lazy\" decoding=\"async\" class=\"wp-image-23244 aligncenter\" src=\"https:\/\/agora.xtec.cat\/iesmallafre\/wp-content\/uploads\/usu105\/2024\/01\/20231219_130553.jpg\" alt=\"\" width=\"555\" height=\"881\" srcset=\"https:\/\/agora.xtec.cat\/iesmallafre\/wp-content\/uploads\/usu105\/2024\/01\/20231219_130553.jpg 1455w, https:\/\/agora.xtec.cat\/iesmallafre\/wp-content\/uploads\/usu105\/2024\/01\/20231219_130553-189x300.jpg 189w, https:\/\/agora.xtec.cat\/iesmallafre\/wp-content\/uploads\/usu105\/2024\/01\/20231219_130553-645x1024.jpg 645w, https:\/\/agora.xtec.cat\/iesmallafre\/wp-content\/uploads\/usu105\/2024\/01\/20231219_130553-768x1219.jpg 768w, https:\/\/agora.xtec.cat\/iesmallafre\/wp-content\/uploads\/usu105\/2024\/01\/20231219_130553-968x1536.jpg 968w, https:\/\/agora.xtec.cat\/iesmallafre\/wp-content\/uploads\/usu105\/2024\/01\/20231219_130553-1291x2048.jpg 1291w\" sizes=\"auto, (max-width: 555px) 100vw, 555px\" \/><\/a><\/p>\n<p><a href=\"https:\/\/agora.xtec.cat\/iesmallafre\/wp-content\/uploads\/usu105\/2024\/01\/20231219_130814-scaled.jpg\"><img loading=\"lazy\" decoding=\"async\" class=\"wp-image-23245 aligncenter\" src=\"https:\/\/agora.xtec.cat\/iesmallafre\/wp-content\/uploads\/usu105\/2024\/01\/20231219_130814-scaled.jpg\" alt=\"\" width=\"606\" height=\"273\" srcset=\"https:\/\/agora.xtec.cat\/iesmallafre\/wp-content\/uploads\/usu105\/2024\/01\/20231219_130814-scaled.jpg 2560w, https:\/\/agora.xtec.cat\/iesmallafre\/wp-content\/uploads\/usu105\/2024\/01\/20231219_130814-300x135.jpg 300w, https:\/\/agora.xtec.cat\/iesmallafre\/wp-content\/uploads\/usu105\/2024\/01\/20231219_130814-1024x462.jpg 1024w, https:\/\/agora.xtec.cat\/iesmallafre\/wp-content\/uploads\/usu105\/2024\/01\/20231219_130814-768x346.jpg 768w, https:\/\/agora.xtec.cat\/iesmallafre\/wp-content\/uploads\/usu105\/2024\/01\/20231219_130814-1536x693.jpg 1536w, https:\/\/agora.xtec.cat\/iesmallafre\/wp-content\/uploads\/usu105\/2024\/01\/20231219_130814-2048x924.jpg 2048w\" sizes=\"auto, (max-width: 606px) 100vw, 606px\" \/><\/a><\/p>\n<p><a href=\"https:\/\/agora.xtec.cat\/iesmallafre\/wp-content\/uploads\/usu105\/2024\/01\/20231219_133015-scaled.jpg\"><img loading=\"lazy\" decoding=\"async\" class=\"wp-image-23246 aligncenter\" src=\"https:\/\/agora.xtec.cat\/iesmallafre\/wp-content\/uploads\/usu105\/2024\/01\/20231219_133015-scaled.jpg\" alt=\"\" width=\"610\" height=\"275\" srcset=\"https:\/\/agora.xtec.cat\/iesmallafre\/wp-content\/uploads\/usu105\/2024\/01\/20231219_133015-scaled.jpg 2560w, https:\/\/agora.xtec.cat\/iesmallafre\/wp-content\/uploads\/usu105\/2024\/01\/20231219_133015-300x135.jpg 300w, https:\/\/agora.xtec.cat\/iesmallafre\/wp-content\/uploads\/usu105\/2024\/01\/20231219_133015-1024x462.jpg 1024w, https:\/\/agora.xtec.cat\/iesmallafre\/wp-content\/uploads\/usu105\/2024\/01\/20231219_133015-768x346.jpg 768w, https:\/\/agora.xtec.cat\/iesmallafre\/wp-content\/uploads\/usu105\/2024\/01\/20231219_133015-1536x693.jpg 1536w, https:\/\/agora.xtec.cat\/iesmallafre\/wp-content\/uploads\/usu105\/2024\/01\/20231219_133015-2048x924.jpg 2048w\" sizes=\"auto, (max-width: 610px) 100vw, 610px\" \/><\/a><\/p>\n<p><a href=\"https:\/\/agora.xtec.cat\/iesmallafre\/wp-content\/uploads\/usu105\/2024\/01\/20231219_133126-scaled.jpg\"><img loading=\"lazy\" decoding=\"async\" class=\"wp-image-23247 aligncenter\" src=\"https:\/\/agora.xtec.cat\/iesmallafre\/wp-content\/uploads\/usu105\/2024\/01\/20231219_133126-scaled.jpg\" alt=\"\" width=\"605\" height=\"273\" srcset=\"https:\/\/agora.xtec.cat\/iesmallafre\/wp-content\/uploads\/usu105\/2024\/01\/20231219_133126-scaled.jpg 2560w, https:\/\/agora.xtec.cat\/iesmallafre\/wp-content\/uploads\/usu105\/2024\/01\/20231219_133126-300x135.jpg 300w, https:\/\/agora.xtec.cat\/iesmallafre\/wp-content\/uploads\/usu105\/2024\/01\/20231219_133126-1024x462.jpg 1024w, https:\/\/agora.xtec.cat\/iesmallafre\/wp-content\/uploads\/usu105\/2024\/01\/20231219_133126-768x346.jpg 768w, https:\/\/agora.xtec.cat\/iesmallafre\/wp-content\/uploads\/usu105\/2024\/01\/20231219_133126-1536x693.jpg 1536w, https:\/\/agora.xtec.cat\/iesmallafre\/wp-content\/uploads\/usu105\/2024\/01\/20231219_133126-2048x924.jpg 2048w\" sizes=\"auto, (max-width: 605px) 100vw, 605px\" \/><\/a><\/p>\n<p><a href=\"https:\/\/agora.xtec.cat\/iesmallafre\/wp-content\/uploads\/usu105\/2024\/01\/20231219_133150-scaled.jpg\"><img loading=\"lazy\" decoding=\"async\" class=\"wp-image-23248 aligncenter\" src=\"https:\/\/agora.xtec.cat\/iesmallafre\/wp-content\/uploads\/usu105\/2024\/01\/20231219_133150-scaled.jpg\" alt=\"\" width=\"581\" height=\"262\" srcset=\"https:\/\/agora.xtec.cat\/iesmallafre\/wp-content\/uploads\/usu105\/2024\/01\/20231219_133150-scaled.jpg 2560w, https:\/\/agora.xtec.cat\/iesmallafre\/wp-content\/uploads\/usu105\/2024\/01\/20231219_133150-300x135.jpg 300w, https:\/\/agora.xtec.cat\/iesmallafre\/wp-content\/uploads\/usu105\/2024\/01\/20231219_133150-1024x462.jpg 1024w, https:\/\/agora.xtec.cat\/iesmallafre\/wp-content\/uploads\/usu105\/2024\/01\/20231219_133150-768x346.jpg 768w, https:\/\/agora.xtec.cat\/iesmallafre\/wp-content\/uploads\/usu105\/2024\/01\/20231219_133150-1536x693.jpg 1536w, https:\/\/agora.xtec.cat\/iesmallafre\/wp-content\/uploads\/usu105\/2024\/01\/20231219_133150-2048x924.jpg 2048w\" sizes=\"auto, (max-width: 581px) 100vw, 581px\" \/><\/a><\/p>\n","protected":false},"excerpt":{"rendered":"<p>El passat 19 de desembre un grup de 1r Batxillerat i el grup d&#8217;Expressi\u00f3 art\u00edstica de 4t ESO van visitar l&#8217;exposici\u00f3 &#8220;50 anys de l&#8217;Estaquirot teatre&#8221; a La Sala.<br \/>\nL&#8217;exposici\u00f3 de l&#8217;Estaquirot Teatre convida a fer un viatge pels seus 50 anys de vida professional. &#8220;Els&hellip;  <a href=\"https:\/\/agora.xtec.cat\/iesmallafre\/eso\/visita-a-lestaquirot-teatre\/\" title=\"Read Visita a l&#8217;exposici\u00f3 &#8220;50 anys de l&#8217;Estaquirot teatre&#8221;\">Llegeix m\u00e9s\u00bb<\/a><\/p>\n","protected":false},"author":16,"featured_media":23251,"comment_status":"open","ping_status":"closed","sticky":false,"template":"","format":"standard","meta":{"_bbp_topic_count":0,"_bbp_reply_count":0,"_bbp_total_topic_count":0,"_bbp_total_reply_count":0,"_bbp_voice_count":0,"_bbp_anonymous_reply_count":0,"_bbp_topic_count_hidden":0,"_bbp_reply_count_hidden":0,"_bbp_forum_subforum_count":0,"footnotes":""},"categories":[8,3,7,29],"tags":[],"class_list":["post-23242","post","type-post","status-publish","format-standard","has-post-thumbnail","hentry","category-batxillerat","category-eso","category-eso-4","category-portada"],"post_mailing_queue_ids":[],"_links":{"self":[{"href":"https:\/\/agora.xtec.cat\/iesmallafre\/wp-json\/wp\/v2\/posts\/23242","targetHints":{"allow":["GET"]}}],"collection":[{"href":"https:\/\/agora.xtec.cat\/iesmallafre\/wp-json\/wp\/v2\/posts"}],"about":[{"href":"https:\/\/agora.xtec.cat\/iesmallafre\/wp-json\/wp\/v2\/types\/post"}],"author":[{"embeddable":true,"href":"https:\/\/agora.xtec.cat\/iesmallafre\/wp-json\/wp\/v2\/users\/16"}],"replies":[{"embeddable":true,"href":"https:\/\/agora.xtec.cat\/iesmallafre\/wp-json\/wp\/v2\/comments?post=23242"}],"version-history":[{"count":3,"href":"https:\/\/agora.xtec.cat\/iesmallafre\/wp-json\/wp\/v2\/posts\/23242\/revisions"}],"predecessor-version":[{"id":23252,"href":"https:\/\/agora.xtec.cat\/iesmallafre\/wp-json\/wp\/v2\/posts\/23242\/revisions\/23252"}],"wp:featuredmedia":[{"embeddable":true,"href":"https:\/\/agora.xtec.cat\/iesmallafre\/wp-json\/wp\/v2\/media\/23251"}],"wp:attachment":[{"href":"https:\/\/agora.xtec.cat\/iesmallafre\/wp-json\/wp\/v2\/media?parent=23242"}],"wp:term":[{"taxonomy":"category","embeddable":true,"href":"https:\/\/agora.xtec.cat\/iesmallafre\/wp-json\/wp\/v2\/categories?post=23242"},{"taxonomy":"post_tag","embeddable":true,"href":"https:\/\/agora.xtec.cat\/iesmallafre\/wp-json\/wp\/v2\/tags?post=23242"}],"curies":[{"name":"wp","href":"https:\/\/api.w.org\/{rel}","templated":true}]}}