{"id":23210,"date":"2023-12-20T18:07:07","date_gmt":"2023-12-20T17:07:07","guid":{"rendered":"https:\/\/agora.xtec.cat\/iesmallafre\/?p=23210"},"modified":"2023-12-20T18:07:07","modified_gmt":"2023-12-20T17:07:07","slug":"gran-concert-de-nadal","status":"publish","type":"post","link":"https:\/\/agora.xtec.cat\/iesmallafre\/general\/gran-concert-de-nadal\/","title":{"rendered":"Gran concert de Nadal"},"content":{"rendered":"<p>Com \u00e9s tracidi\u00f3 al Mallafr\u00e8 el darrer dia de classes oferim el gran concert de Nadal a c\u00e0rrec de l&#8217;alumnat del centre.<\/p>\n<p>Bones festes a tothom!!<\/p>\n<p><a href=\"https:\/\/agora.xtec.cat\/iesmallafre\/wp-content\/uploads\/usu105\/2023\/12\/WhatsApp-Image-2023-12-20-at-13.09.28.jpeg\"><img loading=\"lazy\" decoding=\"async\" class=\"wp-image-23219 aligncenter\" src=\"https:\/\/agora.xtec.cat\/iesmallafre\/wp-content\/uploads\/usu105\/2023\/12\/WhatsApp-Image-2023-12-20-at-13.09.28.jpeg\" alt=\"\" width=\"1090\" height=\"613\" srcset=\"https:\/\/agora.xtec.cat\/iesmallafre\/wp-content\/uploads\/usu105\/2023\/12\/WhatsApp-Image-2023-12-20-at-13.09.28.jpeg 1600w, https:\/\/agora.xtec.cat\/iesmallafre\/wp-content\/uploads\/usu105\/2023\/12\/WhatsApp-Image-2023-12-20-at-13.09.28-300x169.jpeg 300w, https:\/\/agora.xtec.cat\/iesmallafre\/wp-content\/uploads\/usu105\/2023\/12\/WhatsApp-Image-2023-12-20-at-13.09.28-1024x576.jpeg 1024w, https:\/\/agora.xtec.cat\/iesmallafre\/wp-content\/uploads\/usu105\/2023\/12\/WhatsApp-Image-2023-12-20-at-13.09.28-768x432.jpeg 768w, https:\/\/agora.xtec.cat\/iesmallafre\/wp-content\/uploads\/usu105\/2023\/12\/WhatsApp-Image-2023-12-20-at-13.09.28-1536x864.jpeg 1536w\" sizes=\"auto, (max-width: 1090px) 100vw, 1090px\" \/><\/a><\/p>\n<p style=\"text-align: center;\"><a href=\"https:\/\/agora.xtec.cat\/iesmallafre\/wp-content\/uploads\/usu105\/2023\/12\/WhatsApp-Image-2023-12-20-at-11.15.39.jpeg\"><img loading=\"lazy\" decoding=\"async\" class=\"alignnone wp-image-23217\" src=\"https:\/\/agora.xtec.cat\/iesmallafre\/wp-content\/uploads\/usu105\/2023\/12\/WhatsApp-Image-2023-12-20-at-11.15.39.jpeg\" alt=\"\" width=\"1050\" height=\"709\" srcset=\"https:\/\/agora.xtec.cat\/iesmallafre\/wp-content\/uploads\/usu105\/2023\/12\/WhatsApp-Image-2023-12-20-at-11.15.39.jpeg 1280w, https:\/\/agora.xtec.cat\/iesmallafre\/wp-content\/uploads\/usu105\/2023\/12\/WhatsApp-Image-2023-12-20-at-11.15.39-300x203.jpeg 300w, https:\/\/agora.xtec.cat\/iesmallafre\/wp-content\/uploads\/usu105\/2023\/12\/WhatsApp-Image-2023-12-20-at-11.15.39-1024x691.jpeg 1024w, https:\/\/agora.xtec.cat\/iesmallafre\/wp-content\/uploads\/usu105\/2023\/12\/WhatsApp-Image-2023-12-20-at-11.15.39-768x518.jpeg 768w\" sizes=\"auto, (max-width: 1050px) 100vw, 1050px\" \/><\/a><\/p>\n<p><a href=\"https:\/\/agora.xtec.cat\/iesmallafre\/wp-content\/uploads\/usu105\/2023\/12\/WhatsApp-Image-2023-12-20-at-13.03.37.jpeg\"><img loading=\"lazy\" decoding=\"async\" class=\"wp-image-23215 aligncenter\" src=\"https:\/\/agora.xtec.cat\/iesmallafre\/wp-content\/uploads\/usu105\/2023\/12\/WhatsApp-Image-2023-12-20-at-13.03.37.jpeg\" alt=\"\" width=\"1149\" height=\"648\" srcset=\"https:\/\/agora.xtec.cat\/iesmallafre\/wp-content\/uploads\/usu105\/2023\/12\/WhatsApp-Image-2023-12-20-at-13.03.37.jpeg 1600w, https:\/\/agora.xtec.cat\/iesmallafre\/wp-content\/uploads\/usu105\/2023\/12\/WhatsApp-Image-2023-12-20-at-13.03.37-300x169.jpeg 300w, https:\/\/agora.xtec.cat\/iesmallafre\/wp-content\/uploads\/usu105\/2023\/12\/WhatsApp-Image-2023-12-20-at-13.03.37-1024x577.jpeg 1024w, https:\/\/agora.xtec.cat\/iesmallafre\/wp-content\/uploads\/usu105\/2023\/12\/WhatsApp-Image-2023-12-20-at-13.03.37-768x433.jpeg 768w, https:\/\/agora.xtec.cat\/iesmallafre\/wp-content\/uploads\/usu105\/2023\/12\/WhatsApp-Image-2023-12-20-at-13.03.37-1536x866.jpeg 1536w\" sizes=\"auto, (max-width: 1149px) 100vw, 1149px\" \/><\/a><\/p>\n<p><a href=\"https:\/\/agora.xtec.cat\/iesmallafre\/wp-content\/uploads\/usu105\/2023\/12\/WhatsApp-Image-2023-12-20-at-13.16.12.jpeg\"><img loading=\"lazy\" decoding=\"async\" class=\"wp-image-23213 aligncenter\" src=\"https:\/\/agora.xtec.cat\/iesmallafre\/wp-content\/uploads\/usu105\/2023\/12\/WhatsApp-Image-2023-12-20-at-13.16.12.jpeg\" alt=\"\" width=\"1210\" height=\"687\" srcset=\"https:\/\/agora.xtec.cat\/iesmallafre\/wp-content\/uploads\/usu105\/2023\/12\/WhatsApp-Image-2023-12-20-at-13.16.12.jpeg 1600w, https:\/\/agora.xtec.cat\/iesmallafre\/wp-content\/uploads\/usu105\/2023\/12\/WhatsApp-Image-2023-12-20-at-13.16.12-300x170.jpeg 300w, https:\/\/agora.xtec.cat\/iesmallafre\/wp-content\/uploads\/usu105\/2023\/12\/WhatsApp-Image-2023-12-20-at-13.16.12-1024x581.jpeg 1024w, https:\/\/agora.xtec.cat\/iesmallafre\/wp-content\/uploads\/usu105\/2023\/12\/WhatsApp-Image-2023-12-20-at-13.16.12-768x436.jpeg 768w, https:\/\/agora.xtec.cat\/iesmallafre\/wp-content\/uploads\/usu105\/2023\/12\/WhatsApp-Image-2023-12-20-at-13.16.12-1536x872.jpeg 1536w\" sizes=\"auto, (max-width: 1210px) 100vw, 1210px\" \/><\/a><\/p>\n<p><a href=\"https:\/\/agora.xtec.cat\/iesmallafre\/wp-content\/uploads\/usu105\/2023\/12\/WhatsApp-Image-2023-12-20-at-13.16.57.jpeg\"><img loading=\"lazy\" decoding=\"async\" class=\"wp-image-23212 aligncenter\" src=\"https:\/\/agora.xtec.cat\/iesmallafre\/wp-content\/uploads\/usu105\/2023\/12\/WhatsApp-Image-2023-12-20-at-13.16.57.jpeg\" alt=\"\" width=\"1257\" height=\"1109\" srcset=\"https:\/\/agora.xtec.cat\/iesmallafre\/wp-content\/uploads\/usu105\/2023\/12\/WhatsApp-Image-2023-12-20-at-13.16.57.jpeg 1482w, https:\/\/agora.xtec.cat\/iesmallafre\/wp-content\/uploads\/usu105\/2023\/12\/WhatsApp-Image-2023-12-20-at-13.16.57-300x265.jpeg 300w, https:\/\/agora.xtec.cat\/iesmallafre\/wp-content\/uploads\/usu105\/2023\/12\/WhatsApp-Image-2023-12-20-at-13.16.57-1024x903.jpeg 1024w, https:\/\/agora.xtec.cat\/iesmallafre\/wp-content\/uploads\/usu105\/2023\/12\/WhatsApp-Image-2023-12-20-at-13.16.57-768x677.jpeg 768w\" sizes=\"auto, (max-width: 1257px) 100vw, 1257px\" \/><\/a><\/p>\n","protected":false},"excerpt":{"rendered":"<p>Com \u00e9s tracidi\u00f3 al Mallafr\u00e8 el darrer dia de classes oferim el gran concert de Nadal a c\u00e0rrec de l&#8217;alumnat del centre.<br \/>\nBones festes a tothom!!<br \/>\n<a href=\"https:\/\/agora.xtec.cat\/iesmallafre\/wp-content\/uploads\/usu105\/2023\/12\/WhatsApp-Image-2023-12-20-at-13.09.28.jpeg\"><\/a><br \/>\n<a href=\"https:\/\/agora.xtec.cat\/iesmallafre\/wp-content\/uploads\/usu105\/2023\/12\/WhatsApp-Image-2023-12-20-at-11.15.39.jpeg\"><\/a><br \/>\n<a href=\"https:\/\/agora.xtec.cat\/iesmallafre\/wp-content\/uploads\/usu105\/2023\/12\/WhatsApp-Image-2023-12-20-at-13.03.37.jpeg\"><\/a><br \/>\n<a href=\"https:\/\/agora.xtec.cat\/iesmallafre\/wp-content\/uploads\/usu105\/2023\/12\/WhatsApp-Image-2023-12-20-at-13.16.12.jpeg\"><\/a><br \/>\n<a href=\"https:\/\/agora.xtec.cat\/iesmallafre\/wp-content\/uploads\/usu105\/2023\/12\/WhatsApp-Image-2023-12-20-at-13.16.57.jpeg\"><\/a><\/p>\n","protected":false},"author":16,"featured_media":23218,"comment_status":"open","ping_status":"closed","sticky":false,"template":"","format":"standard","meta":{"_bbp_topic_count":0,"_bbp_reply_count":0,"_bbp_total_topic_count":0,"_bbp_total_reply_count":0,"_bbp_voice_count":0,"_bbp_anonymous_reply_count":0,"_bbp_topic_count_hidden":0,"_bbp_reply_count_hidden":0,"_bbp_forum_subforum_count":0,"footnotes":""},"categories":[8,3,1,29],"tags":[],"class_list":["post-23210","post","type-post","status-publish","format-standard","has-post-thumbnail","hentry","category-batxillerat","category-eso","category-general","category-portada"],"post_mailing_queue_ids":[],"_links":{"self":[{"href":"https:\/\/agora.xtec.cat\/iesmallafre\/wp-json\/wp\/v2\/posts\/23210","targetHints":{"allow":["GET"]}}],"collection":[{"href":"https:\/\/agora.xtec.cat\/iesmallafre\/wp-json\/wp\/v2\/posts"}],"about":[{"href":"https:\/\/agora.xtec.cat\/iesmallafre\/wp-json\/wp\/v2\/types\/post"}],"author":[{"embeddable":true,"href":"https:\/\/agora.xtec.cat\/iesmallafre\/wp-json\/wp\/v2\/users\/16"}],"replies":[{"embeddable":true,"href":"https:\/\/agora.xtec.cat\/iesmallafre\/wp-json\/wp\/v2\/comments?post=23210"}],"version-history":[{"count":1,"href":"https:\/\/agora.xtec.cat\/iesmallafre\/wp-json\/wp\/v2\/posts\/23210\/revisions"}],"predecessor-version":[{"id":23221,"href":"https:\/\/agora.xtec.cat\/iesmallafre\/wp-json\/wp\/v2\/posts\/23210\/revisions\/23221"}],"wp:featuredmedia":[{"embeddable":true,"href":"https:\/\/agora.xtec.cat\/iesmallafre\/wp-json\/wp\/v2\/media\/23218"}],"wp:attachment":[{"href":"https:\/\/agora.xtec.cat\/iesmallafre\/wp-json\/wp\/v2\/media?parent=23210"}],"wp:term":[{"taxonomy":"category","embeddable":true,"href":"https:\/\/agora.xtec.cat\/iesmallafre\/wp-json\/wp\/v2\/categories?post=23210"},{"taxonomy":"post_tag","embeddable":true,"href":"https:\/\/agora.xtec.cat\/iesmallafre\/wp-json\/wp\/v2\/tags?post=23210"}],"curies":[{"name":"wp","href":"https:\/\/api.w.org\/{rel}","templated":true}]}}