{"id":23151,"date":"2023-12-05T12:38:18","date_gmt":"2023-12-05T11:38:18","guid":{"rendered":"https:\/\/agora.xtec.cat\/iesmallafre\/?p=23151"},"modified":"2023-12-13T13:01:12","modified_gmt":"2023-12-13T12:01:12","slug":"campanya-economat-2023","status":"publish","type":"post","link":"https:\/\/agora.xtec.cat\/iesmallafre\/eso\/campanya-economat-2023\/","title":{"rendered":"CAMPANYA ECONOMAT 2023"},"content":{"rendered":"<p>Un any m\u00e9s per aquestes dates, des de les tutories de 3r, s&#8217;ha engegat el\u00a0<b>recapte de productes per l&#8217;<a href=\"https:\/\/www.vilanova.cat\/serveis_a_les_persones\/economat\">Economat\u00a0de Vilanova i la Geltr\u00fa<\/a><\/b>.<\/p>\n<p>Ja hi ha el punt de recollida muntat a l&#8217;entrada, amb la decoraci\u00f3 que ha preparat l&#8217;alumnat a visual i pl\u00e0stica. Els productes que es necessiten enguany s\u00f3n: <b>higiene personal, neteja de la llar i productes per a nadons.<\/b><\/p>\n<p>La campanya estar\u00e0 oberta fins al dia 19 de desembre. Animeu-vos a participar!<\/p>\n<p><a href=\"https:\/\/agora.xtec.cat\/iesmallafre\/wp-content\/uploads\/usu105\/2023\/12\/IMG_0592-rotated.jpg\"><img loading=\"lazy\" decoding=\"async\" class=\"wp-image-23153 aligncenter\" src=\"https:\/\/agora.xtec.cat\/iesmallafre\/wp-content\/uploads\/usu105\/2023\/12\/IMG_0592-rotated.jpg\" alt=\"\" width=\"568\" height=\"758\" srcset=\"https:\/\/agora.xtec.cat\/iesmallafre\/wp-content\/uploads\/usu105\/2023\/12\/IMG_0592-rotated.jpg 1512w, https:\/\/agora.xtec.cat\/iesmallafre\/wp-content\/uploads\/usu105\/2023\/12\/IMG_0592-225x300.jpg 225w, https:\/\/agora.xtec.cat\/iesmallafre\/wp-content\/uploads\/usu105\/2023\/12\/IMG_0592-768x1024.jpg 768w, https:\/\/agora.xtec.cat\/iesmallafre\/wp-content\/uploads\/usu105\/2023\/12\/IMG_0592-1152x1536.jpg 1152w\" sizes=\"auto, (max-width: 568px) 100vw, 568px\" \/><\/a><\/p>\n<p><a href=\"https:\/\/agora.xtec.cat\/iesmallafre\/wp-content\/uploads\/usu105\/2023\/12\/IMG_0593-rotated.jpg\"><img loading=\"lazy\" decoding=\"async\" class=\" wp-image-23162 aligncenter\" src=\"https:\/\/agora.xtec.cat\/iesmallafre\/wp-content\/uploads\/usu105\/2023\/12\/IMG_0593-rotated.jpg\" alt=\"\" width=\"567\" height=\"756\" srcset=\"https:\/\/agora.xtec.cat\/iesmallafre\/wp-content\/uploads\/usu105\/2023\/12\/IMG_0593-rotated.jpg 480w, https:\/\/agora.xtec.cat\/iesmallafre\/wp-content\/uploads\/usu105\/2023\/12\/IMG_0593-225x300.jpg 225w\" sizes=\"auto, (max-width: 567px) 100vw, 567px\" \/><\/a><\/p>\n<p><a href=\"https:\/\/agora.xtec.cat\/iesmallafre\/wp-content\/uploads\/usu105\/2023\/12\/IMG_0594-rotated.jpg\"><img loading=\"lazy\" decoding=\"async\" class=\"wp-image-23154 aligncenter\" src=\"https:\/\/agora.xtec.cat\/iesmallafre\/wp-content\/uploads\/usu105\/2023\/12\/IMG_0594-rotated.jpg\" alt=\"\" width=\"584\" height=\"779\" srcset=\"https:\/\/agora.xtec.cat\/iesmallafre\/wp-content\/uploads\/usu105\/2023\/12\/IMG_0594-rotated.jpg 1512w, https:\/\/agora.xtec.cat\/iesmallafre\/wp-content\/uploads\/usu105\/2023\/12\/IMG_0594-225x300.jpg 225w, https:\/\/agora.xtec.cat\/iesmallafre\/wp-content\/uploads\/usu105\/2023\/12\/IMG_0594-768x1024.jpg 768w, https:\/\/agora.xtec.cat\/iesmallafre\/wp-content\/uploads\/usu105\/2023\/12\/IMG_0594-1152x1536.jpg 1152w\" sizes=\"auto, (max-width: 584px) 100vw, 584px\" \/><\/a><\/p>\n<p>&nbsp;<\/p>\n<p>&nbsp;<\/p>\n<p>&nbsp;<\/p>\n","protected":false},"excerpt":{"rendered":"<p>Un any m\u00e9s per aquestes dates, des de les tutories de 3r, s&#8217;ha engegat el\u00a0recapte de productes per l&#8217;<a href=\"https:\/\/www.vilanova.cat\/serveis_a_les_persones\/economat\">Economat\u00a0de Vilanova i la Geltr\u00fa<\/a>.<br \/>\nJa hi ha el punt de recollida muntat a l&#8217;entrada, amb la decoraci\u00f3 que ha preparat l&#8217;alumnat a visual i pl\u00e0stica. Els&hellip;  <a href=\"https:\/\/agora.xtec.cat\/iesmallafre\/eso\/campanya-economat-2023\/\" title=\"Read CAMPANYA ECONOMAT 2023\">Llegeix m\u00e9s\u00bb<\/a><\/p>\n","protected":false},"author":16,"featured_media":23152,"comment_status":"open","ping_status":"closed","sticky":false,"template":"","format":"standard","meta":{"_bbp_topic_count":0,"_bbp_reply_count":0,"_bbp_total_topic_count":0,"_bbp_total_reply_count":0,"_bbp_voice_count":0,"_bbp_anonymous_reply_count":0,"_bbp_topic_count_hidden":0,"_bbp_reply_count_hidden":0,"_bbp_forum_subforum_count":0,"footnotes":""},"categories":[3,29],"tags":[],"class_list":["post-23151","post","type-post","status-publish","format-standard","has-post-thumbnail","hentry","category-eso","category-portada"],"post_mailing_queue_ids":[],"_links":{"self":[{"href":"https:\/\/agora.xtec.cat\/iesmallafre\/wp-json\/wp\/v2\/posts\/23151","targetHints":{"allow":["GET"]}}],"collection":[{"href":"https:\/\/agora.xtec.cat\/iesmallafre\/wp-json\/wp\/v2\/posts"}],"about":[{"href":"https:\/\/agora.xtec.cat\/iesmallafre\/wp-json\/wp\/v2\/types\/post"}],"author":[{"embeddable":true,"href":"https:\/\/agora.xtec.cat\/iesmallafre\/wp-json\/wp\/v2\/users\/16"}],"replies":[{"embeddable":true,"href":"https:\/\/agora.xtec.cat\/iesmallafre\/wp-json\/wp\/v2\/comments?post=23151"}],"version-history":[{"count":3,"href":"https:\/\/agora.xtec.cat\/iesmallafre\/wp-json\/wp\/v2\/posts\/23151\/revisions"}],"predecessor-version":[{"id":23186,"href":"https:\/\/agora.xtec.cat\/iesmallafre\/wp-json\/wp\/v2\/posts\/23151\/revisions\/23186"}],"wp:featuredmedia":[{"embeddable":true,"href":"https:\/\/agora.xtec.cat\/iesmallafre\/wp-json\/wp\/v2\/media\/23152"}],"wp:attachment":[{"href":"https:\/\/agora.xtec.cat\/iesmallafre\/wp-json\/wp\/v2\/media?parent=23151"}],"wp:term":[{"taxonomy":"category","embeddable":true,"href":"https:\/\/agora.xtec.cat\/iesmallafre\/wp-json\/wp\/v2\/categories?post=23151"},{"taxonomy":"post_tag","embeddable":true,"href":"https:\/\/agora.xtec.cat\/iesmallafre\/wp-json\/wp\/v2\/tags?post=23151"}],"curies":[{"name":"wp","href":"https:\/\/api.w.org\/{rel}","templated":true}]}}