{"id":23118,"date":"2023-12-01T11:54:49","date_gmt":"2023-12-01T10:54:49","guid":{"rendered":"https:\/\/agora.xtec.cat\/iesmallafre\/?p=23118"},"modified":"2023-12-01T12:03:06","modified_gmt":"2023-12-01T11:03:06","slug":"xerrada-sobre-comunicacio-no-violenta","status":"publish","type":"post","link":"https:\/\/agora.xtec.cat\/iesmallafre\/general\/xerrada-sobre-comunicacio-no-violenta\/","title":{"rendered":"Xerrada sobre COMUNICACI\u00d3 NO VIOLENTA"},"content":{"rendered":"<p>L&#8217;AMPA de L&#8217;institut ens fa arribar la seg\u00fcent informaci\u00f3:<\/p>\n<p>El Servei d\u2019Educaci\u00f3 de l\u2019IMET de l\u2019Ajuntament de Vilanova i la Geltr\u00fa us ofereix aquesta xerrada: <strong>\u201cCOMUNICACI\u00d3 NO VIOLENTA\u201d,<\/strong> que tindr\u00e0 lloc en format PRESENCIAL, <u>dimarts 12 de desembre,<\/u> a les<strong> 17.30 fins les 19 hores. <\/strong><\/p>\n<p>Les persones interessades hauran de fer inscripci\u00f3 pr\u00e8via -gratu\u00efta- al seg\u00fcent<a href=\"https:\/\/forms.gle\/SLyZhD7wdXPvrGKZ7\" data-saferedirecturl=\"https:\/\/www.google.com\/url?q=https:\/\/forms.gle\/SLyZhD7wdXPvrGKZ7&amp;source=gmail&amp;ust=1701511962905000&amp;usg=AOvVaw07uhDo1irXIqUWFmSMLb_A\"> formulari<\/a> o a l&#8217;adre\u00e7a de correu electr\u00f2nic <a href=\"http:\/\/clorente@imet.cat\" data-saferedirecturl=\"https:\/\/www.google.com\/url?q=http:\/\/clorente@imet.cat&amp;source=gmail&amp;ust=1701511962905000&amp;usg=AOvVaw1E4ahehzSc4glr58D-KX93\">clorente@imet.cat<\/a>. Les persones inscrites rebran al seu correu la confirmaci\u00f3 de la inscripci\u00f3.<\/p>\n<p>Podeu veure la informaci\u00f3 a la nostra web a trav\u00e9s d\u2019aquest<a href=\"https:\/\/www.imet.cat\/comunicacio\" data-saferedirecturl=\"https:\/\/www.google.com\/url?q=https:\/\/www.imet.cat\/comunicacio&amp;source=gmail&amp;ust=1701511962905000&amp;usg=AOvVaw0OEWS5h1X6Z3bI4yhRYEpu\"> enlla\u00e7.<\/a><\/p>\n<p><a href=\"https:\/\/agora.xtec.cat\/iesmallafre\/wp-content\/uploads\/usu105\/2023\/12\/Difusio.jpg\"><img loading=\"lazy\" decoding=\"async\" class=\"alignnone size-full wp-image-23120\" src=\"https:\/\/agora.xtec.cat\/iesmallafre\/wp-content\/uploads\/usu105\/2023\/12\/Difusio.jpg\" alt=\"\" width=\"2000\" height=\"1600\" srcset=\"https:\/\/agora.xtec.cat\/iesmallafre\/wp-content\/uploads\/usu105\/2023\/12\/Difusio.jpg 2000w, https:\/\/agora.xtec.cat\/iesmallafre\/wp-content\/uploads\/usu105\/2023\/12\/Difusio-300x240.jpg 300w, https:\/\/agora.xtec.cat\/iesmallafre\/wp-content\/uploads\/usu105\/2023\/12\/Difusio-1024x819.jpg 1024w, https:\/\/agora.xtec.cat\/iesmallafre\/wp-content\/uploads\/usu105\/2023\/12\/Difusio-768x614.jpg 768w, https:\/\/agora.xtec.cat\/iesmallafre\/wp-content\/uploads\/usu105\/2023\/12\/Difusio-1536x1229.jpg 1536w\" sizes=\"auto, (max-width: 2000px) 100vw, 2000px\" \/><\/a><\/p>\n","protected":false},"excerpt":{"rendered":"<p>L&#8217;AMPA de L&#8217;institut ens fa arribar la seg\u00fcent informaci\u00f3:<br \/>\nEl Servei d\u2019Educaci\u00f3 de l\u2019IMET de l\u2019Ajuntament de Vilanova i la Geltr\u00fa us ofereix aquesta xerrada: \u201cCOMUNICACI\u00d3 NO VIOLENTA\u201d, que tindr\u00e0 lloc en format PRESENCIAL, dimarts 12 de desembre, a les 17.30 fins les 19 hores.<br \/>\nLes&hellip;  <a href=\"https:\/\/agora.xtec.cat\/iesmallafre\/general\/xerrada-sobre-comunicacio-no-violenta\/\" title=\"Read Xerrada sobre COMUNICACI\u00d3 NO VIOLENTA\">Llegeix m\u00e9s\u00bb<\/a><\/p>\n","protected":false},"author":16,"featured_media":23122,"comment_status":"open","ping_status":"closed","sticky":false,"template":"","format":"standard","meta":{"_bbp_topic_count":0,"_bbp_reply_count":0,"_bbp_total_topic_count":0,"_bbp_total_reply_count":0,"_bbp_voice_count":0,"_bbp_anonymous_reply_count":0,"_bbp_topic_count_hidden":0,"_bbp_reply_count_hidden":0,"_bbp_forum_subforum_count":0,"footnotes":""},"categories":[31,1,29],"tags":[],"class_list":["post-23118","post","type-post","status-publish","format-standard","has-post-thumbnail","hentry","category-ampa","category-general","category-portada"],"post_mailing_queue_ids":[],"_links":{"self":[{"href":"https:\/\/agora.xtec.cat\/iesmallafre\/wp-json\/wp\/v2\/posts\/23118","targetHints":{"allow":["GET"]}}],"collection":[{"href":"https:\/\/agora.xtec.cat\/iesmallafre\/wp-json\/wp\/v2\/posts"}],"about":[{"href":"https:\/\/agora.xtec.cat\/iesmallafre\/wp-json\/wp\/v2\/types\/post"}],"author":[{"embeddable":true,"href":"https:\/\/agora.xtec.cat\/iesmallafre\/wp-json\/wp\/v2\/users\/16"}],"replies":[{"embeddable":true,"href":"https:\/\/agora.xtec.cat\/iesmallafre\/wp-json\/wp\/v2\/comments?post=23118"}],"version-history":[{"count":4,"href":"https:\/\/agora.xtec.cat\/iesmallafre\/wp-json\/wp\/v2\/posts\/23118\/revisions"}],"predecessor-version":[{"id":23131,"href":"https:\/\/agora.xtec.cat\/iesmallafre\/wp-json\/wp\/v2\/posts\/23118\/revisions\/23131"}],"wp:featuredmedia":[{"embeddable":true,"href":"https:\/\/agora.xtec.cat\/iesmallafre\/wp-json\/wp\/v2\/media\/23122"}],"wp:attachment":[{"href":"https:\/\/agora.xtec.cat\/iesmallafre\/wp-json\/wp\/v2\/media?parent=23118"}],"wp:term":[{"taxonomy":"category","embeddable":true,"href":"https:\/\/agora.xtec.cat\/iesmallafre\/wp-json\/wp\/v2\/categories?post=23118"},{"taxonomy":"post_tag","embeddable":true,"href":"https:\/\/agora.xtec.cat\/iesmallafre\/wp-json\/wp\/v2\/tags?post=23118"}],"curies":[{"name":"wp","href":"https:\/\/api.w.org\/{rel}","templated":true}]}}