{"id":23109,"date":"2023-11-28T13:27:22","date_gmt":"2023-11-28T12:27:22","guid":{"rendered":"https:\/\/agora.xtec.cat\/iesmallafre\/?p=23109"},"modified":"2023-11-28T13:27:22","modified_gmt":"2023-11-28T12:27:22","slug":"premis-als-millors-treballs-de-recerca-de-batxillerat","status":"publish","type":"post","link":"https:\/\/agora.xtec.cat\/iesmallafre\/general\/premis-als-millors-treballs-de-recerca-de-batxillerat\/","title":{"rendered":"Premis als millors Treballs de Recerca de Batxillerat"},"content":{"rendered":"<p>El Col\u00b7legi Oficial de Qu\u00edmics de Catalunya ha atorgat el 2n premi de la IV edici\u00f3 dels premis als Treballs de Recerca de Batxillerat a Siscu Valls Gil, exalumne de 2n de Batxillerat del nostre institut pel seu treball: &#8220;An\u00e0lisi de nitrats i nitrits en aig\u00fces del Garraf&#8221;, que estava tutoritzat pel professor Pedro Ib\u00e1\u00f1ez Fern\u00e1ndez.<\/p>\n<p>I en el marc Premis Lalo als millors Treballs de Recerca de Batxillerat de Vilanova i la Geltr\u00fa, el nostre exalumne Oriol Pascual Callejas va obtenir el segon premi en la categoria d&#8217;Arts amb el treball &#8220;Com produir un disc musical en ple segle XXI&#8221; . El treball estava tutoritzat per Joel Carrascosa Blanco.<\/p>\n<p>Enhorabona, Siscu i Oriol! I tamb\u00e9 als tutors de les recerques!<\/p>\n<p><a href=\"https:\/\/agora.xtec.cat\/iesmallafre\/wp-content\/uploads\/usu105\/2023\/11\/WhatsApp-Image-2023-11-28-at-11.17.53.jpeg\"><img loading=\"lazy\" decoding=\"async\" class=\"wp-image-23110 aligncenter\" src=\"https:\/\/agora.xtec.cat\/iesmallafre\/wp-content\/uploads\/usu105\/2023\/11\/WhatsApp-Image-2023-11-28-at-11.17.53.jpeg\" alt=\"\" width=\"589\" height=\"442\" srcset=\"https:\/\/agora.xtec.cat\/iesmallafre\/wp-content\/uploads\/usu105\/2023\/11\/WhatsApp-Image-2023-11-28-at-11.17.53.jpeg 2048w, https:\/\/agora.xtec.cat\/iesmallafre\/wp-content\/uploads\/usu105\/2023\/11\/WhatsApp-Image-2023-11-28-at-11.17.53-300x225.jpeg 300w, https:\/\/agora.xtec.cat\/iesmallafre\/wp-content\/uploads\/usu105\/2023\/11\/WhatsApp-Image-2023-11-28-at-11.17.53-1024x768.jpeg 1024w, https:\/\/agora.xtec.cat\/iesmallafre\/wp-content\/uploads\/usu105\/2023\/11\/WhatsApp-Image-2023-11-28-at-11.17.53-768x576.jpeg 768w, https:\/\/agora.xtec.cat\/iesmallafre\/wp-content\/uploads\/usu105\/2023\/11\/WhatsApp-Image-2023-11-28-at-11.17.53-1536x1152.jpeg 1536w, https:\/\/agora.xtec.cat\/iesmallafre\/wp-content\/uploads\/usu105\/2023\/11\/WhatsApp-Image-2023-11-28-at-11.17.53-200x150.jpeg 200w\" sizes=\"auto, (max-width: 589px) 100vw, 589px\" \/><\/a><\/p>\n<p><a href=\"https:\/\/agora.xtec.cat\/iesmallafre\/wp-content\/uploads\/usu105\/2023\/11\/WhatsApp-Image-2023-11-28-at-11.18.25.jpeg\"><img loading=\"lazy\" decoding=\"async\" class=\"wp-image-23111 aligncenter\" src=\"https:\/\/agora.xtec.cat\/iesmallafre\/wp-content\/uploads\/usu105\/2023\/11\/WhatsApp-Image-2023-11-28-at-11.18.25.jpeg\" alt=\"\" width=\"585\" height=\"281\" srcset=\"https:\/\/agora.xtec.cat\/iesmallafre\/wp-content\/uploads\/usu105\/2023\/11\/WhatsApp-Image-2023-11-28-at-11.18.25.jpeg 1600w, https:\/\/agora.xtec.cat\/iesmallafre\/wp-content\/uploads\/usu105\/2023\/11\/WhatsApp-Image-2023-11-28-at-11.18.25-300x144.jpeg 300w, https:\/\/agora.xtec.cat\/iesmallafre\/wp-content\/uploads\/usu105\/2023\/11\/WhatsApp-Image-2023-11-28-at-11.18.25-1024x492.jpeg 1024w, https:\/\/agora.xtec.cat\/iesmallafre\/wp-content\/uploads\/usu105\/2023\/11\/WhatsApp-Image-2023-11-28-at-11.18.25-768x369.jpeg 768w, https:\/\/agora.xtec.cat\/iesmallafre\/wp-content\/uploads\/usu105\/2023\/11\/WhatsApp-Image-2023-11-28-at-11.18.25-1536x737.jpeg 1536w\" sizes=\"auto, (max-width: 585px) 100vw, 585px\" \/><\/a><\/p>\n<p>&nbsp;<\/p>\n<p>&nbsp;<\/p>\n","protected":false},"excerpt":{"rendered":"<p>El Col\u00b7legi Oficial de Qu\u00edmics de Catalunya ha atorgat el 2n premi de la IV edici\u00f3 dels premis als Treballs de Recerca de Batxillerat a Siscu Valls Gil, exalumne de 2n de Batxillerat del nostre institut pel seu treball: &#8220;An\u00e0lisi de nitrats i nitrits en&hellip;  <a href=\"https:\/\/agora.xtec.cat\/iesmallafre\/general\/premis-als-millors-treballs-de-recerca-de-batxillerat\/\" title=\"Read Premis als millors Treballs de Recerca de Batxillerat\">Llegeix m\u00e9s\u00bb<\/a><\/p>\n","protected":false},"author":16,"featured_media":23112,"comment_status":"open","ping_status":"closed","sticky":false,"template":"","format":"standard","meta":{"_bbp_topic_count":0,"_bbp_reply_count":0,"_bbp_total_topic_count":0,"_bbp_total_reply_count":0,"_bbp_voice_count":0,"_bbp_anonymous_reply_count":0,"_bbp_topic_count_hidden":0,"_bbp_reply_count_hidden":0,"_bbp_forum_subforum_count":0,"footnotes":""},"categories":[8,1,29],"tags":[],"class_list":["post-23109","post","type-post","status-publish","format-standard","has-post-thumbnail","hentry","category-batxillerat","category-general","category-portada"],"post_mailing_queue_ids":[],"_links":{"self":[{"href":"https:\/\/agora.xtec.cat\/iesmallafre\/wp-json\/wp\/v2\/posts\/23109","targetHints":{"allow":["GET"]}}],"collection":[{"href":"https:\/\/agora.xtec.cat\/iesmallafre\/wp-json\/wp\/v2\/posts"}],"about":[{"href":"https:\/\/agora.xtec.cat\/iesmallafre\/wp-json\/wp\/v2\/types\/post"}],"author":[{"embeddable":true,"href":"https:\/\/agora.xtec.cat\/iesmallafre\/wp-json\/wp\/v2\/users\/16"}],"replies":[{"embeddable":true,"href":"https:\/\/agora.xtec.cat\/iesmallafre\/wp-json\/wp\/v2\/comments?post=23109"}],"version-history":[{"count":4,"href":"https:\/\/agora.xtec.cat\/iesmallafre\/wp-json\/wp\/v2\/posts\/23109\/revisions"}],"predecessor-version":[{"id":23117,"href":"https:\/\/agora.xtec.cat\/iesmallafre\/wp-json\/wp\/v2\/posts\/23109\/revisions\/23117"}],"wp:featuredmedia":[{"embeddable":true,"href":"https:\/\/agora.xtec.cat\/iesmallafre\/wp-json\/wp\/v2\/media\/23112"}],"wp:attachment":[{"href":"https:\/\/agora.xtec.cat\/iesmallafre\/wp-json\/wp\/v2\/media?parent=23109"}],"wp:term":[{"taxonomy":"category","embeddable":true,"href":"https:\/\/agora.xtec.cat\/iesmallafre\/wp-json\/wp\/v2\/categories?post=23109"},{"taxonomy":"post_tag","embeddable":true,"href":"https:\/\/agora.xtec.cat\/iesmallafre\/wp-json\/wp\/v2\/tags?post=23109"}],"curies":[{"name":"wp","href":"https:\/\/api.w.org\/{rel}","templated":true}]}}