{"id":23074,"date":"2023-11-24T11:59:04","date_gmt":"2023-11-24T10:59:04","guid":{"rendered":"https:\/\/agora.xtec.cat\/iesmallafre\/?p=23074"},"modified":"2023-11-24T12:17:56","modified_gmt":"2023-11-24T11:17:56","slug":"visita-a-la-preso-model-a-barcelona","status":"publish","type":"post","link":"https:\/\/agora.xtec.cat\/iesmallafre\/general\/visita-a-la-preso-model-a-barcelona\/","title":{"rendered":"Visita a la pres\u00f3 Model a Barcelona"},"content":{"rendered":"<p>L&#8217;alumnat de la mat\u00e8ria optativa de Problem\u00e0tiques Socials que s&#8217;imparteix a 1r de Batxillerat van visitar el passat dimarts 21 de novembre la pres\u00f3 <span class=\"il\">Model<\/span> a Barcelona. Una pres\u00f3 feta museu que rememora la hist\u00f2ria del pa\u00eds des d&#8217;una perspectiva social i de g\u00e8nere.<\/p>\n<p>L&#8217;alumnat va poder reconstruir la quotidianitat de la pres\u00f3 des de 1904 fins al 2017, quan va tancar les portes als presoners per esdevenir un espai obert a la ciutadania.<\/p>\n<p><a href=\"https:\/\/agora.xtec.cat\/iesmallafre\/wp-content\/uploads\/usu105\/2023\/11\/20231121_115834-rotated.jpg\"><img loading=\"lazy\" decoding=\"async\" class=\"wp-image-23081 aligncenter\" src=\"https:\/\/agora.xtec.cat\/iesmallafre\/wp-content\/uploads\/usu105\/2023\/11\/20231121_115834-rotated.jpg\" alt=\"\" width=\"521\" height=\"695\" srcset=\"https:\/\/agora.xtec.cat\/iesmallafre\/wp-content\/uploads\/usu105\/2023\/11\/20231121_115834-rotated.jpg 1575w, https:\/\/agora.xtec.cat\/iesmallafre\/wp-content\/uploads\/usu105\/2023\/11\/20231121_115834-225x300.jpg 225w, https:\/\/agora.xtec.cat\/iesmallafre\/wp-content\/uploads\/usu105\/2023\/11\/20231121_115834-768x1024.jpg 768w, https:\/\/agora.xtec.cat\/iesmallafre\/wp-content\/uploads\/usu105\/2023\/11\/20231121_115834-1152x1536.jpg 1152w, https:\/\/agora.xtec.cat\/iesmallafre\/wp-content\/uploads\/usu105\/2023\/11\/20231121_115834-1536x2048.jpg 1536w\" sizes=\"auto, (max-width: 521px) 100vw, 521px\" \/><\/a><\/p>\n<p><a href=\"https:\/\/agora.xtec.cat\/iesmallafre\/wp-content\/uploads\/usu105\/2023\/11\/20231121_105716-rotated.jpg\"><img loading=\"lazy\" decoding=\"async\" class=\"wp-image-23080 aligncenter\" src=\"https:\/\/agora.xtec.cat\/iesmallafre\/wp-content\/uploads\/usu105\/2023\/11\/20231121_105716-rotated.jpg\" alt=\"\" width=\"584\" height=\"779\" srcset=\"https:\/\/agora.xtec.cat\/iesmallafre\/wp-content\/uploads\/usu105\/2023\/11\/20231121_105716-rotated.jpg 1575w, https:\/\/agora.xtec.cat\/iesmallafre\/wp-content\/uploads\/usu105\/2023\/11\/20231121_105716-225x300.jpg 225w, https:\/\/agora.xtec.cat\/iesmallafre\/wp-content\/uploads\/usu105\/2023\/11\/20231121_105716-768x1024.jpg 768w, https:\/\/agora.xtec.cat\/iesmallafre\/wp-content\/uploads\/usu105\/2023\/11\/20231121_105716-1152x1536.jpg 1152w, https:\/\/agora.xtec.cat\/iesmallafre\/wp-content\/uploads\/usu105\/2023\/11\/20231121_105716-1536x2048.jpg 1536w\" sizes=\"auto, (max-width: 584px) 100vw, 584px\" \/><\/a><\/p>\n<p><a href=\"https:\/\/agora.xtec.cat\/iesmallafre\/wp-content\/uploads\/usu105\/2023\/11\/WhatsApp-Image-2023-11-23-at-13.24.23-2.jpeg\"><img loading=\"lazy\" decoding=\"async\" class=\"wp-image-23076 aligncenter\" src=\"https:\/\/agora.xtec.cat\/iesmallafre\/wp-content\/uploads\/usu105\/2023\/11\/WhatsApp-Image-2023-11-23-at-13.24.23-2.jpeg\" alt=\"\" width=\"616\" height=\"464\" srcset=\"https:\/\/agora.xtec.cat\/iesmallafre\/wp-content\/uploads\/usu105\/2023\/11\/WhatsApp-Image-2023-11-23-at-13.24.23-2.jpeg 2040w, https:\/\/agora.xtec.cat\/iesmallafre\/wp-content\/uploads\/usu105\/2023\/11\/WhatsApp-Image-2023-11-23-at-13.24.23-2-300x226.jpeg 300w, https:\/\/agora.xtec.cat\/iesmallafre\/wp-content\/uploads\/usu105\/2023\/11\/WhatsApp-Image-2023-11-23-at-13.24.23-2-1024x771.jpeg 1024w, https:\/\/agora.xtec.cat\/iesmallafre\/wp-content\/uploads\/usu105\/2023\/11\/WhatsApp-Image-2023-11-23-at-13.24.23-2-768x578.jpeg 768w, https:\/\/agora.xtec.cat\/iesmallafre\/wp-content\/uploads\/usu105\/2023\/11\/WhatsApp-Image-2023-11-23-at-13.24.23-2-1536x1157.jpeg 1536w, https:\/\/agora.xtec.cat\/iesmallafre\/wp-content\/uploads\/usu105\/2023\/11\/WhatsApp-Image-2023-11-23-at-13.24.23-2-200x150.jpeg 200w\" sizes=\"auto, (max-width: 616px) 100vw, 616px\" \/><\/a><\/p>\n<p><a href=\"https:\/\/agora.xtec.cat\/iesmallafre\/wp-content\/uploads\/usu105\/2023\/11\/20231121_121314-rotated.jpg\"><img loading=\"lazy\" decoding=\"async\" class=\"wp-image-23078 aligncenter\" src=\"https:\/\/agora.xtec.cat\/iesmallafre\/wp-content\/uploads\/usu105\/2023\/11\/20231121_121314-rotated.jpg\" alt=\"\" width=\"608\" height=\"811\" srcset=\"https:\/\/agora.xtec.cat\/iesmallafre\/wp-content\/uploads\/usu105\/2023\/11\/20231121_121314-rotated.jpg 1500w, https:\/\/agora.xtec.cat\/iesmallafre\/wp-content\/uploads\/usu105\/2023\/11\/20231121_121314-225x300.jpg 225w, https:\/\/agora.xtec.cat\/iesmallafre\/wp-content\/uploads\/usu105\/2023\/11\/20231121_121314-768x1024.jpg 768w, https:\/\/agora.xtec.cat\/iesmallafre\/wp-content\/uploads\/usu105\/2023\/11\/20231121_121314-1152x1536.jpg 1152w\" sizes=\"auto, (max-width: 608px) 100vw, 608px\" \/><\/a><\/p>\n<p><a href=\"https:\/\/agora.xtec.cat\/iesmallafre\/wp-content\/uploads\/usu105\/2023\/11\/20231121_121231-rotated.jpg\"><img loading=\"lazy\" decoding=\"async\" class=\"wp-image-23077 aligncenter\" src=\"https:\/\/agora.xtec.cat\/iesmallafre\/wp-content\/uploads\/usu105\/2023\/11\/20231121_121231-rotated.jpg\" alt=\"\" width=\"593\" height=\"791\" srcset=\"https:\/\/agora.xtec.cat\/iesmallafre\/wp-content\/uploads\/usu105\/2023\/11\/20231121_121231-rotated.jpg 1575w, https:\/\/agora.xtec.cat\/iesmallafre\/wp-content\/uploads\/usu105\/2023\/11\/20231121_121231-225x300.jpg 225w, https:\/\/agora.xtec.cat\/iesmallafre\/wp-content\/uploads\/usu105\/2023\/11\/20231121_121231-768x1024.jpg 768w, https:\/\/agora.xtec.cat\/iesmallafre\/wp-content\/uploads\/usu105\/2023\/11\/20231121_121231-1152x1536.jpg 1152w, https:\/\/agora.xtec.cat\/iesmallafre\/wp-content\/uploads\/usu105\/2023\/11\/20231121_121231-1536x2048.jpg 1536w\" sizes=\"auto, (max-width: 593px) 100vw, 593px\" \/><\/a><\/p>\n<p><a href=\"https:\/\/agora.xtec.cat\/iesmallafre\/wp-content\/uploads\/usu105\/2023\/11\/WhatsApp-Image-2023-11-23-at-13.24.19.jpeg\"><img loading=\"lazy\" decoding=\"async\" class=\"wp-image-23075 aligncenter\" src=\"https:\/\/agora.xtec.cat\/iesmallafre\/wp-content\/uploads\/usu105\/2023\/11\/WhatsApp-Image-2023-11-23-at-13.24.19.jpeg\" alt=\"\" width=\"648\" height=\"488\" srcset=\"https:\/\/agora.xtec.cat\/iesmallafre\/wp-content\/uploads\/usu105\/2023\/11\/WhatsApp-Image-2023-11-23-at-13.24.19.jpeg 2040w, https:\/\/agora.xtec.cat\/iesmallafre\/wp-content\/uploads\/usu105\/2023\/11\/WhatsApp-Image-2023-11-23-at-13.24.19-300x226.jpeg 300w, https:\/\/agora.xtec.cat\/iesmallafre\/wp-content\/uploads\/usu105\/2023\/11\/WhatsApp-Image-2023-11-23-at-13.24.19-1024x771.jpeg 1024w, https:\/\/agora.xtec.cat\/iesmallafre\/wp-content\/uploads\/usu105\/2023\/11\/WhatsApp-Image-2023-11-23-at-13.24.19-768x578.jpeg 768w, https:\/\/agora.xtec.cat\/iesmallafre\/wp-content\/uploads\/usu105\/2023\/11\/WhatsApp-Image-2023-11-23-at-13.24.19-1536x1157.jpeg 1536w, https:\/\/agora.xtec.cat\/iesmallafre\/wp-content\/uploads\/usu105\/2023\/11\/WhatsApp-Image-2023-11-23-at-13.24.19-200x150.jpeg 200w\" sizes=\"auto, (max-width: 648px) 100vw, 648px\" \/><\/a><\/p>\n<p>&nbsp;<\/p>\n","protected":false},"excerpt":{"rendered":"<p>L&#8217;alumnat de la mat\u00e8ria optativa de Problem\u00e0tiques Socials que s&#8217;imparteix a 1r de Batxillerat van visitar el passat dimarts 21 de novembre la pres\u00f3 Model a Barcelona. Una pres\u00f3 feta museu que rememora la hist\u00f2ria del pa\u00eds des d&#8217;una perspectiva social i de g\u00e8nere.<br \/>\nL&#8217;alumnat va&hellip;  <a href=\"https:\/\/agora.xtec.cat\/iesmallafre\/general\/visita-a-la-preso-model-a-barcelona\/\" title=\"Read Visita a la pres\u00f3 Model a Barcelona\">Llegeix m\u00e9s\u00bb<\/a><\/p>\n","protected":false},"author":16,"featured_media":23079,"comment_status":"open","ping_status":"closed","sticky":false,"template":"","format":"standard","meta":{"_bbp_topic_count":0,"_bbp_reply_count":0,"_bbp_total_topic_count":0,"_bbp_total_reply_count":0,"_bbp_voice_count":0,"_bbp_anonymous_reply_count":0,"_bbp_topic_count_hidden":0,"_bbp_reply_count_hidden":0,"_bbp_forum_subforum_count":0,"footnotes":""},"categories":[8,1,29],"tags":[],"class_list":["post-23074","post","type-post","status-publish","format-standard","has-post-thumbnail","hentry","category-batxillerat","category-general","category-portada"],"post_mailing_queue_ids":[],"_links":{"self":[{"href":"https:\/\/agora.xtec.cat\/iesmallafre\/wp-json\/wp\/v2\/posts\/23074","targetHints":{"allow":["GET"]}}],"collection":[{"href":"https:\/\/agora.xtec.cat\/iesmallafre\/wp-json\/wp\/v2\/posts"}],"about":[{"href":"https:\/\/agora.xtec.cat\/iesmallafre\/wp-json\/wp\/v2\/types\/post"}],"author":[{"embeddable":true,"href":"https:\/\/agora.xtec.cat\/iesmallafre\/wp-json\/wp\/v2\/users\/16"}],"replies":[{"embeddable":true,"href":"https:\/\/agora.xtec.cat\/iesmallafre\/wp-json\/wp\/v2\/comments?post=23074"}],"version-history":[{"count":2,"href":"https:\/\/agora.xtec.cat\/iesmallafre\/wp-json\/wp\/v2\/posts\/23074\/revisions"}],"predecessor-version":[{"id":23083,"href":"https:\/\/agora.xtec.cat\/iesmallafre\/wp-json\/wp\/v2\/posts\/23074\/revisions\/23083"}],"wp:featuredmedia":[{"embeddable":true,"href":"https:\/\/agora.xtec.cat\/iesmallafre\/wp-json\/wp\/v2\/media\/23079"}],"wp:attachment":[{"href":"https:\/\/agora.xtec.cat\/iesmallafre\/wp-json\/wp\/v2\/media?parent=23074"}],"wp:term":[{"taxonomy":"category","embeddable":true,"href":"https:\/\/agora.xtec.cat\/iesmallafre\/wp-json\/wp\/v2\/categories?post=23074"},{"taxonomy":"post_tag","embeddable":true,"href":"https:\/\/agora.xtec.cat\/iesmallafre\/wp-json\/wp\/v2\/tags?post=23074"}],"curies":[{"name":"wp","href":"https:\/\/api.w.org\/{rel}","templated":true}]}}