{"id":23038,"date":"2023-11-10T11:48:59","date_gmt":"2023-11-10T10:48:59","guid":{"rendered":"https:\/\/agora.xtec.cat\/iesmallafre\/?p=23038"},"modified":"2023-11-17T12:19:51","modified_gmt":"2023-11-17T11:19:51","slug":"eleccions-al-consell-escolar","status":"publish","type":"post","link":"https:\/\/agora.xtec.cat\/iesmallafre\/portada\/eleccions-al-consell-escolar\/","title":{"rendered":"ELECCIONS AL CONSELL ESCOLAR"},"content":{"rendered":"<p><strong><a href=\"https:\/\/agora.xtec.cat\/iesmallafre\/wp-content\/uploads\/usu105\/2023\/11\/eleccions-consell-escolar-scaled.jpg\"><img loading=\"lazy\" decoding=\"async\" class=\"wp-image-23039 alignleft\" src=\"https:\/\/agora.xtec.cat\/iesmallafre\/wp-content\/uploads\/usu105\/2023\/11\/eleccions-consell-escolar-scaled.jpg\" alt=\"\" width=\"302\" height=\"427\" srcset=\"https:\/\/agora.xtec.cat\/iesmallafre\/wp-content\/uploads\/usu105\/2023\/11\/eleccions-consell-escolar-scaled.jpg 1810w, https:\/\/agora.xtec.cat\/iesmallafre\/wp-content\/uploads\/usu105\/2023\/11\/eleccions-consell-escolar-212x300.jpg 212w, https:\/\/agora.xtec.cat\/iesmallafre\/wp-content\/uploads\/usu105\/2023\/11\/eleccions-consell-escolar-724x1024.jpg 724w, https:\/\/agora.xtec.cat\/iesmallafre\/wp-content\/uploads\/usu105\/2023\/11\/eleccions-consell-escolar-768x1086.jpg 768w, https:\/\/agora.xtec.cat\/iesmallafre\/wp-content\/uploads\/usu105\/2023\/11\/eleccions-consell-escolar-1086x1536.jpg 1086w, https:\/\/agora.xtec.cat\/iesmallafre\/wp-content\/uploads\/usu105\/2023\/11\/eleccions-consell-escolar-1448x2048.jpg 1448w\" sizes=\"auto, (max-width: 302px) 100vw, 302px\" \/><\/a><\/strong><strong>Qu\u00e8 \u00e9s el Consell Escolar?<\/strong>\u00a0\u00c9s l&#8217;\u00f2rgan col\u00b7legiat de participaci\u00f3\u00a0de la comunitat escolar en el govern del centre.<\/p>\n<p><strong>Qui hi ha representat?\u00a0<\/strong>Hi ha representats tots els col\u00b7lectius que intervenen en la comunitat educativa: director o directora, professorat, alumnes, personal d&#8217;administraci\u00f3 i serveis, etc. Els\u00a0membres del consell escolar s\u00f3n elegits per un per\u00edode de quatre anys i es renoven per meitats cada dos anys.<\/p>\n<p><strong>Quines funcions t\u00e9?<\/strong>\u00a0En els centres p\u00fablics la seva funci\u00f3 principal \u00e9s la de participar en la\u00a0<strong>presa de decisions<\/strong>\u00a0en relaci\u00f3 amb aquells temes importants per al funcionament i l\u2019organitzaci\u00f3 del centre com ara, el projecte educatiu, la programaci\u00f3 general o la gesti\u00f3 econ\u00f2mica, entre altres aspectes.<\/p>\n<p>&nbsp;<\/p>\n<p>&nbsp;<\/p>\n<p>&nbsp;<\/p>\n<p><span style=\"color: #000000;\">Els llocs a cobrir s\u00f3n:<\/span><\/p>\n<ul>\n<li><span style=\"color: #000000;\">1 de pares, mares i tutors\/es legals d&#8217;alumnes<\/span><\/li>\n<li><span style=\"color: #000000;\">3 d&#8217;alumnat<\/span><\/li>\n<li><span style=\"color: #000000;\">3 de professorat<\/span><\/li>\n<li><span style=\"color: #000000;\">1 de PAS<\/span><\/li>\n<li><span style=\"color: #000000;\">1 de PAE<\/span><\/li>\n<\/ul>\n<p><a href=\"https:\/\/agora.xtec.cat\/iesmallafre\/wp-content\/uploads\/usu105\/2023\/11\/Candidatures-eleccions-Consell-Escolar-2023.pdf\">Candidatures eleccions Consell Escolar 2023<\/a><\/p>\n<p>El c<span style=\"color: #000000;\">alendari previst \u00e9s el seg\u00fcent:<\/span><\/p>\n<p><b><span style=\"color: #0000ff;\">Del 17 al 22\/23 de novembre<\/span>\u00a0per\u00edode per donar a con\u00e8ixer les candidatures<\/b><\/p>\n<p><b><span style=\"color: #0000ff;\">Dimecres 22 de novembre:<\/span>\u00a0votaci\u00f3 del PAS, PAE, Professorat i Fam\u00edlies<\/b><\/p>\n<ul>\n<li><b><span style=\"color: #0000ff;\">14.00- 18.00<\/span><span style=\"color: #500050;\">\u00a0Pares, mares i tutors\/es legals<\/span><\/b><\/li>\n<li><b><span style=\"color: #0000ff;\">15.30- 16.00<\/span><span style=\"color: #500050;\">\u00a0Professorat i\u00a0<\/span>PAE<\/b><\/li>\n<li><b><span style=\"color: #0000ff;\">15.00- 15.15\u00a0<\/span><span style=\"color: #500050;\">PAS<\/span><\/b><\/li>\n<\/ul>\n<p><b><span style=\"color: #0000ff;\">Dijous 23 de novembre<\/span>: votaci\u00f3 de l&#8217;alumnat. De 9.00h a 13.35h<\/b><\/p>\n<p>&nbsp;<\/p>\n<p><strong>Us animem perqu\u00e8 us presenteu per ocupar alguna de les places vacants en cada sector\u00a0i a participar amb el vostre vot, que ser\u00e0 presencial.\u00a0 <\/strong><\/p>\n<p>&nbsp;<\/p>\n<p>&nbsp;<\/p>\n<p>&nbsp;<\/p>\n","protected":false},"excerpt":{"rendered":"<p><a href=\"https:\/\/agora.xtec.cat\/iesmallafre\/wp-content\/uploads\/usu105\/2023\/11\/eleccions-consell-escolar-scaled.jpg\"><\/a>Qu\u00e8 \u00e9s el Consell Escolar?\u00a0\u00c9s l&#8217;\u00f2rgan col\u00b7legiat de participaci\u00f3\u00a0de la comunitat escolar en el govern del centre.<br \/>\nQui hi ha representat?\u00a0Hi ha representats tots els col\u00b7lectius que intervenen en la comunitat educativa: director o directora, professorat, alumnes, personal d&#8217;administraci\u00f3 i serveis, etc. Els\u00a0membres del consell&hellip;  <a href=\"https:\/\/agora.xtec.cat\/iesmallafre\/portada\/eleccions-al-consell-escolar\/\" title=\"Read ELECCIONS AL CONSELL ESCOLAR\">Llegeix m\u00e9s\u00bb<\/a><\/p>\n","protected":false},"author":16,"featured_media":23042,"comment_status":"open","ping_status":"closed","sticky":false,"template":"","format":"standard","meta":{"_bbp_topic_count":0,"_bbp_reply_count":0,"_bbp_total_topic_count":0,"_bbp_total_reply_count":0,"_bbp_voice_count":0,"_bbp_anonymous_reply_count":0,"_bbp_topic_count_hidden":0,"_bbp_reply_count_hidden":0,"_bbp_forum_subforum_count":0,"footnotes":""},"categories":[29],"tags":[],"class_list":["post-23038","post","type-post","status-publish","format-standard","has-post-thumbnail","hentry","category-portada"],"post_mailing_queue_ids":[],"_links":{"self":[{"href":"https:\/\/agora.xtec.cat\/iesmallafre\/wp-json\/wp\/v2\/posts\/23038","targetHints":{"allow":["GET"]}}],"collection":[{"href":"https:\/\/agora.xtec.cat\/iesmallafre\/wp-json\/wp\/v2\/posts"}],"about":[{"href":"https:\/\/agora.xtec.cat\/iesmallafre\/wp-json\/wp\/v2\/types\/post"}],"author":[{"embeddable":true,"href":"https:\/\/agora.xtec.cat\/iesmallafre\/wp-json\/wp\/v2\/users\/16"}],"replies":[{"embeddable":true,"href":"https:\/\/agora.xtec.cat\/iesmallafre\/wp-json\/wp\/v2\/comments?post=23038"}],"version-history":[{"count":5,"href":"https:\/\/agora.xtec.cat\/iesmallafre\/wp-json\/wp\/v2\/posts\/23038\/revisions"}],"predecessor-version":[{"id":23060,"href":"https:\/\/agora.xtec.cat\/iesmallafre\/wp-json\/wp\/v2\/posts\/23038\/revisions\/23060"}],"wp:featuredmedia":[{"embeddable":true,"href":"https:\/\/agora.xtec.cat\/iesmallafre\/wp-json\/wp\/v2\/media\/23042"}],"wp:attachment":[{"href":"https:\/\/agora.xtec.cat\/iesmallafre\/wp-json\/wp\/v2\/media?parent=23038"}],"wp:term":[{"taxonomy":"category","embeddable":true,"href":"https:\/\/agora.xtec.cat\/iesmallafre\/wp-json\/wp\/v2\/categories?post=23038"},{"taxonomy":"post_tag","embeddable":true,"href":"https:\/\/agora.xtec.cat\/iesmallafre\/wp-json\/wp\/v2\/tags?post=23038"}],"curies":[{"name":"wp","href":"https:\/\/api.w.org\/{rel}","templated":true}]}}