{"id":23029,"date":"2023-11-08T12:40:36","date_gmt":"2023-11-08T11:40:36","guid":{"rendered":"https:\/\/agora.xtec.cat\/iesmallafre\/?p=23029"},"modified":"2023-11-08T12:44:04","modified_gmt":"2023-11-08T11:44:04","slug":"selectivitat-2023-reconeixement-de-distincio-de-les-pau","status":"publish","type":"post","link":"https:\/\/agora.xtec.cat\/iesmallafre\/general\/selectivitat-2023-reconeixement-de-distincio-de-les-pau\/","title":{"rendered":"Selectivitat 2023: reconeixement de Distinci\u00f3 de les PAU"},"content":{"rendered":"<div class=\"wrapper-content-new mt-0responsive40\">\n<div>\n<div>\n<div class=\"wrappers-sections basic_text pt-60 bg-white \">\n<div class=\"container pb-40responsive20\">\n<div class=\"row\">\n<div class=\"col-lg-7\">\n<div class=\"ckeditor wrapper-basic-text color-black fs-21 fw-500\">\n<p>El passat dissabte 5 de novembre el President de la Generalitat i els consellers d&#8217;universitat i educaci\u00f3 van lliurar els diplomes de reconeixement a l&#8217;alumnat que ha tret <strong>una nota igual o superior a 9 a les proves d\u2019acc\u00e9s universitari (PAU) que es van fer al juny. <\/strong><\/p>\n<p>Aquest reconeixement, que concedeix el Consell Interuniversitari de Catalunya des de l\u2019any 2001, s\u2019atorga anualment per recon\u00e8ixer p\u00fablicament l&#8217;esfor\u00e7 dels estudiants, aix\u00ed com la seva bona preparaci\u00f3 en la realitzaci\u00f3 de les Proves d&#8217;Acc\u00e9s a la Universitat (PAU).<\/p>\n<\/div>\n<p>Aquest any, dos alumnes del nostre institut han rebut la<em> Distinci\u00f3 PAU. S\u00f3n <\/em>la Laura Guitart Ma\u00f1\u00e9 i el Mario Amills Aguilar. Aqu\u00ed podeu veure el Mario acompanyat de la seva mare amb el diploma i un moment del lliurament amb les auroritats.<\/p>\n<p>Enhorabona pel reconeixement rebut Laura i Mario, i molta sort en la vostra aventura universit\u00e0ria!<\/p>\n<p><a href=\"https:\/\/agora.xtec.cat\/iesmallafre\/wp-content\/uploads\/usu105\/2023\/11\/WhatsApp-Image-2023-11-08-at-09.28.20.jpeg\"><img loading=\"lazy\" decoding=\"async\" class=\"wp-image-23032 aligncenter\" src=\"https:\/\/agora.xtec.cat\/iesmallafre\/wp-content\/uploads\/usu105\/2023\/11\/WhatsApp-Image-2023-11-08-at-09.28.20.jpeg\" alt=\"\" width=\"756\" height=\"1143\" srcset=\"https:\/\/agora.xtec.cat\/iesmallafre\/wp-content\/uploads\/usu105\/2023\/11\/WhatsApp-Image-2023-11-08-at-09.28.20.jpeg 1327w, https:\/\/agora.xtec.cat\/iesmallafre\/wp-content\/uploads\/usu105\/2023\/11\/WhatsApp-Image-2023-11-08-at-09.28.20-198x300.jpeg 198w, https:\/\/agora.xtec.cat\/iesmallafre\/wp-content\/uploads\/usu105\/2023\/11\/WhatsApp-Image-2023-11-08-at-09.28.20-677x1024.jpeg 677w, https:\/\/agora.xtec.cat\/iesmallafre\/wp-content\/uploads\/usu105\/2023\/11\/WhatsApp-Image-2023-11-08-at-09.28.20-768x1162.jpeg 768w, https:\/\/agora.xtec.cat\/iesmallafre\/wp-content\/uploads\/usu105\/2023\/11\/WhatsApp-Image-2023-11-08-at-09.28.20-1016x1536.jpeg 1016w\" sizes=\"auto, (max-width: 756px) 100vw, 756px\" \/><\/a><\/p>\n<div class=\"ckeditor wrapper-basic-text color-black fs-21 fw-500\">\n<p><a href=\"https:\/\/agora.xtec.cat\/iesmallafre\/wp-content\/uploads\/usu105\/2023\/11\/WhatsApp-Image-2023-11-08-at-09.27.57.jpeg\"><img loading=\"lazy\" decoding=\"async\" class=\"wp-image-23033 aligncenter\" src=\"https:\/\/agora.xtec.cat\/iesmallafre\/wp-content\/uploads\/usu105\/2023\/11\/WhatsApp-Image-2023-11-08-at-09.27.57.jpeg\" alt=\"\" width=\"755\" height=\"1006\" srcset=\"https:\/\/agora.xtec.cat\/iesmallafre\/wp-content\/uploads\/usu105\/2023\/11\/WhatsApp-Image-2023-11-08-at-09.27.57.jpeg 1200w, https:\/\/agora.xtec.cat\/iesmallafre\/wp-content\/uploads\/usu105\/2023\/11\/WhatsApp-Image-2023-11-08-at-09.27.57-225x300.jpeg 225w, https:\/\/agora.xtec.cat\/iesmallafre\/wp-content\/uploads\/usu105\/2023\/11\/WhatsApp-Image-2023-11-08-at-09.27.57-768x1024.jpeg 768w, https:\/\/agora.xtec.cat\/iesmallafre\/wp-content\/uploads\/usu105\/2023\/11\/WhatsApp-Image-2023-11-08-at-09.27.57-1152x1536.jpeg 1152w\" sizes=\"auto, (max-width: 755px) 100vw, 755px\" \/><\/a><\/p>\n<p>&nbsp;<\/p>\n<p>&nbsp;<\/p>\n<p>&nbsp;<\/p>\n<p>&nbsp;<\/p>\n<\/div>\n<\/div>\n<\/div>\n<\/div>\n<\/div>\n<\/div>\n<\/div>\n<\/div>\n","protected":false},"excerpt":{"rendered":"<p>El passat dissabte 5 de novembre el President de la Generalitat i els consellers d&#8217;universitat i educaci\u00f3 van lliurar els diplomes de reconeixement a l&#8217;alumnat que ha tret una nota igual o superior a 9 a les proves d\u2019acc\u00e9s universitari (PAU) que es van fer&hellip;  <a href=\"https:\/\/agora.xtec.cat\/iesmallafre\/general\/selectivitat-2023-reconeixement-de-distincio-de-les-pau\/\" title=\"Read Selectivitat 2023: reconeixement de Distinci\u00f3 de les PAU\">Llegeix m\u00e9s\u00bb<\/a><\/p>\n","protected":false},"author":16,"featured_media":23034,"comment_status":"open","ping_status":"closed","sticky":false,"template":"","format":"standard","meta":{"_bbp_topic_count":0,"_bbp_reply_count":0,"_bbp_total_topic_count":0,"_bbp_total_reply_count":0,"_bbp_voice_count":0,"_bbp_anonymous_reply_count":0,"_bbp_topic_count_hidden":0,"_bbp_reply_count_hidden":0,"_bbp_forum_subforum_count":0,"footnotes":""},"categories":[8,1,29],"tags":[],"class_list":["post-23029","post","type-post","status-publish","format-standard","has-post-thumbnail","hentry","category-batxillerat","category-general","category-portada"],"post_mailing_queue_ids":[],"_links":{"self":[{"href":"https:\/\/agora.xtec.cat\/iesmallafre\/wp-json\/wp\/v2\/posts\/23029","targetHints":{"allow":["GET"]}}],"collection":[{"href":"https:\/\/agora.xtec.cat\/iesmallafre\/wp-json\/wp\/v2\/posts"}],"about":[{"href":"https:\/\/agora.xtec.cat\/iesmallafre\/wp-json\/wp\/v2\/types\/post"}],"author":[{"embeddable":true,"href":"https:\/\/agora.xtec.cat\/iesmallafre\/wp-json\/wp\/v2\/users\/16"}],"replies":[{"embeddable":true,"href":"https:\/\/agora.xtec.cat\/iesmallafre\/wp-json\/wp\/v2\/comments?post=23029"}],"version-history":[{"count":4,"href":"https:\/\/agora.xtec.cat\/iesmallafre\/wp-json\/wp\/v2\/posts\/23029\/revisions"}],"predecessor-version":[{"id":23036,"href":"https:\/\/agora.xtec.cat\/iesmallafre\/wp-json\/wp\/v2\/posts\/23029\/revisions\/23036"}],"wp:featuredmedia":[{"embeddable":true,"href":"https:\/\/agora.xtec.cat\/iesmallafre\/wp-json\/wp\/v2\/media\/23034"}],"wp:attachment":[{"href":"https:\/\/agora.xtec.cat\/iesmallafre\/wp-json\/wp\/v2\/media?parent=23029"}],"wp:term":[{"taxonomy":"category","embeddable":true,"href":"https:\/\/agora.xtec.cat\/iesmallafre\/wp-json\/wp\/v2\/categories?post=23029"},{"taxonomy":"post_tag","embeddable":true,"href":"https:\/\/agora.xtec.cat\/iesmallafre\/wp-json\/wp\/v2\/tags?post=23029"}],"curies":[{"name":"wp","href":"https:\/\/api.w.org\/{rel}","templated":true}]}}