{"id":23021,"date":"2023-11-03T12:22:24","date_gmt":"2023-11-03T11:22:24","guid":{"rendered":"https:\/\/agora.xtec.cat\/iesmallafre\/?p=23021"},"modified":"2023-11-03T12:22:24","modified_gmt":"2023-11-03T11:22:24","slug":"visita-al-mnac-2","status":"publish","type":"post","link":"https:\/\/agora.xtec.cat\/iesmallafre\/general\/visita-al-mnac-2\/","title":{"rendered":"Visita al MNAC"},"content":{"rendered":"<p>El 2 de novembre l&#8217;alumnat de 2n Batxillerat d&#8217;Arts Pl\u00e0stiques va visitar dues exposicions al MNAC (Museu Nacional d&#8217;Art de Catalunya): <i>Art Rom\u00e0nic i G\u00f2tic <\/i>i una selecci\u00f3 de peces relacionades amb la selectivitat, <i>d&#8217;Art Contemporani. <\/i><\/p>\n<p>V\u00e0rem gaudir molt i en hem quedat amb ganes de m\u00e9s, tornarem!!!!<\/p>\n<p><a href=\"https:\/\/agora.xtec.cat\/iesmallafre\/wp-content\/uploads\/usu105\/2023\/11\/20231102_104346-scaled.jpg\"><img loading=\"lazy\" decoding=\"async\" class=\"wp-image-23022 aligncenter\" src=\"https:\/\/agora.xtec.cat\/iesmallafre\/wp-content\/uploads\/usu105\/2023\/11\/20231102_104346-scaled.jpg\" alt=\"\" width=\"966\" height=\"587\" srcset=\"https:\/\/agora.xtec.cat\/iesmallafre\/wp-content\/uploads\/usu105\/2023\/11\/20231102_104346-scaled.jpg 2560w, https:\/\/agora.xtec.cat\/iesmallafre\/wp-content\/uploads\/usu105\/2023\/11\/20231102_104346-300x182.jpg 300w, https:\/\/agora.xtec.cat\/iesmallafre\/wp-content\/uploads\/usu105\/2023\/11\/20231102_104346-1024x622.jpg 1024w, https:\/\/agora.xtec.cat\/iesmallafre\/wp-content\/uploads\/usu105\/2023\/11\/20231102_104346-768x467.jpg 768w, https:\/\/agora.xtec.cat\/iesmallafre\/wp-content\/uploads\/usu105\/2023\/11\/20231102_104346-1536x934.jpg 1536w, https:\/\/agora.xtec.cat\/iesmallafre\/wp-content\/uploads\/usu105\/2023\/11\/20231102_104346-2048x1245.jpg 2048w\" sizes=\"auto, (max-width: 966px) 100vw, 966px\" \/><\/a><\/p>\n<p><a href=\"https:\/\/agora.xtec.cat\/iesmallafre\/wp-content\/uploads\/usu105\/2023\/11\/20231102_125024-scaled.jpg\"><img loading=\"lazy\" decoding=\"async\" class=\"wp-image-23024 aligncenter\" src=\"https:\/\/agora.xtec.cat\/iesmallafre\/wp-content\/uploads\/usu105\/2023\/11\/20231102_125024-scaled.jpg\" alt=\"\" width=\"985\" height=\"621\" srcset=\"https:\/\/agora.xtec.cat\/iesmallafre\/wp-content\/uploads\/usu105\/2023\/11\/20231102_125024-scaled.jpg 2560w, https:\/\/agora.xtec.cat\/iesmallafre\/wp-content\/uploads\/usu105\/2023\/11\/20231102_125024-300x189.jpg 300w, https:\/\/agora.xtec.cat\/iesmallafre\/wp-content\/uploads\/usu105\/2023\/11\/20231102_125024-1024x645.jpg 1024w, https:\/\/agora.xtec.cat\/iesmallafre\/wp-content\/uploads\/usu105\/2023\/11\/20231102_125024-768x484.jpg 768w, https:\/\/agora.xtec.cat\/iesmallafre\/wp-content\/uploads\/usu105\/2023\/11\/20231102_125024-1536x968.jpg 1536w, https:\/\/agora.xtec.cat\/iesmallafre\/wp-content\/uploads\/usu105\/2023\/11\/20231102_125024-2048x1291.jpg 2048w\" sizes=\"auto, (max-width: 985px) 100vw, 985px\" \/><\/a><\/p>\n<p><a href=\"https:\/\/agora.xtec.cat\/iesmallafre\/wp-content\/uploads\/usu105\/2023\/11\/20231102_133807-scaled.jpg\"><img loading=\"lazy\" decoding=\"async\" class=\"wp-image-23025 aligncenter\" src=\"https:\/\/agora.xtec.cat\/iesmallafre\/wp-content\/uploads\/usu105\/2023\/11\/20231102_133807-scaled.jpg\" alt=\"\" width=\"977\" height=\"566\" srcset=\"https:\/\/agora.xtec.cat\/iesmallafre\/wp-content\/uploads\/usu105\/2023\/11\/20231102_133807-scaled.jpg 2560w, https:\/\/agora.xtec.cat\/iesmallafre\/wp-content\/uploads\/usu105\/2023\/11\/20231102_133807-300x174.jpg 300w, https:\/\/agora.xtec.cat\/iesmallafre\/wp-content\/uploads\/usu105\/2023\/11\/20231102_133807-1024x593.jpg 1024w, https:\/\/agora.xtec.cat\/iesmallafre\/wp-content\/uploads\/usu105\/2023\/11\/20231102_133807-768x445.jpg 768w, https:\/\/agora.xtec.cat\/iesmallafre\/wp-content\/uploads\/usu105\/2023\/11\/20231102_133807-1536x890.jpg 1536w, https:\/\/agora.xtec.cat\/iesmallafre\/wp-content\/uploads\/usu105\/2023\/11\/20231102_133807-2048x1187.jpg 2048w\" sizes=\"auto, (max-width: 977px) 100vw, 977px\" \/><\/a><\/p>\n<p><a href=\"https:\/\/agora.xtec.cat\/iesmallafre\/wp-content\/uploads\/usu105\/2023\/11\/20231102_115542-scaled.jpg\"><img loading=\"lazy\" decoding=\"async\" class=\"wp-image-23023 aligncenter\" src=\"https:\/\/agora.xtec.cat\/iesmallafre\/wp-content\/uploads\/usu105\/2023\/11\/20231102_115542-scaled.jpg\" alt=\"\" width=\"1010\" height=\"605\" srcset=\"https:\/\/agora.xtec.cat\/iesmallafre\/wp-content\/uploads\/usu105\/2023\/11\/20231102_115542-scaled.jpg 2560w, https:\/\/agora.xtec.cat\/iesmallafre\/wp-content\/uploads\/usu105\/2023\/11\/20231102_115542-300x180.jpg 300w, https:\/\/agora.xtec.cat\/iesmallafre\/wp-content\/uploads\/usu105\/2023\/11\/20231102_115542-1024x613.jpg 1024w, https:\/\/agora.xtec.cat\/iesmallafre\/wp-content\/uploads\/usu105\/2023\/11\/20231102_115542-768x460.jpg 768w, https:\/\/agora.xtec.cat\/iesmallafre\/wp-content\/uploads\/usu105\/2023\/11\/20231102_115542-1536x920.jpg 1536w, https:\/\/agora.xtec.cat\/iesmallafre\/wp-content\/uploads\/usu105\/2023\/11\/20231102_115542-2048x1227.jpg 2048w\" sizes=\"auto, (max-width: 1010px) 100vw, 1010px\" \/><\/a><\/p>\n<p>&nbsp;<\/p>\n","protected":false},"excerpt":{"rendered":"<p>El 2 de novembre l&#8217;alumnat de 2n Batxillerat d&#8217;Arts Pl\u00e0stiques va visitar dues exposicions al MNAC (Museu Nacional d&#8217;Art de Catalunya): Art Rom\u00e0nic i G\u00f2tic i una selecci\u00f3 de peces relacionades amb la selectivitat, d&#8217;Art Contemporani.<br \/>\nV\u00e0rem gaudir molt i en hem quedat amb ganes&hellip;  <a href=\"https:\/\/agora.xtec.cat\/iesmallafre\/general\/visita-al-mnac-2\/\" title=\"Read Visita al MNAC\">Llegeix m\u00e9s\u00bb<\/a><\/p>\n","protected":false},"author":16,"featured_media":23027,"comment_status":"open","ping_status":"closed","sticky":false,"template":"","format":"standard","meta":{"_bbp_topic_count":0,"_bbp_reply_count":0,"_bbp_total_topic_count":0,"_bbp_total_reply_count":0,"_bbp_voice_count":0,"_bbp_anonymous_reply_count":0,"_bbp_topic_count_hidden":0,"_bbp_reply_count_hidden":0,"_bbp_forum_subforum_count":0,"footnotes":""},"categories":[8,1,29],"tags":[],"class_list":["post-23021","post","type-post","status-publish","format-standard","has-post-thumbnail","hentry","category-batxillerat","category-general","category-portada"],"post_mailing_queue_ids":[],"_links":{"self":[{"href":"https:\/\/agora.xtec.cat\/iesmallafre\/wp-json\/wp\/v2\/posts\/23021","targetHints":{"allow":["GET"]}}],"collection":[{"href":"https:\/\/agora.xtec.cat\/iesmallafre\/wp-json\/wp\/v2\/posts"}],"about":[{"href":"https:\/\/agora.xtec.cat\/iesmallafre\/wp-json\/wp\/v2\/types\/post"}],"author":[{"embeddable":true,"href":"https:\/\/agora.xtec.cat\/iesmallafre\/wp-json\/wp\/v2\/users\/16"}],"replies":[{"embeddable":true,"href":"https:\/\/agora.xtec.cat\/iesmallafre\/wp-json\/wp\/v2\/comments?post=23021"}],"version-history":[{"count":2,"href":"https:\/\/agora.xtec.cat\/iesmallafre\/wp-json\/wp\/v2\/posts\/23021\/revisions"}],"predecessor-version":[{"id":23028,"href":"https:\/\/agora.xtec.cat\/iesmallafre\/wp-json\/wp\/v2\/posts\/23021\/revisions\/23028"}],"wp:featuredmedia":[{"embeddable":true,"href":"https:\/\/agora.xtec.cat\/iesmallafre\/wp-json\/wp\/v2\/media\/23027"}],"wp:attachment":[{"href":"https:\/\/agora.xtec.cat\/iesmallafre\/wp-json\/wp\/v2\/media?parent=23021"}],"wp:term":[{"taxonomy":"category","embeddable":true,"href":"https:\/\/agora.xtec.cat\/iesmallafre\/wp-json\/wp\/v2\/categories?post=23021"},{"taxonomy":"post_tag","embeddable":true,"href":"https:\/\/agora.xtec.cat\/iesmallafre\/wp-json\/wp\/v2\/tags?post=23021"}],"curies":[{"name":"wp","href":"https:\/\/api.w.org\/{rel}","templated":true}]}}