{"id":23011,"date":"2023-11-03T12:08:26","date_gmt":"2023-11-03T11:08:26","guid":{"rendered":"https:\/\/agora.xtec.cat\/iesmallafre\/?p=23011"},"modified":"2023-11-03T12:21:58","modified_gmt":"2023-11-03T11:21:58","slug":"visita-al-sincrotro-alba-2","status":"publish","type":"post","link":"https:\/\/agora.xtec.cat\/iesmallafre\/general\/visita-al-sincrotro-alba-2\/","title":{"rendered":"Visita al sincrotr\u00f3 ALBA"},"content":{"rendered":"<p>El passat 2 d&#8217;octubre, l&#8217;alumnat de les mat\u00e8ries de F\u00edsica i Qu\u00edmica de 1r i 2n de Batxillerat van visitar el sincrotr\u00f3 ALBA a Cerdanyola del Vall\u00e8s, un centre punter a nivell europeu on professionals de diferents \u00e0mbits (f\u00edsica, qu\u00edmica, biologia, medicina, enginyeria&#8230;) treballen fent recerca. L&#8217;alumnat va poder veure les instal\u00b7lacions i va parlar amb investigadors del centre.<\/p>\n<p>&nbsp;<\/p>\n<p><a href=\"https:\/\/agora.xtec.cat\/iesmallafre\/wp-content\/uploads\/usu105\/2023\/11\/IMG_1235.jpg\"><img loading=\"lazy\" decoding=\"async\" class=\"alignnone wp-image-23012\" src=\"https:\/\/agora.xtec.cat\/iesmallafre\/wp-content\/uploads\/usu105\/2023\/11\/IMG_1235-225x300.jpg\" alt=\"\" width=\"277\" height=\"370\" srcset=\"https:\/\/agora.xtec.cat\/iesmallafre\/wp-content\/uploads\/usu105\/2023\/11\/IMG_1235-225x300.jpg 225w, https:\/\/agora.xtec.cat\/iesmallafre\/wp-content\/uploads\/usu105\/2023\/11\/IMG_1235-768x1024.jpg 768w, https:\/\/agora.xtec.cat\/iesmallafre\/wp-content\/uploads\/usu105\/2023\/11\/IMG_1235.jpg 900w\" sizes=\"auto, (max-width: 277px) 100vw, 277px\" \/><\/a> <a href=\"https:\/\/agora.xtec.cat\/iesmallafre\/wp-content\/uploads\/usu105\/2023\/11\/IMG_1246.jpg\"><img loading=\"lazy\" decoding=\"async\" class=\"alignnone wp-image-23013\" src=\"https:\/\/agora.xtec.cat\/iesmallafre\/wp-content\/uploads\/usu105\/2023\/11\/IMG_1246-225x300.jpg\" alt=\"\" width=\"278\" height=\"371\" srcset=\"https:\/\/agora.xtec.cat\/iesmallafre\/wp-content\/uploads\/usu105\/2023\/11\/IMG_1246-225x300.jpg 225w, https:\/\/agora.xtec.cat\/iesmallafre\/wp-content\/uploads\/usu105\/2023\/11\/IMG_1246-768x1024.jpg 768w, https:\/\/agora.xtec.cat\/iesmallafre\/wp-content\/uploads\/usu105\/2023\/11\/IMG_1246.jpg 900w\" sizes=\"auto, (max-width: 278px) 100vw, 278px\" \/><\/a> <a href=\"https:\/\/agora.xtec.cat\/iesmallafre\/wp-content\/uploads\/usu105\/2023\/11\/IMG_1243.jpg\"><img loading=\"lazy\" decoding=\"async\" class=\"alignnone wp-image-23014\" src=\"https:\/\/agora.xtec.cat\/iesmallafre\/wp-content\/uploads\/usu105\/2023\/11\/IMG_1243-225x300.jpg\" alt=\"\" width=\"278\" height=\"371\" srcset=\"https:\/\/agora.xtec.cat\/iesmallafre\/wp-content\/uploads\/usu105\/2023\/11\/IMG_1243-225x300.jpg 225w, https:\/\/agora.xtec.cat\/iesmallafre\/wp-content\/uploads\/usu105\/2023\/11\/IMG_1243-768x1024.jpg 768w, https:\/\/agora.xtec.cat\/iesmallafre\/wp-content\/uploads\/usu105\/2023\/11\/IMG_1243.jpg 900w\" sizes=\"auto, (max-width: 278px) 100vw, 278px\" \/><\/a><\/p>\n","protected":false},"excerpt":{"rendered":"<p>El passat 2 d&#8217;octubre, l&#8217;alumnat de les mat\u00e8ries de F\u00edsica i Qu\u00edmica de 1r i 2n de Batxillerat van visitar el sincrotr\u00f3 ALBA a Cerdanyola del Vall\u00e8s, un centre punter a nivell europeu on professionals de diferents \u00e0mbits (f\u00edsica, qu\u00edmica, biologia, medicina, enginyeria&#8230;) treballen fent&hellip;  <a href=\"https:\/\/agora.xtec.cat\/iesmallafre\/general\/visita-al-sincrotro-alba-2\/\" title=\"Read Visita al sincrotr\u00f3 ALBA\">Llegeix m\u00e9s\u00bb<\/a><\/p>\n","protected":false},"author":16,"featured_media":23017,"comment_status":"open","ping_status":"closed","sticky":false,"template":"","format":"standard","meta":{"_bbp_topic_count":0,"_bbp_reply_count":0,"_bbp_total_topic_count":0,"_bbp_total_reply_count":0,"_bbp_voice_count":0,"_bbp_anonymous_reply_count":0,"_bbp_topic_count_hidden":0,"_bbp_reply_count_hidden":0,"_bbp_forum_subforum_count":0,"footnotes":""},"categories":[8,1,29],"tags":[],"class_list":["post-23011","post","type-post","status-publish","format-standard","has-post-thumbnail","hentry","category-batxillerat","category-general","category-portada"],"post_mailing_queue_ids":[],"_links":{"self":[{"href":"https:\/\/agora.xtec.cat\/iesmallafre\/wp-json\/wp\/v2\/posts\/23011","targetHints":{"allow":["GET"]}}],"collection":[{"href":"https:\/\/agora.xtec.cat\/iesmallafre\/wp-json\/wp\/v2\/posts"}],"about":[{"href":"https:\/\/agora.xtec.cat\/iesmallafre\/wp-json\/wp\/v2\/types\/post"}],"author":[{"embeddable":true,"href":"https:\/\/agora.xtec.cat\/iesmallafre\/wp-json\/wp\/v2\/users\/16"}],"replies":[{"embeddable":true,"href":"https:\/\/agora.xtec.cat\/iesmallafre\/wp-json\/wp\/v2\/comments?post=23011"}],"version-history":[{"count":3,"href":"https:\/\/agora.xtec.cat\/iesmallafre\/wp-json\/wp\/v2\/posts\/23011\/revisions"}],"predecessor-version":[{"id":23018,"href":"https:\/\/agora.xtec.cat\/iesmallafre\/wp-json\/wp\/v2\/posts\/23011\/revisions\/23018"}],"wp:featuredmedia":[{"embeddable":true,"href":"https:\/\/agora.xtec.cat\/iesmallafre\/wp-json\/wp\/v2\/media\/23017"}],"wp:attachment":[{"href":"https:\/\/agora.xtec.cat\/iesmallafre\/wp-json\/wp\/v2\/media?parent=23011"}],"wp:term":[{"taxonomy":"category","embeddable":true,"href":"https:\/\/agora.xtec.cat\/iesmallafre\/wp-json\/wp\/v2\/categories?post=23011"},{"taxonomy":"post_tag","embeddable":true,"href":"https:\/\/agora.xtec.cat\/iesmallafre\/wp-json\/wp\/v2\/tags?post=23011"}],"curies":[{"name":"wp","href":"https:\/\/api.w.org\/{rel}","templated":true}]}}