{"id":22963,"date":"2023-10-18T18:09:21","date_gmt":"2023-10-18T16:09:21","guid":{"rendered":"https:\/\/agora.xtec.cat\/iesmallafre\/?p=22963"},"modified":"2023-10-18T18:09:21","modified_gmt":"2023-10-18T16:09:21","slug":"sortida-caiac-4t-eso","status":"publish","type":"post","link":"https:\/\/agora.xtec.cat\/iesmallafre\/general\/sortida-caiac-4t-eso\/","title":{"rendered":"Sortida caiac 4t ESO"},"content":{"rendered":"<p>El passat 11 d&#8217;octubre els alumnes de l&#8217;optativa de biologia de 4t d&#8217;ESO van fer una excursi\u00f3 en caiac per descobrir l&#8217;entorn dels Colls-Miralpeix. Vam gaudir d&#8217;un dia fant\u00e0stic, amb aig\u00fces cristal\u00b7lines i vam poder observar elements representatius del paisatge c\u00e0rstic de la zona i tamb\u00e9 alguns ocells, com el martinet blanc i el corb mar\u00ed emplomallat, aix\u00ed\u00a0com algunes meduses.<\/p>\n<p><a href=\"https:\/\/agora.xtec.cat\/iesmallafre\/wp-content\/uploads\/usu105\/2023\/10\/IMG_20231011_120457_848-scaled.jpg\"><img loading=\"lazy\" decoding=\"async\" class=\"wp-image-22965 aligncenter\" src=\"https:\/\/agora.xtec.cat\/iesmallafre\/wp-content\/uploads\/usu105\/2023\/10\/IMG_20231011_120457_848-300x150.jpg\" alt=\"\" width=\"640\" height=\"320\" srcset=\"https:\/\/agora.xtec.cat\/iesmallafre\/wp-content\/uploads\/usu105\/2023\/10\/IMG_20231011_120457_848-300x150.jpg 300w, https:\/\/agora.xtec.cat\/iesmallafre\/wp-content\/uploads\/usu105\/2023\/10\/IMG_20231011_120457_848-1024x512.jpg 1024w, https:\/\/agora.xtec.cat\/iesmallafre\/wp-content\/uploads\/usu105\/2023\/10\/IMG_20231011_120457_848-768x384.jpg 768w, https:\/\/agora.xtec.cat\/iesmallafre\/wp-content\/uploads\/usu105\/2023\/10\/IMG_20231011_120457_848-1536x768.jpg 1536w, https:\/\/agora.xtec.cat\/iesmallafre\/wp-content\/uploads\/usu105\/2023\/10\/IMG_20231011_120457_848-2048x1024.jpg 2048w\" sizes=\"auto, (max-width: 640px) 100vw, 640px\" \/><\/a><\/p>\n<p><a href=\"https:\/\/agora.xtec.cat\/iesmallafre\/wp-content\/uploads\/usu105\/2023\/10\/IMG_20231011_120711_517-scaled.jpg\"><img loading=\"lazy\" decoding=\"async\" class=\"wp-image-22966 aligncenter\" src=\"https:\/\/agora.xtec.cat\/iesmallafre\/wp-content\/uploads\/usu105\/2023\/10\/IMG_20231011_120711_517-300x150.jpg\" alt=\"\" width=\"644\" height=\"322\" srcset=\"https:\/\/agora.xtec.cat\/iesmallafre\/wp-content\/uploads\/usu105\/2023\/10\/IMG_20231011_120711_517-300x150.jpg 300w, https:\/\/agora.xtec.cat\/iesmallafre\/wp-content\/uploads\/usu105\/2023\/10\/IMG_20231011_120711_517-1024x512.jpg 1024w, https:\/\/agora.xtec.cat\/iesmallafre\/wp-content\/uploads\/usu105\/2023\/10\/IMG_20231011_120711_517-768x384.jpg 768w, https:\/\/agora.xtec.cat\/iesmallafre\/wp-content\/uploads\/usu105\/2023\/10\/IMG_20231011_120711_517-1536x768.jpg 1536w, https:\/\/agora.xtec.cat\/iesmallafre\/wp-content\/uploads\/usu105\/2023\/10\/IMG_20231011_120711_517-2048x1024.jpg 2048w\" sizes=\"auto, (max-width: 644px) 100vw, 644px\" \/><\/a><\/p>\n<p><a href=\"https:\/\/agora.xtec.cat\/iesmallafre\/wp-content\/uploads\/usu105\/2023\/10\/IMG_20231011_115243_361-scaled.jpg\"><img loading=\"lazy\" decoding=\"async\" class=\"wp-image-22964 aligncenter\" src=\"https:\/\/agora.xtec.cat\/iesmallafre\/wp-content\/uploads\/usu105\/2023\/10\/IMG_20231011_115243_361-300x150.jpg\" alt=\"\" width=\"680\" height=\"340\" srcset=\"https:\/\/agora.xtec.cat\/iesmallafre\/wp-content\/uploads\/usu105\/2023\/10\/IMG_20231011_115243_361-300x150.jpg 300w, https:\/\/agora.xtec.cat\/iesmallafre\/wp-content\/uploads\/usu105\/2023\/10\/IMG_20231011_115243_361-1024x512.jpg 1024w, https:\/\/agora.xtec.cat\/iesmallafre\/wp-content\/uploads\/usu105\/2023\/10\/IMG_20231011_115243_361-768x384.jpg 768w, https:\/\/agora.xtec.cat\/iesmallafre\/wp-content\/uploads\/usu105\/2023\/10\/IMG_20231011_115243_361-1536x768.jpg 1536w, https:\/\/agora.xtec.cat\/iesmallafre\/wp-content\/uploads\/usu105\/2023\/10\/IMG_20231011_115243_361-2048x1024.jpg 2048w\" sizes=\"auto, (max-width: 680px) 100vw, 680px\" \/><\/a><\/p>\n","protected":false},"excerpt":{"rendered":"<p>El passat 11 d&#8217;octubre els alumnes de l&#8217;optativa de biologia de 4t d&#8217;ESO van fer una excursi\u00f3 en caiac per descobrir l&#8217;entorn dels Colls-Miralpeix. Vam gaudir d&#8217;un dia fant\u00e0stic, amb aig\u00fces cristal\u00b7lines i vam poder observar elements representatius del paisatge c\u00e0rstic de la zona i&hellip;  <a href=\"https:\/\/agora.xtec.cat\/iesmallafre\/general\/sortida-caiac-4t-eso\/\" title=\"Read Sortida caiac 4t ESO\">Llegeix m\u00e9s\u00bb<\/a><\/p>\n","protected":false},"author":16,"featured_media":22967,"comment_status":"open","ping_status":"closed","sticky":false,"template":"","format":"standard","meta":{"_bbp_topic_count":0,"_bbp_reply_count":0,"_bbp_total_topic_count":0,"_bbp_total_reply_count":0,"_bbp_voice_count":0,"_bbp_anonymous_reply_count":0,"_bbp_topic_count_hidden":0,"_bbp_reply_count_hidden":0,"_bbp_forum_subforum_count":0,"footnotes":""},"categories":[3,7,1,29],"tags":[],"class_list":["post-22963","post","type-post","status-publish","format-standard","has-post-thumbnail","hentry","category-eso","category-eso-4","category-general","category-portada"],"post_mailing_queue_ids":[],"_links":{"self":[{"href":"https:\/\/agora.xtec.cat\/iesmallafre\/wp-json\/wp\/v2\/posts\/22963","targetHints":{"allow":["GET"]}}],"collection":[{"href":"https:\/\/agora.xtec.cat\/iesmallafre\/wp-json\/wp\/v2\/posts"}],"about":[{"href":"https:\/\/agora.xtec.cat\/iesmallafre\/wp-json\/wp\/v2\/types\/post"}],"author":[{"embeddable":true,"href":"https:\/\/agora.xtec.cat\/iesmallafre\/wp-json\/wp\/v2\/users\/16"}],"replies":[{"embeddable":true,"href":"https:\/\/agora.xtec.cat\/iesmallafre\/wp-json\/wp\/v2\/comments?post=22963"}],"version-history":[{"count":1,"href":"https:\/\/agora.xtec.cat\/iesmallafre\/wp-json\/wp\/v2\/posts\/22963\/revisions"}],"predecessor-version":[{"id":22968,"href":"https:\/\/agora.xtec.cat\/iesmallafre\/wp-json\/wp\/v2\/posts\/22963\/revisions\/22968"}],"wp:featuredmedia":[{"embeddable":true,"href":"https:\/\/agora.xtec.cat\/iesmallafre\/wp-json\/wp\/v2\/media\/22967"}],"wp:attachment":[{"href":"https:\/\/agora.xtec.cat\/iesmallafre\/wp-json\/wp\/v2\/media?parent=22963"}],"wp:term":[{"taxonomy":"category","embeddable":true,"href":"https:\/\/agora.xtec.cat\/iesmallafre\/wp-json\/wp\/v2\/categories?post=22963"},{"taxonomy":"post_tag","embeddable":true,"href":"https:\/\/agora.xtec.cat\/iesmallafre\/wp-json\/wp\/v2\/tags?post=22963"}],"curies":[{"name":"wp","href":"https:\/\/api.w.org\/{rel}","templated":true}]}}