{"id":22955,"date":"2023-10-18T17:45:35","date_gmt":"2023-10-18T15:45:35","guid":{"rendered":"https:\/\/agora.xtec.cat\/iesmallafre\/?p=22955"},"modified":"2023-10-18T17:47:10","modified_gmt":"2023-10-18T15:47:10","slug":"les-matematiques-de-la-informatica-i-la-informatica-de-les-matematiques","status":"publish","type":"post","link":"https:\/\/agora.xtec.cat\/iesmallafre\/general\/les-matematiques-de-la-informatica-i-la-informatica-de-les-matematiques\/","title":{"rendered":"Les matem\u00e0tiques de la inform\u00e0tica i la inform\u00e0tica de les matem\u00e0tiques"},"content":{"rendered":"<p>Avui\u00a0l&#8217;alumnat de 1r de Batxillerat de les optatives de matem\u00e0tiques ha rebut al Luis Belanche, professor de la UPC del Departament de Ci\u00e8ncies de la Computaci\u00f3.<\/p>\n<p>A la seva confer\u00e8ncia, el Luis Belanche ens ha mostrat la relaci\u00f3 que hi pot haver entre una funci\u00f3 matem\u00e0tica i un cervell hum\u00e0. Tamb\u00e9 ha repassat els inicis de la intel\u00b7lig\u00e8ncia artificial i ens ha parlat del llegat que ens van deixar persones com Alan Turing i John von Neumann.<\/p>\n<div><b>M. B.:<\/b> <i>&#8220;M<span id=\"m_-6841866862106816455gmail-docs-internal-guid-ff7a9d27-7fff-61d7-09e6-56288bf49229\">\u2019ha despertat la curiositat que es pugui fer inform\u00e0tica amb un simple full encara que es trigaria molt de temps per fer-ho, per\u00f2 s\u2019acabaria arribant al mateix resultat.&#8221;<\/span><\/i><\/div>\n<div><i>\u00a0<\/i><\/div>\n<div><span style=\"color: #000000; font-family: Arial, sans-serif;\"><b>G. D.:<\/b> &#8220;<\/span><span id=\"m_-6841866862106816455gmail-docs-internal-guid-c99f4527-7fff-0878-8a22-e669fdc68b89\"><i>Ens ha fet una pregunta molt interessant; que si el nostre cervell s&#8217;assembla a un ordinador&#8221;.<\/i><\/span><\/div>\n<div><i>\u00a0<\/i><\/div>\n<div><b>C. G.:<\/b><i> &#8220;<\/i><i>El que m\u00e9s m&#8217;ha agradat ha estat quan s&#8217;ha posat a parlar sobre les NOT, AND, OR, XOR perqu\u00e8 ja ho hav\u00edem vist l&#8217;any passat a tecno en unes v\u00e0lvules&#8221;.<\/i><\/div>\n<p>&nbsp;<\/p>\n<p><a href=\"https:\/\/agora.xtec.cat\/iesmallafre\/wp-content\/uploads\/usu105\/2023\/10\/IMG_0444.jpg\"><img loading=\"lazy\" decoding=\"async\" class=\"alignnone wp-image-22959\" src=\"https:\/\/agora.xtec.cat\/iesmallafre\/wp-content\/uploads\/usu105\/2023\/10\/IMG_0444-225x300.jpg\" alt=\"\" width=\"276\" height=\"368\" srcset=\"https:\/\/agora.xtec.cat\/iesmallafre\/wp-content\/uploads\/usu105\/2023\/10\/IMG_0444-225x300.jpg 225w, https:\/\/agora.xtec.cat\/iesmallafre\/wp-content\/uploads\/usu105\/2023\/10\/IMG_0444-768x1024.jpg 768w, https:\/\/agora.xtec.cat\/iesmallafre\/wp-content\/uploads\/usu105\/2023\/10\/IMG_0444.jpg 900w\" sizes=\"auto, (max-width: 276px) 100vw, 276px\" \/><\/a> <a href=\"https:\/\/agora.xtec.cat\/iesmallafre\/wp-content\/uploads\/usu105\/2023\/10\/IMG_0443.jpg\"><img loading=\"lazy\" decoding=\"async\" class=\"alignnone wp-image-22961\" src=\"https:\/\/agora.xtec.cat\/iesmallafre\/wp-content\/uploads\/usu105\/2023\/10\/IMG_0443-300x225.jpg\" alt=\"\" width=\"490\" height=\"368\" srcset=\"https:\/\/agora.xtec.cat\/iesmallafre\/wp-content\/uploads\/usu105\/2023\/10\/IMG_0443-300x225.jpg 300w, https:\/\/agora.xtec.cat\/iesmallafre\/wp-content\/uploads\/usu105\/2023\/10\/IMG_0443-1024x768.jpg 1024w, https:\/\/agora.xtec.cat\/iesmallafre\/wp-content\/uploads\/usu105\/2023\/10\/IMG_0443-768x576.jpg 768w, https:\/\/agora.xtec.cat\/iesmallafre\/wp-content\/uploads\/usu105\/2023\/10\/IMG_0443-200x150.jpg 200w, https:\/\/agora.xtec.cat\/iesmallafre\/wp-content\/uploads\/usu105\/2023\/10\/IMG_0443.jpg 1200w\" sizes=\"auto, (max-width: 490px) 100vw, 490px\" \/><\/a><\/p>\n","protected":false},"excerpt":{"rendered":"<p>Avui\u00a0l&#8217;alumnat de 1r de Batxillerat de les optatives de matem\u00e0tiques ha rebut al Luis Belanche, professor de la UPC del Departament de Ci\u00e8ncies de la Computaci\u00f3.<br \/>\nA la seva confer\u00e8ncia, el Luis Belanche ens ha mostrat la relaci\u00f3 que hi pot haver entre una funci\u00f3 matem\u00e0tica&hellip;  <a href=\"https:\/\/agora.xtec.cat\/iesmallafre\/general\/les-matematiques-de-la-informatica-i-la-informatica-de-les-matematiques\/\" title=\"Read Les matem\u00e0tiques de la inform\u00e0tica i la inform\u00e0tica de les matem\u00e0tiques\">Llegeix m\u00e9s\u00bb<\/a><\/p>\n","protected":false},"author":16,"featured_media":22960,"comment_status":"open","ping_status":"closed","sticky":false,"template":"","format":"standard","meta":{"_bbp_topic_count":0,"_bbp_reply_count":0,"_bbp_total_topic_count":0,"_bbp_total_reply_count":0,"_bbp_voice_count":0,"_bbp_anonymous_reply_count":0,"_bbp_topic_count_hidden":0,"_bbp_reply_count_hidden":0,"_bbp_forum_subforum_count":0,"footnotes":""},"categories":[8,1,29],"tags":[],"class_list":["post-22955","post","type-post","status-publish","format-standard","has-post-thumbnail","hentry","category-batxillerat","category-general","category-portada"],"post_mailing_queue_ids":[],"_links":{"self":[{"href":"https:\/\/agora.xtec.cat\/iesmallafre\/wp-json\/wp\/v2\/posts\/22955","targetHints":{"allow":["GET"]}}],"collection":[{"href":"https:\/\/agora.xtec.cat\/iesmallafre\/wp-json\/wp\/v2\/posts"}],"about":[{"href":"https:\/\/agora.xtec.cat\/iesmallafre\/wp-json\/wp\/v2\/types\/post"}],"author":[{"embeddable":true,"href":"https:\/\/agora.xtec.cat\/iesmallafre\/wp-json\/wp\/v2\/users\/16"}],"replies":[{"embeddable":true,"href":"https:\/\/agora.xtec.cat\/iesmallafre\/wp-json\/wp\/v2\/comments?post=22955"}],"version-history":[{"count":4,"href":"https:\/\/agora.xtec.cat\/iesmallafre\/wp-json\/wp\/v2\/posts\/22955\/revisions"}],"predecessor-version":[{"id":22962,"href":"https:\/\/agora.xtec.cat\/iesmallafre\/wp-json\/wp\/v2\/posts\/22955\/revisions\/22962"}],"wp:featuredmedia":[{"embeddable":true,"href":"https:\/\/agora.xtec.cat\/iesmallafre\/wp-json\/wp\/v2\/media\/22960"}],"wp:attachment":[{"href":"https:\/\/agora.xtec.cat\/iesmallafre\/wp-json\/wp\/v2\/media?parent=22955"}],"wp:term":[{"taxonomy":"category","embeddable":true,"href":"https:\/\/agora.xtec.cat\/iesmallafre\/wp-json\/wp\/v2\/categories?post=22955"},{"taxonomy":"post_tag","embeddable":true,"href":"https:\/\/agora.xtec.cat\/iesmallafre\/wp-json\/wp\/v2\/tags?post=22955"}],"curies":[{"name":"wp","href":"https:\/\/api.w.org\/{rel}","templated":true}]}}