{"id":22759,"date":"2023-06-06T08:46:54","date_gmt":"2023-06-06T06:46:54","guid":{"rendered":"https:\/\/agora.xtec.cat\/iesmallafre\/?p=22759"},"modified":"2023-06-06T08:48:39","modified_gmt":"2023-06-06T06:48:39","slug":"visita-dalex-cardona-al-mallafre","status":"publish","type":"post","link":"https:\/\/agora.xtec.cat\/iesmallafre\/general\/visita-dalex-cardona-al-mallafre\/","title":{"rendered":"Visita d&#8217;\u00c0lex Cardona al Mallafr\u00e8"},"content":{"rendered":"<p>OBRES I GRAVATS D\u2019ARMAND CARDONA: ART I COMPROM\u00cdS A L\u2019AULA.<\/p>\n<p>Amb el final de curs, la nova mat\u00e8ria de Projectes Art\u00edstics, de 1r Batxillerat d\u2019Arts, tamb\u00e9 va<br \/>\ntancant els seus cercles oberts durant l\u2019any: ens hem aproximat al descobriment d\u2019un artista<br \/>\nimportant, i avui l\u2019\u00c0lex Cardona, nebot del pintor Armand Cardona Torrandell , ha vingut a<br \/>\nl\u2019aula per fer-nos-el con\u00e8ixer millor i mostrar-nos de prop una selecci\u00f3 de les seves obres.<br \/>\nEns ha ofert una introducci\u00f3 breu a la semblan\u00e7a de l\u2019Armand: de l\u2019arribada de nen a Vilanova<br \/>\nd\u2019una fam\u00edlia humil de mestres, en la que la mare el va recolzar en la seva dedicaci\u00f3 i amb qui<br \/>\nestablir\u00e0 un fort vincle, amb el seu delit irrefrenable pel dibuix ja de ben menut, i amb diverses<br \/>\nsituacions de relacions que l\u2019acompanyaran en la seva joventut, amb parelles que sembla que<br \/>\nfuncionen per\u00f2 no perduren&#8230;<br \/>\nDe sempre amb un gran inter\u00e8s per les tem\u00e0tiques de fort comprom\u00eds social contra les<br \/>\ninjust\u00edcies i en favor dels miserables, amb la petjada de la historia que per biografia li toc\u00e0<br \/>\nviure i veure: la Guerra Civil, que enlla\u00e7ar\u00e0 amb la 2\u00aa Guerra Mundial; d\u2019aqu\u00ed sovint tem\u00e0tiques<br \/>\namb un cert contingut violent en la infantesa, fruit dels c\u00f2mics i el cinema d\u2019EE. UU del<br \/>\nmoment, i d\u2019ambients i trag\u00e8dies m\u00e9s endavant&#8230;<br \/>\nAltres \u2018aficions\u2019 seran el tabac, i sobretot la lectura i el teatre, que en la seva formaci\u00f3<br \/>\nautodidacta el va dur a assistir a un sol curs per aprendre pintura d\u2019escenografies i decorats:<br \/>\nall\u00e0 podr\u00e0 con\u00e8ixer a molts escriptors intel\u00b7lectuals i artistes del moment. Va arribar a fer-se un<br \/>\nlloc entre els artistes reconeguts del moment a base de treballar impulsivament, sense horaris,<br \/>\nen un \u2018caos ordenat\u2019, ben informat en temps dif\u00edcils de l\u2019art que es feia a altres pa\u00efsos. Ja amb<br \/>\nun cert prestigi i renom internacional, m\u00e9s endavant ser\u00e0 l\u2019alcohol el que no li deixar\u00e0 donar<br \/>\nun \u2018bon final\u2019 als seus dies.<br \/>\nLes tem\u00e0tiques s\u00f3n treballades en formes recurrents i agafades d\u2019aquella realitat propera a<br \/>\nl\u2019abast: al barri de Baix a mar (Barques, M\u00e0quines, Gats), la gent de carrer i els pescadors a<br \/>\ntavernes, (Testes, agrupacions de gent) i les condicions d\u2019opressi\u00f3 als barris obrers en<br \/>\ntraslladar-se a treballar a Barcelona (Num\u00e0ncies), dels exiliats i dels camps de concentraci\u00f3<br \/>\n(que ara en diem camps de refugiats, volent ignorar que s\u00f3n refugis en p\u00e8ssimes condicions), i<br \/>\nque mostren ser temes d\u2019unes preocupacions que encara avui s\u00f3n vigents.<br \/>\nJa ens vam fixar en ell els mesos de novembre a gener per la tem\u00e0tica de den\u00fancia i<br \/>\ncomprom\u00eds partint d\u2019un aiguafort de la col\u00b7lecci\u00f3 Gelonch- Viladegut, a la nostra proposta feta<br \/>\nper la commemoraci\u00f3 del Dia Internacional en record de les v\u00edctimes de l\u2019Holocaust.<br \/>\nTamb\u00e9 gr\u00e0cies a la generositat dels familiars de Cardona Torrandell i al conveni signat entre el<br \/>\nnostre Institut i el Museu V. Balaguer- al qual hem anat recentment en la visita als magatzems<br \/>\n\u2018Re.Org\u2019, i on ens van mostrar alguna de les \u2018pintes\u2019 amb obres de l\u2019Armand-, hem rebut moltes<br \/>\nde les obres inacabades de la seva gran producci\u00f3, donades als centres d\u2019art de VnG, com el<br \/>\nBatx d\u2019Arts Dolors Mallafr\u00e9, i a l\u2019EMAID, per con\u00e8ixer, difondre i intervenir sobre aquestes<br \/>\npeces.<br \/>\nAvui a m\u00e9s de la narraci\u00f3 d\u2019experi\u00e8ncies i records de l\u2019\u00c0lex, ens ha portat i hem vist al natural<br \/>\nuna edici\u00f3 dels gravats originals de la suite dedicats a Pol\u00f2nia- Vars\u00f2via i els camps de<br \/>\nconcentraci\u00f3. Hem pogut apreciar la pot\u00e8ncia de les imatges, la variaci\u00f3 de tonalitats i<br \/>\ncontrastos monocroms, la qualitat gr\u00e0fica, la calidesa i la pulcritud del gravat ben estampat, &#8230;<br \/>\nRealment una faceta poc estudiada, a la que va dedicar-s\u2019hi a la par final del seu art arribant a<br \/>\nanar a Su\u00efssa per aprendre\u2019n les t\u00e8cniques: Molt a redescobrir, MOLTES GR\u00c0CIES, \u00c0LEX!<\/p>\n<p><a href=\"https:\/\/agora.xtec.cat\/iesmallafre\/wp-content\/uploads\/usu105\/2023\/06\/ALEX-CARDONA-JUNY-2023-15bis-scaled.jpg\"><img loading=\"lazy\" decoding=\"async\" class=\"wp-image-22763 aligncenter\" src=\"https:\/\/agora.xtec.cat\/iesmallafre\/wp-content\/uploads\/usu105\/2023\/06\/ALEX-CARDONA-JUNY-2023-15bis-1024x576.jpg\" alt=\"\" width=\"501\" height=\"282\" srcset=\"https:\/\/agora.xtec.cat\/iesmallafre\/wp-content\/uploads\/usu105\/2023\/06\/ALEX-CARDONA-JUNY-2023-15bis-1024x576.jpg 1024w, https:\/\/agora.xtec.cat\/iesmallafre\/wp-content\/uploads\/usu105\/2023\/06\/ALEX-CARDONA-JUNY-2023-15bis-300x169.jpg 300w, https:\/\/agora.xtec.cat\/iesmallafre\/wp-content\/uploads\/usu105\/2023\/06\/ALEX-CARDONA-JUNY-2023-15bis-768x432.jpg 768w, https:\/\/agora.xtec.cat\/iesmallafre\/wp-content\/uploads\/usu105\/2023\/06\/ALEX-CARDONA-JUNY-2023-15bis-1536x864.jpg 1536w, https:\/\/agora.xtec.cat\/iesmallafre\/wp-content\/uploads\/usu105\/2023\/06\/ALEX-CARDONA-JUNY-2023-15bis-2048x1153.jpg 2048w\" sizes=\"auto, (max-width: 501px) 100vw, 501px\" \/><\/a><\/p>\n<p><a href=\"https:\/\/agora.xtec.cat\/iesmallafre\/wp-content\/uploads\/usu105\/2023\/06\/ALEX-CARDONA-JUNY-2023-12bis-scaled.jpg\"><img loading=\"lazy\" decoding=\"async\" class=\"wp-image-22762 aligncenter\" src=\"https:\/\/agora.xtec.cat\/iesmallafre\/wp-content\/uploads\/usu105\/2023\/06\/ALEX-CARDONA-JUNY-2023-12bis-1024x576.jpg\" alt=\"\" width=\"560\" height=\"315\" srcset=\"https:\/\/agora.xtec.cat\/iesmallafre\/wp-content\/uploads\/usu105\/2023\/06\/ALEX-CARDONA-JUNY-2023-12bis-1024x576.jpg 1024w, https:\/\/agora.xtec.cat\/iesmallafre\/wp-content\/uploads\/usu105\/2023\/06\/ALEX-CARDONA-JUNY-2023-12bis-300x169.jpg 300w, https:\/\/agora.xtec.cat\/iesmallafre\/wp-content\/uploads\/usu105\/2023\/06\/ALEX-CARDONA-JUNY-2023-12bis-768x432.jpg 768w, https:\/\/agora.xtec.cat\/iesmallafre\/wp-content\/uploads\/usu105\/2023\/06\/ALEX-CARDONA-JUNY-2023-12bis-1536x864.jpg 1536w, https:\/\/agora.xtec.cat\/iesmallafre\/wp-content\/uploads\/usu105\/2023\/06\/ALEX-CARDONA-JUNY-2023-12bis-2048x1153.jpg 2048w\" sizes=\"auto, (max-width: 560px) 100vw, 560px\" \/><\/a><\/p>\n<p><a href=\"https:\/\/agora.xtec.cat\/iesmallafre\/wp-content\/uploads\/usu105\/2023\/06\/ALEX-CARDONA-JUNY-2023-01bis-scaled.jpg\"><img loading=\"lazy\" decoding=\"async\" class=\"wp-image-22760 aligncenter\" src=\"https:\/\/agora.xtec.cat\/iesmallafre\/wp-content\/uploads\/usu105\/2023\/06\/ALEX-CARDONA-JUNY-2023-01bis-1024x580.jpg\" alt=\"\" width=\"607\" height=\"344\" srcset=\"https:\/\/agora.xtec.cat\/iesmallafre\/wp-content\/uploads\/usu105\/2023\/06\/ALEX-CARDONA-JUNY-2023-01bis-1024x580.jpg 1024w, https:\/\/agora.xtec.cat\/iesmallafre\/wp-content\/uploads\/usu105\/2023\/06\/ALEX-CARDONA-JUNY-2023-01bis-300x170.jpg 300w, https:\/\/agora.xtec.cat\/iesmallafre\/wp-content\/uploads\/usu105\/2023\/06\/ALEX-CARDONA-JUNY-2023-01bis-768x435.jpg 768w, https:\/\/agora.xtec.cat\/iesmallafre\/wp-content\/uploads\/usu105\/2023\/06\/ALEX-CARDONA-JUNY-2023-01bis-1536x869.jpg 1536w, https:\/\/agora.xtec.cat\/iesmallafre\/wp-content\/uploads\/usu105\/2023\/06\/ALEX-CARDONA-JUNY-2023-01bis-2048x1159.jpg 2048w\" sizes=\"auto, (max-width: 607px) 100vw, 607px\" \/><\/a><\/p>\n<p>&nbsp;<\/p>\n<p>&nbsp;<\/p>\n<p>&nbsp;<\/p>\n<p>&nbsp;<\/p>\n","protected":false},"excerpt":{"rendered":"<p>OBRES I GRAVATS D\u2019ARMAND CARDONA: ART I COMPROM\u00cdS A L\u2019AULA.<br \/>\nAmb el final de curs, la nova mat\u00e8ria de Projectes Art\u00edstics, de 1r Batxillerat d\u2019Arts, tamb\u00e9 va<br \/>\ntancant els seus cercles oberts durant l\u2019any: ens hem aproximat al descobriment d\u2019un artista<br \/>\nimportant, i avui l\u2019\u00c0lex Cardona, nebot del&hellip;  <a href=\"https:\/\/agora.xtec.cat\/iesmallafre\/general\/visita-dalex-cardona-al-mallafre\/\" title=\"Read Visita d&#8217;\u00c0lex Cardona al Mallafr\u00e8\">Llegeix m\u00e9s\u00bb<\/a><\/p>\n","protected":false},"author":16,"featured_media":22764,"comment_status":"open","ping_status":"closed","sticky":false,"template":"","format":"standard","meta":{"_bbp_topic_count":0,"_bbp_reply_count":0,"_bbp_total_topic_count":0,"_bbp_total_reply_count":0,"_bbp_voice_count":0,"_bbp_anonymous_reply_count":0,"_bbp_topic_count_hidden":0,"_bbp_reply_count_hidden":0,"_bbp_forum_subforum_count":0,"footnotes":""},"categories":[8,1,29],"tags":[],"class_list":["post-22759","post","type-post","status-publish","format-standard","has-post-thumbnail","hentry","category-batxillerat","category-general","category-portada"],"post_mailing_queue_ids":[],"_links":{"self":[{"href":"https:\/\/agora.xtec.cat\/iesmallafre\/wp-json\/wp\/v2\/posts\/22759","targetHints":{"allow":["GET"]}}],"collection":[{"href":"https:\/\/agora.xtec.cat\/iesmallafre\/wp-json\/wp\/v2\/posts"}],"about":[{"href":"https:\/\/agora.xtec.cat\/iesmallafre\/wp-json\/wp\/v2\/types\/post"}],"author":[{"embeddable":true,"href":"https:\/\/agora.xtec.cat\/iesmallafre\/wp-json\/wp\/v2\/users\/16"}],"replies":[{"embeddable":true,"href":"https:\/\/agora.xtec.cat\/iesmallafre\/wp-json\/wp\/v2\/comments?post=22759"}],"version-history":[{"count":3,"href":"https:\/\/agora.xtec.cat\/iesmallafre\/wp-json\/wp\/v2\/posts\/22759\/revisions"}],"predecessor-version":[{"id":22767,"href":"https:\/\/agora.xtec.cat\/iesmallafre\/wp-json\/wp\/v2\/posts\/22759\/revisions\/22767"}],"wp:featuredmedia":[{"embeddable":true,"href":"https:\/\/agora.xtec.cat\/iesmallafre\/wp-json\/wp\/v2\/media\/22764"}],"wp:attachment":[{"href":"https:\/\/agora.xtec.cat\/iesmallafre\/wp-json\/wp\/v2\/media?parent=22759"}],"wp:term":[{"taxonomy":"category","embeddable":true,"href":"https:\/\/agora.xtec.cat\/iesmallafre\/wp-json\/wp\/v2\/categories?post=22759"},{"taxonomy":"post_tag","embeddable":true,"href":"https:\/\/agora.xtec.cat\/iesmallafre\/wp-json\/wp\/v2\/tags?post=22759"}],"curies":[{"name":"wp","href":"https:\/\/api.w.org\/{rel}","templated":true}]}}