{"id":22736,"date":"2023-06-05T08:54:06","date_gmt":"2023-06-05T06:54:06","guid":{"rendered":"https:\/\/agora.xtec.cat\/iesmallafre\/?p=22736"},"modified":"2023-06-05T08:59:26","modified_gmt":"2023-06-05T06:59:26","slug":"festa-per-una-societat-inclusiva","status":"publish","type":"post","link":"https:\/\/agora.xtec.cat\/iesmallafre\/general\/festa-per-una-societat-inclusiva\/","title":{"rendered":"Festa per una Societat Inclusiva al Garraf"},"content":{"rendered":"<p>El passat dissabte 3 de juny, alumnes de 4t van actuar a la Festa per una Societat Inclusiva que es va fer a l&#8217;IMET.<\/p>\n<p>La Festa vol contribuir a sensibilitzar sobre els beneficis que ens aporta a tots i a totes la inclusi\u00f3 social de les persones amb discapacitat, independentment de quina sigui la tipologia de la seva discapacitat i el seu grau d\u2019afectaci\u00f3.<\/p>\n<p>Les nostres alumnes van participar a l&#8217;espectacle SOMMIDANSA, realitzat en col\u00b7laboraci\u00f3 entre la Festa, el Festival de Dansa Contempor\u00e0nia VAIV\u00c9 i l&#8217;Institut Dolors Mallafr\u00e9.<\/p>\n<p>Van fer-ho molt b\u00e9, amb poc dies de preparaci\u00f3 i sota una pluja fina i tot!<\/p>\n<p><a href=\"https:\/\/agora.xtec.cat\/iesmallafre\/wp-content\/uploads\/usu105\/2023\/06\/WhatsApp-Image-2023-06-04-at-12.03.04.jpeg\"><img loading=\"lazy\" decoding=\"async\" class=\"alignnone size-large wp-image-22737\" src=\"https:\/\/agora.xtec.cat\/iesmallafre\/wp-content\/uploads\/usu105\/2023\/06\/WhatsApp-Image-2023-06-04-at-12.03.04-1024x553.jpeg\" alt=\"\" width=\"1024\" height=\"553\" srcset=\"https:\/\/agora.xtec.cat\/iesmallafre\/wp-content\/uploads\/usu105\/2023\/06\/WhatsApp-Image-2023-06-04-at-12.03.04-1024x553.jpeg 1024w, https:\/\/agora.xtec.cat\/iesmallafre\/wp-content\/uploads\/usu105\/2023\/06\/WhatsApp-Image-2023-06-04-at-12.03.04-300x162.jpeg 300w, https:\/\/agora.xtec.cat\/iesmallafre\/wp-content\/uploads\/usu105\/2023\/06\/WhatsApp-Image-2023-06-04-at-12.03.04-768x415.jpeg 768w, https:\/\/agora.xtec.cat\/iesmallafre\/wp-content\/uploads\/usu105\/2023\/06\/WhatsApp-Image-2023-06-04-at-12.03.04.jpeg 1170w\" sizes=\"auto, (max-width: 1024px) 100vw, 1024px\" \/><\/a><\/p>\n<p>&nbsp;<\/p>\n<p>&nbsp;<\/p>\n","protected":false},"excerpt":{"rendered":"<p>El passat dissabte 3 de juny, alumnes de 4t van actuar a la Festa per una Societat Inclusiva que es va fer a l&#8217;IMET.<br \/>\nLa Festa vol contribuir a sensibilitzar sobre els beneficis que ens aporta a tots i a totes la inclusi\u00f3 social de les&hellip;  <a href=\"https:\/\/agora.xtec.cat\/iesmallafre\/general\/festa-per-una-societat-inclusiva\/\" title=\"Read Festa per una Societat Inclusiva al Garraf\">Llegeix m\u00e9s\u00bb<\/a><\/p>\n","protected":false},"author":16,"featured_media":22743,"comment_status":"open","ping_status":"closed","sticky":false,"template":"","format":"standard","meta":{"_bbp_topic_count":0,"_bbp_reply_count":0,"_bbp_total_topic_count":0,"_bbp_total_reply_count":0,"_bbp_voice_count":0,"_bbp_anonymous_reply_count":0,"_bbp_topic_count_hidden":0,"_bbp_reply_count_hidden":0,"_bbp_forum_subforum_count":0,"footnotes":""},"categories":[3,7,1,29],"tags":[],"class_list":["post-22736","post","type-post","status-publish","format-standard","has-post-thumbnail","hentry","category-eso","category-eso-4","category-general","category-portada"],"post_mailing_queue_ids":[],"_links":{"self":[{"href":"https:\/\/agora.xtec.cat\/iesmallafre\/wp-json\/wp\/v2\/posts\/22736","targetHints":{"allow":["GET"]}}],"collection":[{"href":"https:\/\/agora.xtec.cat\/iesmallafre\/wp-json\/wp\/v2\/posts"}],"about":[{"href":"https:\/\/agora.xtec.cat\/iesmallafre\/wp-json\/wp\/v2\/types\/post"}],"author":[{"embeddable":true,"href":"https:\/\/agora.xtec.cat\/iesmallafre\/wp-json\/wp\/v2\/users\/16"}],"replies":[{"embeddable":true,"href":"https:\/\/agora.xtec.cat\/iesmallafre\/wp-json\/wp\/v2\/comments?post=22736"}],"version-history":[{"count":3,"href":"https:\/\/agora.xtec.cat\/iesmallafre\/wp-json\/wp\/v2\/posts\/22736\/revisions"}],"predecessor-version":[{"id":22746,"href":"https:\/\/agora.xtec.cat\/iesmallafre\/wp-json\/wp\/v2\/posts\/22736\/revisions\/22746"}],"wp:featuredmedia":[{"embeddable":true,"href":"https:\/\/agora.xtec.cat\/iesmallafre\/wp-json\/wp\/v2\/media\/22743"}],"wp:attachment":[{"href":"https:\/\/agora.xtec.cat\/iesmallafre\/wp-json\/wp\/v2\/media?parent=22736"}],"wp:term":[{"taxonomy":"category","embeddable":true,"href":"https:\/\/agora.xtec.cat\/iesmallafre\/wp-json\/wp\/v2\/categories?post=22736"},{"taxonomy":"post_tag","embeddable":true,"href":"https:\/\/agora.xtec.cat\/iesmallafre\/wp-json\/wp\/v2\/tags?post=22736"}],"curies":[{"name":"wp","href":"https:\/\/api.w.org\/{rel}","templated":true}]}}