{"id":22711,"date":"2023-05-24T13:25:10","date_gmt":"2023-05-24T11:25:10","guid":{"rendered":"https:\/\/agora.xtec.cat\/iesmallafre\/?p=22711"},"modified":"2023-05-24T13:25:37","modified_gmt":"2023-05-24T11:25:37","slug":"premiats-a-les-proves-cangur-2023","status":"publish","type":"post","link":"https:\/\/agora.xtec.cat\/iesmallafre\/general\/premiats-a-les-proves-cangur-2023\/","title":{"rendered":"Premiats a les proves Cangur 2023"},"content":{"rendered":"<p>Ahir 23 de maig es va celebrar l&#8217;acte de premis de les proves Cangur 2023, en una jornada festiva al Palau de Congressos de la Fira de Barcelona, a Montju\u00efc.<\/p>\n<p>A l&#8217;acte, on va compar\u00e8ixer el conseller d&#8217;Educaci\u00f3 Josep Gonz\u00e0lez-Cambray, es va fer l&#8217;entrega dels premis atorgats per la Societat Catalana de Matem\u00e0tiques (SCM). Va ser un honor per a nosaltres acompanyar al Mykhailo Roshchupkin, alumne de 4t d&#8217;ESO del nostre institut, que va quedar 4t a la seva categoria.<\/p>\n<p>Felicitem al guanyador pel seu esfor\u00e7 i el seu premi!!<\/p>\n<p>A m\u00e9s dels premis de cada nivell, fins a l&#8217;1% de participants amb millors puntuacions rebran un diploma de menci\u00f3 honor\u00edfica. Dins de l&#8217;1% de participants amb les millor puntuacions, tenim a l&#8217;Elisa Cunillera, de 4tC, guanyadora de les proves Cangur en edicions anteriors.<\/p>\n<p>Moltes felicitats a ella tamb\u00e9!!<\/p>\n<p>L&#8217;obsequi que la SCM ofereix com a premi de la prova Cangur 2023 \u00e9s l&#8217;assist\u00e8ncia gratu\u00efta al Campus-Cangur, que es realitzar\u00e0 a finals de les vacances escolars amb l&#8217;organitzaci\u00f3 de eXpl\u00f2rium, serveis educatius.<\/p>\n<p><a href=\"https:\/\/agora.xtec.cat\/iesmallafre\/wp-content\/uploads\/usu105\/2023\/05\/IMG_0138.jpg\"><img loading=\"lazy\" decoding=\"async\" class=\"wp-image-22712 aligncenter\" src=\"https:\/\/agora.xtec.cat\/iesmallafre\/wp-content\/uploads\/usu105\/2023\/05\/IMG_0138-1024x768.jpg\" alt=\"\" width=\"550\" height=\"413\" srcset=\"https:\/\/agora.xtec.cat\/iesmallafre\/wp-content\/uploads\/usu105\/2023\/05\/IMG_0138-1024x768.jpg 1024w, https:\/\/agora.xtec.cat\/iesmallafre\/wp-content\/uploads\/usu105\/2023\/05\/IMG_0138-300x225.jpg 300w, https:\/\/agora.xtec.cat\/iesmallafre\/wp-content\/uploads\/usu105\/2023\/05\/IMG_0138-768x576.jpg 768w, https:\/\/agora.xtec.cat\/iesmallafre\/wp-content\/uploads\/usu105\/2023\/05\/IMG_0138-1536x1152.jpg 1536w, https:\/\/agora.xtec.cat\/iesmallafre\/wp-content\/uploads\/usu105\/2023\/05\/IMG_0138-200x150.jpg 200w, https:\/\/agora.xtec.cat\/iesmallafre\/wp-content\/uploads\/usu105\/2023\/05\/IMG_0138.jpg 2016w\" sizes=\"auto, (max-width: 550px) 100vw, 550px\" \/><\/a><\/p>\n<p><a href=\"https:\/\/agora.xtec.cat\/iesmallafre\/wp-content\/uploads\/usu105\/2023\/05\/IMG_0143.jpg\"><img loading=\"lazy\" decoding=\"async\" class=\"wp-image-22713 aligncenter\" src=\"https:\/\/agora.xtec.cat\/iesmallafre\/wp-content\/uploads\/usu105\/2023\/05\/IMG_0143-1024x768.jpg\" alt=\"\" width=\"587\" height=\"440\" srcset=\"https:\/\/agora.xtec.cat\/iesmallafre\/wp-content\/uploads\/usu105\/2023\/05\/IMG_0143-1024x768.jpg 1024w, https:\/\/agora.xtec.cat\/iesmallafre\/wp-content\/uploads\/usu105\/2023\/05\/IMG_0143-300x225.jpg 300w, https:\/\/agora.xtec.cat\/iesmallafre\/wp-content\/uploads\/usu105\/2023\/05\/IMG_0143-768x576.jpg 768w, https:\/\/agora.xtec.cat\/iesmallafre\/wp-content\/uploads\/usu105\/2023\/05\/IMG_0143-1536x1152.jpg 1536w, https:\/\/agora.xtec.cat\/iesmallafre\/wp-content\/uploads\/usu105\/2023\/05\/IMG_0143-200x150.jpg 200w, https:\/\/agora.xtec.cat\/iesmallafre\/wp-content\/uploads\/usu105\/2023\/05\/IMG_0143.jpg 2016w\" sizes=\"auto, (max-width: 587px) 100vw, 587px\" \/><\/a><\/p>\n<p>&nbsp;<\/p>\n<p><a href=\"https:\/\/agora.xtec.cat\/iesmallafre\/wp-content\/uploads\/usu105\/2023\/05\/IMG_0148.jpg\"><img loading=\"lazy\" decoding=\"async\" class=\"wp-image-22714 aligncenter\" src=\"https:\/\/agora.xtec.cat\/iesmallafre\/wp-content\/uploads\/usu105\/2023\/05\/IMG_0148-1024x768.jpg\" alt=\"\" width=\"592\" height=\"444\" srcset=\"https:\/\/agora.xtec.cat\/iesmallafre\/wp-content\/uploads\/usu105\/2023\/05\/IMG_0148-1024x768.jpg 1024w, https:\/\/agora.xtec.cat\/iesmallafre\/wp-content\/uploads\/usu105\/2023\/05\/IMG_0148-300x225.jpg 300w, https:\/\/agora.xtec.cat\/iesmallafre\/wp-content\/uploads\/usu105\/2023\/05\/IMG_0148-768x576.jpg 768w, https:\/\/agora.xtec.cat\/iesmallafre\/wp-content\/uploads\/usu105\/2023\/05\/IMG_0148-1536x1152.jpg 1536w, https:\/\/agora.xtec.cat\/iesmallafre\/wp-content\/uploads\/usu105\/2023\/05\/IMG_0148-200x150.jpg 200w, https:\/\/agora.xtec.cat\/iesmallafre\/wp-content\/uploads\/usu105\/2023\/05\/IMG_0148.jpg 2016w\" sizes=\"auto, (max-width: 592px) 100vw, 592px\" \/><\/a><\/p>\n","protected":false},"excerpt":{"rendered":"<p>Ahir 23 de maig es va celebrar l&#8217;acte de premis de les proves Cangur 2023, en una jornada festiva al Palau de Congressos de la Fira de Barcelona, a Montju\u00efc.<br \/>\nA l&#8217;acte, on va compar\u00e8ixer el conseller d&#8217;Educaci\u00f3 Josep Gonz\u00e0lez-Cambray, es va fer l&#8217;entrega dels premis&hellip;  <a href=\"https:\/\/agora.xtec.cat\/iesmallafre\/general\/premiats-a-les-proves-cangur-2023\/\" title=\"Read Premiats a les proves Cangur 2023\">Llegeix m\u00e9s\u00bb<\/a><\/p>\n","protected":false},"author":16,"featured_media":22715,"comment_status":"open","ping_status":"closed","sticky":false,"template":"","format":"standard","meta":{"_bbp_topic_count":0,"_bbp_reply_count":0,"_bbp_total_topic_count":0,"_bbp_total_reply_count":0,"_bbp_voice_count":0,"_bbp_anonymous_reply_count":0,"_bbp_topic_count_hidden":0,"_bbp_reply_count_hidden":0,"_bbp_forum_subforum_count":0,"footnotes":""},"categories":[3,7,1,29],"tags":[],"class_list":["post-22711","post","type-post","status-publish","format-standard","has-post-thumbnail","hentry","category-eso","category-eso-4","category-general","category-portada"],"post_mailing_queue_ids":[],"_links":{"self":[{"href":"https:\/\/agora.xtec.cat\/iesmallafre\/wp-json\/wp\/v2\/posts\/22711","targetHints":{"allow":["GET"]}}],"collection":[{"href":"https:\/\/agora.xtec.cat\/iesmallafre\/wp-json\/wp\/v2\/posts"}],"about":[{"href":"https:\/\/agora.xtec.cat\/iesmallafre\/wp-json\/wp\/v2\/types\/post"}],"author":[{"embeddable":true,"href":"https:\/\/agora.xtec.cat\/iesmallafre\/wp-json\/wp\/v2\/users\/16"}],"replies":[{"embeddable":true,"href":"https:\/\/agora.xtec.cat\/iesmallafre\/wp-json\/wp\/v2\/comments?post=22711"}],"version-history":[{"count":2,"href":"https:\/\/agora.xtec.cat\/iesmallafre\/wp-json\/wp\/v2\/posts\/22711\/revisions"}],"predecessor-version":[{"id":22717,"href":"https:\/\/agora.xtec.cat\/iesmallafre\/wp-json\/wp\/v2\/posts\/22711\/revisions\/22717"}],"wp:featuredmedia":[{"embeddable":true,"href":"https:\/\/agora.xtec.cat\/iesmallafre\/wp-json\/wp\/v2\/media\/22715"}],"wp:attachment":[{"href":"https:\/\/agora.xtec.cat\/iesmallafre\/wp-json\/wp\/v2\/media?parent=22711"}],"wp:term":[{"taxonomy":"category","embeddable":true,"href":"https:\/\/agora.xtec.cat\/iesmallafre\/wp-json\/wp\/v2\/categories?post=22711"},{"taxonomy":"post_tag","embeddable":true,"href":"https:\/\/agora.xtec.cat\/iesmallafre\/wp-json\/wp\/v2\/tags?post=22711"}],"curies":[{"name":"wp","href":"https:\/\/api.w.org\/{rel}","templated":true}]}}