{"id":22689,"date":"2023-05-23T11:26:38","date_gmt":"2023-05-23T09:26:38","guid":{"rendered":"https:\/\/agora.xtec.cat\/iesmallafre\/?p=22689"},"modified":"2023-05-23T11:26:38","modified_gmt":"2023-05-23T09:26:38","slug":"batalla-de-lebre-visita-4t-deso","status":"publish","type":"post","link":"https:\/\/agora.xtec.cat\/iesmallafre\/eso\/batalla-de-lebre-visita-4t-deso\/","title":{"rendered":"Batalla de l&#8217;Ebre &#8211; Visita 4t d&#8217;ESO"},"content":{"rendered":"<p>El passat 10 de maig, l&#8217;alumnat de 4t ESO van visitar els espais on va tenir lloc la batalla de l&#8217;Ebre durant la Guerra Civil Espanyola. Vam visitar el poble vell de Corbera d&#8217;Ebre, les trinxeres de les Devees, el Memorial de Les Camposines i al Museu Memorial de la batalla de l&#8217;Ebre.<br \/>\nVeure un escenari de guerra i les afectacions cap a la poblaci\u00f3 civil ens ha fet entendre que aquests llocs s&#8217;han de con\u00e8ixer i preservar com espais hist\u00f2rics per treballar la cultura de la pau i no repetir els errors del passat.<\/p>\n<p><a href=\"https:\/\/agora.xtec.cat\/iesmallafre\/wp-content\/uploads\/usu105\/2023\/05\/IMG_20230510_105748_HDR-scaled.jpg\"><img loading=\"lazy\" decoding=\"async\" class=\"wp-image-22692 aligncenter\" src=\"https:\/\/agora.xtec.cat\/iesmallafre\/wp-content\/uploads\/usu105\/2023\/05\/IMG_20230510_105748_HDR-1024x576.jpg\" alt=\"\" width=\"549\" height=\"309\" srcset=\"https:\/\/agora.xtec.cat\/iesmallafre\/wp-content\/uploads\/usu105\/2023\/05\/IMG_20230510_105748_HDR-1024x576.jpg 1024w, https:\/\/agora.xtec.cat\/iesmallafre\/wp-content\/uploads\/usu105\/2023\/05\/IMG_20230510_105748_HDR-300x169.jpg 300w, https:\/\/agora.xtec.cat\/iesmallafre\/wp-content\/uploads\/usu105\/2023\/05\/IMG_20230510_105748_HDR-768x432.jpg 768w, https:\/\/agora.xtec.cat\/iesmallafre\/wp-content\/uploads\/usu105\/2023\/05\/IMG_20230510_105748_HDR-1536x864.jpg 1536w, https:\/\/agora.xtec.cat\/iesmallafre\/wp-content\/uploads\/usu105\/2023\/05\/IMG_20230510_105748_HDR-2048x1152.jpg 2048w\" sizes=\"auto, (max-width: 549px) 100vw, 549px\" \/><\/a><\/p>\n<p><a href=\"https:\/\/agora.xtec.cat\/iesmallafre\/wp-content\/uploads\/usu105\/2023\/05\/IMG_20230510_105852_HDR-scaled.jpg\"><img loading=\"lazy\" decoding=\"async\" class=\" wp-image-22693 aligncenter\" src=\"https:\/\/agora.xtec.cat\/iesmallafre\/wp-content\/uploads\/usu105\/2023\/05\/IMG_20230510_105852_HDR-576x1024.jpg\" alt=\"\" width=\"552\" height=\"981\" srcset=\"https:\/\/agora.xtec.cat\/iesmallafre\/wp-content\/uploads\/usu105\/2023\/05\/IMG_20230510_105852_HDR-576x1024.jpg 576w, https:\/\/agora.xtec.cat\/iesmallafre\/wp-content\/uploads\/usu105\/2023\/05\/IMG_20230510_105852_HDR-169x300.jpg 169w, https:\/\/agora.xtec.cat\/iesmallafre\/wp-content\/uploads\/usu105\/2023\/05\/IMG_20230510_105852_HDR-768x1365.jpg 768w, https:\/\/agora.xtec.cat\/iesmallafre\/wp-content\/uploads\/usu105\/2023\/05\/IMG_20230510_105852_HDR-864x1536.jpg 864w, https:\/\/agora.xtec.cat\/iesmallafre\/wp-content\/uploads\/usu105\/2023\/05\/IMG_20230510_105852_HDR-1152x2048.jpg 1152w, https:\/\/agora.xtec.cat\/iesmallafre\/wp-content\/uploads\/usu105\/2023\/05\/IMG_20230510_105852_HDR-scaled.jpg 1440w\" sizes=\"auto, (max-width: 552px) 100vw, 552px\" \/><\/a><\/p>\n<p><a href=\"https:\/\/agora.xtec.cat\/iesmallafre\/wp-content\/uploads\/usu105\/2023\/05\/IMG_20230510_124805_HDR-scaled.jpg\"><img loading=\"lazy\" decoding=\"async\" class=\"size-large wp-image-22691 aligncenter\" src=\"https:\/\/agora.xtec.cat\/iesmallafre\/wp-content\/uploads\/usu105\/2023\/05\/IMG_20230510_124805_HDR-576x1024.jpg\" alt=\"\" width=\"576\" height=\"1024\" srcset=\"https:\/\/agora.xtec.cat\/iesmallafre\/wp-content\/uploads\/usu105\/2023\/05\/IMG_20230510_124805_HDR-576x1024.jpg 576w, https:\/\/agora.xtec.cat\/iesmallafre\/wp-content\/uploads\/usu105\/2023\/05\/IMG_20230510_124805_HDR-169x300.jpg 169w, https:\/\/agora.xtec.cat\/iesmallafre\/wp-content\/uploads\/usu105\/2023\/05\/IMG_20230510_124805_HDR-768x1365.jpg 768w, https:\/\/agora.xtec.cat\/iesmallafre\/wp-content\/uploads\/usu105\/2023\/05\/IMG_20230510_124805_HDR-864x1536.jpg 864w, https:\/\/agora.xtec.cat\/iesmallafre\/wp-content\/uploads\/usu105\/2023\/05\/IMG_20230510_124805_HDR-1152x2048.jpg 1152w, https:\/\/agora.xtec.cat\/iesmallafre\/wp-content\/uploads\/usu105\/2023\/05\/IMG_20230510_124805_HDR-scaled.jpg 1440w\" sizes=\"auto, (max-width: 576px) 100vw, 576px\" \/><\/a><\/p>\n","protected":false},"excerpt":{"rendered":"<p>El passat 10 de maig, l&#8217;alumnat de 4t ESO van visitar els espais on va tenir lloc la batalla de l&#8217;Ebre durant la Guerra Civil Espanyola. Vam visitar el poble vell de Corbera d&#8217;Ebre, les trinxeres de les Devees, el Memorial de Les Camposines i&hellip;  <a href=\"https:\/\/agora.xtec.cat\/iesmallafre\/eso\/batalla-de-lebre-visita-4t-deso\/\" title=\"Read Batalla de l&#8217;Ebre &#8211; Visita 4t d&#8217;ESO\">Llegeix m\u00e9s\u00bb<\/a><\/p>\n","protected":false},"author":16,"featured_media":22690,"comment_status":"open","ping_status":"closed","sticky":false,"template":"","format":"standard","meta":{"_bbp_topic_count":0,"_bbp_reply_count":0,"_bbp_total_topic_count":0,"_bbp_total_reply_count":0,"_bbp_voice_count":0,"_bbp_anonymous_reply_count":0,"_bbp_topic_count_hidden":0,"_bbp_reply_count_hidden":0,"_bbp_forum_subforum_count":0,"footnotes":""},"categories":[3,7,29],"tags":[],"class_list":["post-22689","post","type-post","status-publish","format-standard","has-post-thumbnail","hentry","category-eso","category-eso-4","category-portada"],"post_mailing_queue_ids":[],"_links":{"self":[{"href":"https:\/\/agora.xtec.cat\/iesmallafre\/wp-json\/wp\/v2\/posts\/22689","targetHints":{"allow":["GET"]}}],"collection":[{"href":"https:\/\/agora.xtec.cat\/iesmallafre\/wp-json\/wp\/v2\/posts"}],"about":[{"href":"https:\/\/agora.xtec.cat\/iesmallafre\/wp-json\/wp\/v2\/types\/post"}],"author":[{"embeddable":true,"href":"https:\/\/agora.xtec.cat\/iesmallafre\/wp-json\/wp\/v2\/users\/16"}],"replies":[{"embeddable":true,"href":"https:\/\/agora.xtec.cat\/iesmallafre\/wp-json\/wp\/v2\/comments?post=22689"}],"version-history":[{"count":2,"href":"https:\/\/agora.xtec.cat\/iesmallafre\/wp-json\/wp\/v2\/posts\/22689\/revisions"}],"predecessor-version":[{"id":22695,"href":"https:\/\/agora.xtec.cat\/iesmallafre\/wp-json\/wp\/v2\/posts\/22689\/revisions\/22695"}],"wp:featuredmedia":[{"embeddable":true,"href":"https:\/\/agora.xtec.cat\/iesmallafre\/wp-json\/wp\/v2\/media\/22690"}],"wp:attachment":[{"href":"https:\/\/agora.xtec.cat\/iesmallafre\/wp-json\/wp\/v2\/media?parent=22689"}],"wp:term":[{"taxonomy":"category","embeddable":true,"href":"https:\/\/agora.xtec.cat\/iesmallafre\/wp-json\/wp\/v2\/categories?post=22689"},{"taxonomy":"post_tag","embeddable":true,"href":"https:\/\/agora.xtec.cat\/iesmallafre\/wp-json\/wp\/v2\/tags?post=22689"}],"curies":[{"name":"wp","href":"https:\/\/api.w.org\/{rel}","templated":true}]}}